{"id":100,"date":"2012-03-16T11:32:28","date_gmt":"2012-03-16T11:32:28","guid":{"rendered":"http:\/\/www.uhu.es\/biblioteca\/blog\/?p=100"},"modified":"2012-10-01T11:34:07","modified_gmt":"2012-10-01T11:34:07","slug":"proyecto-puente-de-la-biblioteca-escolar-a-la-biblioteca-universitaria","status":"publish","type":"post","link":"https:\/\/www.uhu.es\/biblioteca\/labuhardilla\/?p=100","title":{"rendered":"Proyecto Puente: de la biblioteca escolar a la biblioteca universitaria"},"content":{"rendered":"<p><a href=\"http:\/\/www.uhu.es\/biblioteca\/blog\/wp-content\/uploads\/2012\/03\/Alfared.jpg\" rel='prettyPhoto[gallery1]'><img loading=\"lazy\" class=\"alignleft size-thumbnail wp-image-318\" title=\"Alfared\" src=\"http:\/\/www.uhu.es\/biblioteca\/blog\/wp-content\/uploads\/2012\/03\/Alfared-150x150.jpg\" alt=\"\" width=\"150\" height=\"150\" \/><\/a>El <a href=\"http:\/\/www.alfared.org\/ficha_buenas_practicas_bu\/1366\" target=\"_blank\">Proyecto Puente: de la Biblioteca Escolar a la Biblioteca Universitaria<\/a> ha sido inclu\u00eddo en el apartado de Buenas pr\u00e1cticas de ALFARED. Alfared es un foro de apoyo e impulso de la alfabetizaci\u00f3n informacional, promovido por el Ministerio de Educaci\u00f3n, Cultura y Deporte, a trav\u00e9s de la Secretar\u00eda de Cultura.<\/p>\n<p>La <a href=\"..\/..\/..\/..\/..\/..\/\">Biblioteca Universitaria de Huelva<\/a> puso en marcha una actividad de alfabetizaci\u00f3n informacional denominada \u201cProyecto Puente: de la biblioteca escolar a la biblioteca universitaria\u201d en el curso 2010-2011.<\/p>\n<p>El objetivo principal es proporcionar un primer contacto del alumnado con la Biblioteca y con la Universidad.<\/p>\n<p>El contenido versa sobre la utilizaci\u00f3n del cat\u00e1logo de la Biblioteca a trav\u00e9s de Internet y la b\u00fasqueda de informaci\u00f3n fiable en la red. Asimismo, se dan pautas para citar convenientemente fuentes de informaci\u00f3n y para realizar los primeros trabajos de investigaci\u00f3n.<\/p>\n<p>La experiencia se lleva a cabo en Institutos de Educaci\u00f3n Secundaria, por el momento est\u00e1 dirigida al alumnado de primer curso de bachillerato. La actividad adopta forma de taller y tiene una duraci\u00f3n que oscila entre 6 y 10 horas presenciales.<\/p>\n<p>El proyecto ha sido desarrollado por algunos de los bibliotecarios que forman parte del Grupo de Formadores de la Biblioteca Universitaria de Huelva. Los bibliotecarios organizan la actividad en la sede del Instituto de Secundaria y en colaboraci\u00f3n con el equipo docente del centro, con especial vinculaci\u00f3n a los docentes responsables de la biblioteca escolar.<\/p>\n<p>Para m\u00e1s informaci\u00f3n:<\/p>\n<p>Jos\u00e9 Carlos Morillo Moreno<\/p>\n<p>Lourdes Moyar Godino<\/p>\n<p><a href=\"mailto:jcarlos.morillo@biblio.uhu.es\"><strong>jcarlos.morillo@biblio.uhu.es<\/strong><\/a><\/p>\n<p>lourdes.moyar@biblio.uhu.es<\/p>\n","protected":false},"excerpt":{"rendered":"<p>El Proyecto Puente: de la Biblioteca Escolar a la Biblioteca Universitaria ha sido inclu\u00eddo en el apartado de Buenas pr\u00e1cticas de ALFARED. Alfared es un foro de apoyo e impulso de la alfabetizaci\u00f3n informacional, promovido por el Ministerio de Educaci\u00f3n, Cultura y Deporte, a trav\u00e9s de la Secretar\u00eda de Cultura. La Biblioteca Universitaria de Huelva&nbsp;<span class=\"excerpt_more\"><a href=\"https:\/\/www.uhu.es\/biblioteca\/labuhardilla\/?p=100\">[Seguir leyendo&#8230;]<\/a><\/span><\/p>\n","protected":false},"author":1,"featured_media":0,"comment_status":"open","ping_status":"open","sticky":false,"template":"","format":"standard","meta":{"_s2mail":"yes"},"categories":[3,6],"tags":[38,26,33,19],"_links":{"self":[{"href":"https:\/\/www.uhu.es\/biblioteca\/labuhardilla\/index.php?rest_route=\/wp\/v2\/posts\/100"}],"collection":[{"href":"https:\/\/www.uhu.es\/biblioteca\/labuhardilla\/index.php?rest_route=\/wp\/v2\/posts"}],"about":[{"href":"https:\/\/www.uhu.es\/biblioteca\/labuhardilla\/index.php?rest_route=\/wp\/v2\/types\/post"}],"author":[{"embeddable":true,"href":"https:\/\/www.uhu.es\/biblioteca\/labuhardilla\/index.php?rest_route=\/wp\/v2\/users\/1"}],"replies":[{"embeddable":true,"href":"https:\/\/www.uhu.es\/biblioteca\/labuhardilla\/index.php?rest_route=%2Fwp%2Fv2%2Fcomments&post=100"}],"version-history":[{"count":2,"href":"https:\/\/www.uhu.es\/biblioteca\/labuhardilla\/index.php?rest_route=\/wp\/v2\/posts\/100\/revisions"}],"predecessor-version":[{"id":102,"href":"https:\/\/www.uhu.es\/biblioteca\/labuhardilla\/index.php?rest_route=\/wp\/v2\/posts\/100\/revisions\/102"}],"wp:attachment":[{"href":"https:\/\/www.uhu.es\/biblioteca\/labuhardilla\/index.php?rest_route=%2Fwp%2Fv2%2Fmedia&parent=100"}],"wp:term":[{"taxonomy":"category","embeddable":true,"href":"https:\/\/www.uhu.es\/biblioteca\/labuhardilla\/index.php?rest_route=%2Fwp%2Fv2%2Fcategories&post=100"},{"taxonomy":"post_tag","embeddable":true,"href":"https:\/\/www.uhu.es\/biblioteca\/labuhardilla\/index.php?rest_route=%2Fwp%2Fv2%2Ftags&post=100"}],"curies":[{"name":"wp","href":"https:\/\/api.w.org\/{rel}","templated":true}]}}