{"id":109,"date":"2012-04-23T11:42:50","date_gmt":"2012-04-23T11:42:50","guid":{"rendered":"http:\/\/www.uhu.es\/biblioteca\/blog\/?p=109"},"modified":"2012-10-01T11:43:37","modified_gmt":"2012-10-01T11:43:37","slug":"mostrad-vuestra-ciencia-para-que-se-vea-quien-es-el-que-sabe-ibn-hazm","status":"publish","type":"post","link":"https:\/\/www.uhu.es\/biblioteca\/labuhardilla\/?p=109","title":{"rendered":"\u201cMostrad vuestra ciencia para que se vea qui\u00e9n es el que sabe\u201d. Ibn Hazm"},"content":{"rendered":"<p><a href=\"http:\/\/www.uhu.es\/biblioteca\/blog\/wp-content\/uploads\/2012\/04\/Ibn-Kazm.jpg\" rel='prettyPhoto[gallery1]'><img loading=\"lazy\" class=\"alignleft size-full wp-image-364\" title=\"Ibn Hazm\" src=\"http:\/\/www.uhu.es\/biblioteca\/blog\/wp-content\/uploads\/2012\/04\/Ibn-Kazm.jpg\" alt=\"\" width=\"470\" height=\"210\" \/><\/a>Hace unos d\u00edas, el Consejo de Gobierno de la Universidad de Huelva aprob\u00f3 dar a la Biblioteca el nombre de &#8220;Biblioteca Universitaria de Huelva Ibn Hazm&#8221;, en homenaje a uno de los escritores isl\u00e1micos m\u00e1s importantes de todos los tiempos. De familia de Huelva y autor universalmente reconocido del c\u00e9lebre tratado &#8220;El collar de la paloma&#8221;. Ibn Hazm muri\u00f3 en Huelva en 1064 y est\u00e1 enterrado en las inmediaciones de la hacienda de Montijas, no lejos del Campus de El Carmen.<\/p>\n<p>Hoy se celebra el D\u00eda Mundial del Libro, por ello no queremos dejar de recordar un tr\u00e1gico episodio de la vida de Ibn Hazm, la c\u00e9lebre quema p\u00fablica de sus libros en Sevilla, acontecimiento que le inspir\u00f3 este conocido poema:<\/p>\n<p style=\"text-align: center;\" dir=\"ltr\">&#8220;Dejad de prender fuego a pergaminos y papeles,<\/p>\n<p style=\"text-align: center;\" dir=\"ltr\">y mostrad vuestra ciencia para que se vea quien es el que sabe.<\/p>\n<p style=\"text-align: center;\" dir=\"ltr\">Y es que aunque quem\u00e9is el papel<\/p>\n<p style=\"text-align: center;\" dir=\"ltr\">nunca quemar\u00e9is lo que contiene,<\/p>\n<p style=\"text-align: center;\" dir=\"ltr\">puesto que en mi interior lo llevo,<\/p>\n<p style=\"text-align: center;\" dir=\"ltr\">viaja siempre conmigo cuando cabalgo,<\/p>\n<p style=\"text-align: center;\" dir=\"ltr\">conmigo duerme cuando descanso,<\/p>\n<p style=\"text-align: center;\" dir=\"ltr\">y en mi tumba ser\u00e1 enterrado luego&#8221;<\/p>\n<p>Pod\u00e9is consultar m\u00e1s sobre este autor en nuestra <a title=\"biblioteca\" href=\"http:\/\/columbus.uhu.es\/search*spi\/Y?SEARCH=ibn+hazm&amp;SORT=D&amp;searchscope=1&amp;submit=Enviar\" target=\"_blank\">biblioteca <\/a><\/p>\n","protected":false},"excerpt":{"rendered":"<p>Hace unos d\u00edas, el Consejo de Gobierno de la Universidad de Huelva aprob\u00f3 dar a la Biblioteca el nombre de &#8220;Biblioteca Universitaria de Huelva Ibn Hazm&#8221;, en homenaje a uno de los escritores isl\u00e1micos m\u00e1s importantes de todos los tiempos. De familia de Huelva y autor universalmente reconocido del c\u00e9lebre tratado &#8220;El collar de la&nbsp;<span class=\"excerpt_more\"><a href=\"https:\/\/www.uhu.es\/biblioteca\/labuhardilla\/?p=109\">[Seguir leyendo&#8230;]<\/a><\/span><\/p>\n","protected":false},"author":1,"featured_media":0,"comment_status":"open","ping_status":"open","sticky":false,"template":"","format":"standard","meta":{"_s2mail":"yes"},"categories":[6,5],"tags":[33,46],"_links":{"self":[{"href":"https:\/\/www.uhu.es\/biblioteca\/labuhardilla\/index.php?rest_route=\/wp\/v2\/posts\/109"}],"collection":[{"href":"https:\/\/www.uhu.es\/biblioteca\/labuhardilla\/index.php?rest_route=\/wp\/v2\/posts"}],"about":[{"href":"https:\/\/www.uhu.es\/biblioteca\/labuhardilla\/index.php?rest_route=\/wp\/v2\/types\/post"}],"author":[{"embeddable":true,"href":"https:\/\/www.uhu.es\/biblioteca\/labuhardilla\/index.php?rest_route=\/wp\/v2\/users\/1"}],"replies":[{"embeddable":true,"href":"https:\/\/www.uhu.es\/biblioteca\/labuhardilla\/index.php?rest_route=%2Fwp%2Fv2%2Fcomments&post=109"}],"version-history":[{"count":1,"href":"https:\/\/www.uhu.es\/biblioteca\/labuhardilla\/index.php?rest_route=\/wp\/v2\/posts\/109\/revisions"}],"predecessor-version":[{"id":110,"href":"https:\/\/www.uhu.es\/biblioteca\/labuhardilla\/index.php?rest_route=\/wp\/v2\/posts\/109\/revisions\/110"}],"wp:attachment":[{"href":"https:\/\/www.uhu.es\/biblioteca\/labuhardilla\/index.php?rest_route=%2Fwp%2Fv2%2Fmedia&parent=109"}],"wp:term":[{"taxonomy":"category","embeddable":true,"href":"https:\/\/www.uhu.es\/biblioteca\/labuhardilla\/index.php?rest_route=%2Fwp%2Fv2%2Fcategories&post=109"},{"taxonomy":"post_tag","embeddable":true,"href":"https:\/\/www.uhu.es\/biblioteca\/labuhardilla\/index.php?rest_route=%2Fwp%2Fv2%2Ftags&post=109"}],"curies":[{"name":"wp","href":"https:\/\/api.w.org\/{rel}","templated":true}]}}