{"id":111,"date":"2012-05-04T11:43:49","date_gmt":"2012-05-04T11:43:49","guid":{"rendered":"http:\/\/www.uhu.es\/biblioteca\/blog\/?p=111"},"modified":"2012-10-05T11:15:21","modified_gmt":"2012-10-05T11:15:21","slug":"ven-a-participar-en-la-semana-universitaria-por-el-comercio-justo","status":"publish","type":"post","link":"https:\/\/www.uhu.es\/biblioteca\/labuhardilla\/?p=111","title":{"rendered":"\u00a1Ven a participar en la Semana Universitaria por el Comercio Justo!"},"content":{"rendered":"<p><a href=\"http:\/\/www.uhu.es\/biblioteca\/blog\/wp-content\/uploads\/2012\/05\/Comerciojusto1.jpg\" rel='prettyPhoto[gallery1]'><img loading=\"lazy\" class=\"alignleft size-medium wp-image-379\" title=\"Comerciojusto1\" src=\"http:\/\/www.uhu.es\/biblioteca\/blog\/wp-content\/uploads\/2012\/05\/comerciojusto1-300x134.jpg\" alt=\"\" width=\"300\" height=\"134\" \/><\/a><\/p>\n<p>Entre el 7 y el 11 de mayo se celebra la Semana Universitaria por el Comercio Justo.<\/p>\n<p>Nuestra Universidad\u00a0 acaba de firmar una declaraci\u00f3n institucional, en la que se compromete a\u00a0 fomentar un modelo de comercio justo y de consumo responsable en la comunidad universitaria. Dentro de esta l\u00ednea, ha promovido la creaci\u00f3n de un Grupo de Trabajo, grupo que \u00a0organiza la <strong>Semana<\/strong><strong> por el Comercio Justo y Consumo Responsable<\/strong> en colaboraci\u00f3n con la organizaci\u00f3n IDEAS, la Plataforma Pobreza Cero y la Fundaci\u00f3n APY Solidaridad en Acci\u00f3n.<\/p>\n<p>A lo largo de la semana habr\u00e1 diversas actividades como: mesas informativas, exposiciones, charlas, desayuno de comercio justo, etc.<\/p>\n<p>La Biblioteca, presente tambi\u00e9n en dicho Grupo de Trabajo, promueve actividades espec\u00edficas para esta semana, tales como una muestra bibliogr\u00e1fica sobre\u00a0 <a href=\"http:\/\/www.uhu.es\/biblioteca\/tablon\/Comercio.html\">comercio justo<\/a>\u00a0 y la presencia de mesas informativas en la Biblioteca Central.<\/p>\n<p>El programa y toda la informaci\u00f3n\u00a0 <a title=\"aqu\u00ed\" href=\"http:\/\/uhu.es\/fexp\/aulasostenibilidad\/index.php?option=com_jevents&amp;task=icalrepeat.detail&amp;evid=41&amp;Itemid=527&amp;year=2012&amp;month=05&amp;day=07&amp;title=semana-por-el-comercio-justo-y-el-consumo-responsable&amp;uid=973141e44dc76778edf9cc3ececddd15&amp;catids=103|104|108\" target=\"_blank\">aqu\u00ed<\/a><\/p>\n","protected":false},"excerpt":{"rendered":"<p>Entre el 7 y el 11 de mayo se celebra la Semana Universitaria por el Comercio Justo. Nuestra Universidad\u00a0 acaba de firmar una declaraci\u00f3n institucional, en la que se compromete a\u00a0 fomentar un modelo de comercio justo y de consumo responsable en la comunidad universitaria. Dentro de esta l\u00ednea, ha promovido la creaci\u00f3n de un&nbsp;<span class=\"excerpt_more\"><a href=\"https:\/\/www.uhu.es\/biblioteca\/labuhardilla\/?p=111\">[Seguir leyendo&#8230;]<\/a><\/span><\/p>\n","protected":false},"author":1,"featured_media":0,"comment_status":"open","ping_status":"open","sticky":false,"template":"","format":"standard","meta":{"_s2mail":"yes"},"categories":[3,6],"tags":[47],"_links":{"self":[{"href":"https:\/\/www.uhu.es\/biblioteca\/labuhardilla\/index.php?rest_route=\/wp\/v2\/posts\/111"}],"collection":[{"href":"https:\/\/www.uhu.es\/biblioteca\/labuhardilla\/index.php?rest_route=\/wp\/v2\/posts"}],"about":[{"href":"https:\/\/www.uhu.es\/biblioteca\/labuhardilla\/index.php?rest_route=\/wp\/v2\/types\/post"}],"author":[{"embeddable":true,"href":"https:\/\/www.uhu.es\/biblioteca\/labuhardilla\/index.php?rest_route=\/wp\/v2\/users\/1"}],"replies":[{"embeddable":true,"href":"https:\/\/www.uhu.es\/biblioteca\/labuhardilla\/index.php?rest_route=%2Fwp%2Fv2%2Fcomments&post=111"}],"version-history":[{"count":2,"href":"https:\/\/www.uhu.es\/biblioteca\/labuhardilla\/index.php?rest_route=\/wp\/v2\/posts\/111\/revisions"}],"predecessor-version":[{"id":141,"href":"https:\/\/www.uhu.es\/biblioteca\/labuhardilla\/index.php?rest_route=\/wp\/v2\/posts\/111\/revisions\/141"}],"wp:attachment":[{"href":"https:\/\/www.uhu.es\/biblioteca\/labuhardilla\/index.php?rest_route=%2Fwp%2Fv2%2Fmedia&parent=111"}],"wp:term":[{"taxonomy":"category","embeddable":true,"href":"https:\/\/www.uhu.es\/biblioteca\/labuhardilla\/index.php?rest_route=%2Fwp%2Fv2%2Fcategories&post=111"},{"taxonomy":"post_tag","embeddable":true,"href":"https:\/\/www.uhu.es\/biblioteca\/labuhardilla\/index.php?rest_route=%2Fwp%2Fv2%2Ftags&post=111"}],"curies":[{"name":"wp","href":"https:\/\/api.w.org\/{rel}","templated":true}]}}