{"id":1112,"date":"2014-05-05T09:11:43","date_gmt":"2014-05-05T09:11:43","guid":{"rendered":"http:\/\/www.uhu.es\/biblioteca\/labuhardilla\/?p=1112"},"modified":"2014-05-05T09:11:43","modified_gmt":"2014-05-05T09:11:43","slug":"libro-o-pelicula","status":"publish","type":"post","link":"https:\/\/www.uhu.es\/biblioteca\/labuhardilla\/?p=1112","title":{"rendered":"\u00bfLibro o pel\u00edcula?"},"content":{"rendered":"<p style=\"text-align: justify;\"><a href=\"http:\/\/www.uhu.es\/biblioteca\/labuhardilla\/wp-content\/uploads\/2014\/05\/collageexposicion.png.png\" rel='prettyPhoto[gallery1]'><img loading=\"lazy\" class=\"alignleft size-medium wp-image-1116\" title=\"collageexposicion.png\" src=\"http:\/\/www.uhu.es\/biblioteca\/labuhardilla\/wp-content\/uploads\/2014\/05\/collageexposicion.png-269x300.png\" alt=\"\" width=\"269\" height=\"300\" srcset=\"https:\/\/www.uhu.es\/biblioteca\/labuhardilla\/wp-content\/uploads\/2014\/05\/collageexposicion.png-269x300.png 269w, https:\/\/www.uhu.es\/biblioteca\/labuhardilla\/wp-content\/uploads\/2014\/05\/collageexposicion.png.png 691w\" sizes=\"(max-width: 269px) 100vw, 269px\" \/><\/a>Partiendo de la base de que tanto la literatura como \u201cel s\u00e9ptimo arte\u201d tienen un objetivo com\u00fan que no es otro que el de \u201ccontarnos una historia\u201d, hoy queremos plantearte este tan conocido dilema\u2026 queremos que escojas entre una obra literaria y su hom\u00f3loga adaptada al cine o a la televisi\u00f3n.<\/p>\n<p style=\"text-align: justify;\">Para ello, hemos paseado por nuestra videoteca (Biblioteca Central, primera planta), para a continuaci\u00f3n seleccionar algunas adaptaciones m\u00e1s o menos acertadas de grandes cl\u00e1sicos (o no tan cl\u00e1sicos) tanto de literatura espa\u00f1ola como universal que ponemos a tu disposici\u00f3n.<\/p>\n<p style=\"text-align: justify;\"><span style=\"color: #800000;\"><strong><em>\u00a0<\/em><\/strong><strong><em>LITERATURA ESPA\u00d1OLA<\/em><\/strong><\/span><\/p>\n<p style=\"text-align: justify;\"><strong><em>\u00a0<\/em><\/strong><strong><em><span style=\"color: #800000;\"><a title=\"El Quijote\" href=\"http:\/\/columbus.uhu.es\/record=b1393255~S1*spi\" target=\"_blank\"><span style=\"color: #800000;\">El Quijote de Miguel de Cervantes<\/span><\/a><\/span> (TV).\u00a0<\/em><\/strong><strong><em>(Publicaci\u00f3n de la obra literaria: 1605).\u00a0<\/em><\/strong>Miniserie de TV de 6 episodios. Alonso Quijano, un hidalgo manchego de unos 50 a\u00f1os y de mediana posici\u00f3n econ\u00f3mica, queda hasta tal punto trastornado por la lectura de los libros de caballer\u00eda que decide salir a buscar aventuras acompa\u00f1ado de su fiel escudero Sancho Panza. La peculiar locura de Don Quijote, la fascinaci\u00f3n que despierta en Sancho y la bondad de ambos personajes contrastan con la crueldad y el escarnio de que son objeto por parte de aquellos a quienes tratan de ayudar. (FILMAFFINITY)<\/p>\n<p style=\"text-align: justify;\"><strong><em><span style=\"color: #800000;\"><a title=\"El perro del hortelano\" href=\"http:\/\/columbus.uhu.es\/record=b1742505~S1*spi\" target=\"_blank\"><span style=\"color: #800000;\">El perro del hortelano<\/span><\/a><\/span>.\u00a0<\/em><\/strong><strong><em>(P<\/em><\/strong><strong><em>ublicaci\u00f3n de la obra literaria: 1618).<\/em><\/strong>\u00a0Diana, condesa de Belflor, es una joven perspicaz, impulsiva e inteligente. Est\u00e1 enamorada de su secretario Teodoro, pero se entera de que \u00e9ste ya est\u00e1 comprometido con Marcela. Movida por los celos y la envidia, hace todo lo posible para separar a los dos enamorados. Adaptaci\u00f3n cinematogr\u00e1fica de la obra de Lope de Vega que respeta el texto en verso. Obtuvo siete premios Goya. (FILMAFFINITY)<\/p>\n<p style=\"text-align: justify;\"><strong><em><span style=\"color: #800000;\"><a title=\"El abuelo\" href=\"http:\/\/columbus.uhu.es\/record=b1718244~S1*spi\" target=\"_blank\"><span style=\"color: #800000;\">El abuelo<\/span><\/a><\/span>. <span style=\"text-decoration: underline;\">(<\/span><\/em><\/strong><strong><em>P<strong>u<\/strong><strong>blica<\/strong>ci\u00f3n de la obra literaria: 1897). <\/em><\/strong>\u00a0Asturias, principios del siglo XX. Don Rodrigo de Arista Potestad, Conde de Albrit, Se\u00f1or de Jerusa y de Pol\u00e1n, cre\u00eda saber qu\u00e9 era el honor. Hasta que regres\u00f3 de Am\u00e9rica viejo, casi ciego y arruinado. A su llegada descubre un amargo secreto: una de sus dos nietas -Nelly y Dolly- es ileg\u00edtima, no lleva la noble sangre de su familia. (FILMAFFINITY)<\/p>\n<p style=\"text-align: justify;\"><span style=\"color: #800000;\"><strong><em><span style=\"text-decoration: underline;\"><a title=\"La colmena\" href=\"http:\/\/columbus.uhu.es\/record=b1742781~S1*spi\" target=\"_blank\"><span style=\"color: #800000; text-decoration: underline;\">La colmena<\/span><\/a><\/span><\/em><\/strong><\/span>. \u00a0<strong><em>(P<strong>u<\/strong>blicaci\u00f3n de la obra literaria: 1951). \u00a0<\/em><\/strong>Camilo Jos\u00e9 Cela escribe en el pr\u00f3logo a la primera edici\u00f3n de la novela: &#8220;La Colmena no es otra cosa que un p\u00e1lido reflejo, que una humilde sombra de la cotidiana, \u00e1spera, entra\u00f1able y dolorosa realidad (&#8230;) no aspira a ser m\u00e1s que un trozo de vida narrado sin reticencias, sin extra\u00f1as tragedias, sin caridad, como la vida discurre, exactamente como la vida discurre. Queramos o no queramos. La vida es lo que vive -en nosotros o fuera de nosotros-; nosotros no somos m\u00e1s que su veh\u00edculo, su excipiente como dicen los boticarios (&#8230;) Su acci\u00f3n discurre en Madrid, en 1942, y entre un torrente, o una colmena, de gentes que a veces son felices, y, a veces, no&#8221;. (FILMAFFINITY)<\/p>\n<p style=\"text-align: justify;\"><span style=\"color: #800000;\"><strong><em><span style=\"text-decoration: underline;\"><a title=\"Los santos inocentes\" href=\"http:\/\/columbus.uhu.es\/record=b1742506~S1*spi\" target=\"_blank\"><span style=\"color: #800000; text-decoration: underline;\">Los santos inocentes<\/span><\/a><\/span><\/em><\/strong><\/span>.\u00a0<strong><em>(P<strong>ublicac<\/strong>i\u00f3n de la obra literaria: 1981). <\/em><\/strong>Espa\u00f1a franquista. Durante la d\u00e9cada de los sesenta, una familia de campesinos vive miserablemente en un cortijo extreme\u00f1o bajo la f\u00e9rula del terrateniente. Su vida es renuncia, sacrificio y obediencia. Su destino est\u00e1 marcado, a no ser que alg\u00fan acontecimiento imprevisto les permita romper sus cadenas. (FILMAFFINITY)<\/p>\n<p style=\"text-align: justify;\"><span style=\"color: #003300;\"><strong><em>LITERATURA UNIVERSAL<\/em><\/strong><\/span><\/p>\n<p style=\"text-align: justify;\"><strong><em><span style=\"text-decoration: underline;\">\u00a0<\/span><\/em><\/strong><span style=\"color: #003300;\"><strong><em><span style=\"text-decoration: underline;\"><a title=\"La odisea\" href=\"http:\/\/columbus.uhu.es\/record=b1440053~S1*spi\" target=\"_blank\"><span style=\"color: #003300; text-decoration: underline;\">La odisea<\/span><\/a><\/span><\/em><\/strong><\/span><strong>. (Siglo VIII a.C.)\u00a0<\/strong>\u00a0Miniserie de TV. 2 episodios. Ulises es el rey de \u00cdtaca. Comparte el trono con Pen\u00e9lope, su bella esposa, con la que tiene un hijo, Tel\u00e9maco. La campa\u00f1a de Troya requiere su presencia, por lo que, muy a su pesar, debe dejar a su familia y a su patria por un tiempo. Durante la guerra idear\u00e1 el legendario ardid del caballo de madera, con el que conseguir\u00e1 enga\u00f1ar a sus enemigos y poner fin a la guerra. Sin embargo, durante la noche comete un grave error: llevado por la euforia y el alcohol, blasfema inocentemente contra los dioses. Poseid\u00f3n, gravemente ofendido, decide poner sobre Ulises y sus hombres una terrible maldici\u00f3n: jam\u00e1s podr\u00e1n regresar a sus hogares hasta que comprendan que no pueden enfrentarse a sus divinidades. A partir de ahora, deber\u00e1n superar una serie de peligrosas pruebas que convertir\u00e1n su viaje de regreso en una incre\u00edble aventura. As\u00ed, Ulises recibir\u00e1 una gran lecci\u00f3n: aprender\u00e1 cu\u00e1l es la diferencia existente entre astucia y sabidur\u00eda, y que la felicidad, precisamente, reside en \u00e9sta \u00faltima. (FILMAFFINITY)<\/p>\n<p style=\"text-align: justify;\"><strong><em>\u00a0<\/em><\/strong><strong><em><span style=\"color: #003300;\"><a title=\"Mucho ruido y pocas nueces\" href=\"http:\/\/columbus.uhu.es\/record=b1362467~S1*spi\" target=\"_blank\"><span style=\"color: #003300;\">Mucho ruido y pocas nueces<\/span><\/a><\/span>. (P<\/em><\/strong><strong><em>ublicaci\u00f3n de la obra literaria: 1600). <\/em><\/strong>\u00a0Adaptaci\u00f3n de una comedia de Shakespeare. El Pr\u00edncipe Don Pedro de Arag\u00f3n (Denzel Washington) regresa victorioso de una batalla acompa\u00f1ado de su hermano bastardo Don Juan (Keanu Reeves), de Benedicto (Kenneth Branagh) y de Claudio (Robert Sean Leonard), un joven florentino que ha sido colmado de honores por el gran valor mostrado en el campo de batalla. Son recibidos con gran regocijo por el caballero Leonato, que vive con su hija Hero (Beckinsale) y su sobrina Beatriz (Emma Thompson) en una paradis\u00edaca villa de la campi\u00f1a siciliana (Mesina). En el siglo XV, Sicilia formaba parte de la Corona de Arag\u00f3n. (FILMAFFINITY)<\/p>\n<p style=\"text-align: justify;\"><strong><em><span style=\"color: #003300;\"><a title=\"M\u00e1s fuerte que el orgullo\" href=\"http:\/\/columbus.uhu.es\/record=b1510812~S1*spi\" target=\"_blank\"><span style=\"color: #003300;\">M\u00e1s fuerte que el orgullo<\/span><\/a><\/span>.<\/em><em>\u00a0\u00a0<span style=\"text-decoration: underline;\">(<\/span>\u00a0Publicaci\u00f3n de la obra literaria: 1813). &#8211; <\/em><\/strong>\u00a0Elizabeth (Greer Garson) es una de las 5 hermanas Bennet, que est\u00e1n deseando casarse. Darcy (Lawrence Olivier) es un joven apuesto que se instala en una finca cercana y hace latir los corazones de todas las chicas. De todas menos en el caso de Elizabeth, con la que desde el primer encuentro se lleva fatal. Este ser\u00e1 el inicio de una historia basada en la lucha discreta y elegante de orgullo y prejuicio, de percepci\u00f3n y realidad, de perd\u00f3n y de amor. (FILMAFFINITY)<\/p>\n<p style=\"text-align: justify;\"><span style=\"color: #003300;\"><strong><em><span style=\"text-decoration: underline;\"><a title=\"Frankenstein de Mary Shelley\" href=\"http:\/\/columbus.uhu.es\/record=b1646574~S1*spi\" target=\"_blank\"><span style=\"color: #003300; text-decoration: underline;\">Frankenstein de Mary Shelley<\/span><\/a><\/span><\/em><\/strong><\/span>.<strong><em> (Publicaci\u00f3n de la obra literaria: 1818).\u00a0<\/em><\/strong>La prematura muerte de su madre durante un parto, arranca violentamente a V\u00edctor Frankenstein de su id\u00edlica vida en Ginebra. Desde ese d\u00eda, la idea de vencer a la muerte ser\u00e1 su obsesi\u00f3n y, por ello, decide estudiar medicina en Ingolstadt. All\u00ed conoce al siniestro profesor Waldman, de quien se rumorea que pas\u00f3 su juventud estudiando la posibilidad de crear un ser humano. V\u00edctor no s\u00f3lo se interesa por sus experimentos, sino que est\u00e1 dispuesto a llegar hasta el fondo de la cuesti\u00f3n cueste lo que cueste. (FILMAFFINITY)<\/p>\n<p style=\"text-align: justify;\"><span style=\"color: #003300;\"><strong><em><span style=\"text-decoration: underline;\"><a title=\"Jane Eyre\" href=\"http:\/\/columbus.uhu.es\/record=b1646553~S1*spi\" target=\"_blank\"><span style=\"color: #003300; text-decoration: underline;\">Jane Eyre<\/span><\/a>.<\/span><\/em><\/strong><\/span> <strong><em>(P<strong>ub<\/strong>licaci\u00f3n de la obra literaria: 1847) .\u00a0<\/em><\/strong>Miniserie de TV de 4 episodios. Adaptaci\u00f3n del cl\u00e1sico de Charlotte Bront\u00eb. Despu\u00e9s de una m\u00edsera ni\u00f1ez en un orfanato, Jane Eyre acepta un trabajo como institutriz de una vivaracha ni\u00f1a francesa en la aislada y sombr\u00eda mansi\u00f3n de Thornfield Hall. Jane se enamora del se\u00f1or Rochester, el inquietante se\u00f1or de Thornfield. Despu\u00e9s de convertirse en su esposa, Jane averiguar\u00e1 el tortuoso y oscuro secreto que esconde la mansi\u00f3n. (FILMAFFINITY)<\/p>\n<p style=\"text-align: justify;\"><span style=\"color: #003300;\"><strong><em><span style=\"text-decoration: underline;\"><a title=\"Los miserables\" href=\"http:\/\/columbus.uhu.es\/record=b1719394~S1*spi\" target=\"_blank\"><span style=\"color: #003300; text-decoration: underline;\">Los miserables<\/span><\/a><\/span><\/em><\/strong>.<\/span> <strong><em>(Publicaci\u00f3n de la obra literaria: 1862).\u00a0<\/em><\/strong>El expresidiario Jean Valjean (Hugh Jackman) es perseguido durante d\u00e9cadas por el despiadado polic\u00eda Javert (Russell Crowe). Cuando Valjean decide hacerse cargo de Cosette, la peque\u00f1a hija de Fantine (Anne Hathaway), sus vidas cambiar\u00e1n para siempre. Adaptaci\u00f3n cinematogr\u00e1fica del famoso musical &#8216;Les miserables&#8217;, basado a su vez en la novela hom\u00f3nima de Victor Hugo. (FILMAFFINITY)<\/p>\n<p style=\"text-align: justify;\"><span style=\"color: #003300;\"><strong><em><span style=\"text-decoration: underline;\"><a title=\"La insoportable levedad del ser\" href=\"http:\/\/columbus.uhu.es\/record=b1521337~S1*spi\" target=\"_blank\"><span style=\"color: #003300; text-decoration: underline;\">La insoportable levedad del ser<\/span><\/a><\/span><\/em><\/strong><\/span><strong><em><span style=\"color: #003300;\">.<\/span> (Publicaci\u00f3n de la obra literaria: 1984)<\/em><\/strong>. &#8211; Praga, poco antes de la primavera del 1968. Tomas, un cirujano checo, es un hombre muy mujeriego que aspira a encontrar una felicidad que no se vea alterada por cuestiones como libertad, compromiso, consumismo&#8230; (FILMAFFINITY)<\/p>\n<p><em><strong><span style=\"color: #000080;\">Obras literarias<\/span>:\u00a0<\/strong><\/em><\/p>\n<p><span style=\"color: #000080;\"><strong><em><span style=\"text-decoration: underline;\"><a title=\"El Quijote de Miguel de Cervantes\" href=\"http:\/\/columbus.uhu.es\/search~S1*spi\/?searchtype=t&amp;searcharg=quijote&amp;searchscope=1&amp;SORT=D&amp;extended=0&amp;SUBMIT=Buscar&amp;searchlimits=&amp;searchorigarg=dCervantes+Saavedra%2C+Miguel+de%2C+1547-1616.+Don+Qui\" target=\"_blank\"><span style=\"color: #000080; text-decoration: underline;\">El Quijote de Miguel de Cervantes<\/span><\/a><\/span><\/em><\/strong><\/span><\/p>\n<p><span style=\"color: #000080;\"><strong><em><span style=\"text-decoration: underline;\"><a title=\"El perro del hortelano\" href=\"http:\/\/columbus.uhu.es\/search~S1*spi?\/tEl+perro+del+hortelano\/tperro+del+hortelano\/1%2C2%2C6%2CB\/exact&amp;FF=tperro+del+hortelano&amp;1%2C4%2C\/indexsort=-\" target=\"_blank\"><span style=\"color: #000080; text-decoration: underline;\">El perro del hortelano<\/span><\/a><\/span><\/em><\/strong><\/span><\/p>\n<p><span style=\"color: #000080;\"><a title=\" El abuelo\" href=\"http:\/\/columbus.uhu.es\/search~S1*spi?\/aperez+galdos\/aperez+galdos\/1%2C4%2C198%2CB\/frameset&amp;FF=aperez+galdos+benito+1843+1920&amp;5%2C%2C195\/indexsort=-\" target=\"_blank\"><span style=\"color: #000080;\"><strong><em><span style=\"text-decoration: underline;\">\u00a0<\/span><\/em><\/strong><strong><em><span style=\"text-decoration: underline;\">El abuelo<\/span><\/em><\/strong><\/span><\/a><\/span><\/p>\n<p><span style=\"color: #000080;\"><a title=\" La colmena\" href=\"http:\/\/columbus.uhu.es\/search~S1*spi?\/t+La+colmena\/tcolmena\/1%2C12%2C21%2CB\/exact&amp;FF=tcolmena&amp;1%2C6%2C\/indexsort=-\" target=\"_blank\"><span style=\"color: #000080;\"><strong><em><span style=\"text-decoration: underline;\">\u00a0<\/span><\/em><\/strong><strong><em><span style=\"text-decoration: underline;\">La colmena<\/span><\/em><\/strong><\/span><\/a><\/span><\/p>\n<p><span style=\"color: #000080;\"><a title=\" Los santos inocentes\" href=\"http:\/\/columbus.uhu.es\/search~S1*spi\/?searchtype=t&amp;searcharg=+Los+santos+inocentes&amp;searchscope=1&amp;sortdropdown=-&amp;SORT=D&amp;extended=0&amp;SUBMIT=Buscar&amp;searchlimits=&amp;searchorigarg=t+La+colmena\" target=\"_blank\"><span style=\"color: #000080;\"><strong><em><span style=\"text-decoration: underline;\">\u00a0<\/span><\/em><\/strong><strong><em><span style=\"text-decoration: underline;\">Los santos inocentes<\/span><\/em><\/strong><\/span><\/a><\/span><\/p>\n<p><span style=\"color: #000080;\"><a title=\" La odisea\" href=\"http:\/\/columbus.uhu.es\/search~S1*spi?\/t+La+odisea\/todisea\/1%2C21%2C42%2CB\/exact&amp;FF=todisea&amp;1%2C17%2C\/indexsort=-\" target=\"_blank\"><span style=\"color: #000080;\"><strong><em><span style=\"text-decoration: underline;\">\u00a0<\/span><\/em><\/strong><strong><em><span style=\"text-decoration: underline;\">La odisea<\/span><\/em><\/strong><\/span><\/a><\/span><\/p>\n<p><span style=\"color: #000080;\"><a title=\"Mucho ruido y pocas nueces\" href=\"http:\/\/columbus.uhu.es\/search~S1*spi\/?searchtype=t&amp;searcharg=+Mucho+ruido+y+pocas+nueces&amp;searchscope=1&amp;sortdropdown=-&amp;SORT=D&amp;extended=0&amp;SUBMIT=Buscar&amp;searchlimits=&amp;searchorigarg=t+La+odisea\" target=\"_blank\"><span style=\"color: #000080;\"><strong><em><span style=\"text-decoration: underline;\">\u00a0<\/span><\/em><\/strong><strong><em><span style=\"text-decoration: underline;\">Mucho ruido y pocas nueces<\/span><\/em><\/strong><\/span><\/a><\/span><\/p>\n<p><span style=\"color: #000080;\"><strong><em><span style=\"text-decoration: underline;\"><a title=\"Pride and prejudice\" href=\"http:\/\/columbus.uhu.es\/search~S1*spi\/?searchtype=t&amp;searcharg=Pride+and+prejudice&amp;searchscope=1&amp;sortdropdown=-&amp;SORT=D&amp;extended=0&amp;SUBMIT=Buscar&amp;searchlimits=&amp;searchorigarg=t+Mucho+ruido+y+pocas+nueces\" target=\"_blank\">\u00a0<\/a><\/span><\/em><\/strong><strong><em><span style=\"text-decoration: underline;\"><a title=\"Pride and prejudice\" href=\"http:\/\/columbus.uhu.es\/search~S1*spi\/?searchtype=t&amp;searcharg=Pride+and+prejudice&amp;searchscope=1&amp;sortdropdown=-&amp;SORT=D&amp;extended=0&amp;SUBMIT=Buscar&amp;searchlimits=&amp;searchorigarg=t+Mucho+ruido+y+pocas+nueces\" target=\"_blank\"><span style=\"color: #000080; text-decoration: underline;\">M\u00e1s fuerte que el orgullo <\/span><\/a><\/span>(<\/em><\/strong><a href=\"http:\/\/columbus.uhu.es\/search~S1*spi?\/tPride+and+prejudice\/tpride+and+prejudice\/1%2C6%2C16%2CB\/exact&amp;FF=tpride+and+prejudice&amp;1%2C11%2C\/indexsort=-\"><span style=\"color: #000080;\">Pride and prejudice<\/span><\/a>)<\/span><\/p>\n<p><span style=\"color: #000080;\"><strong><em><span style=\"text-decoration: underline;\"><a title=\"Frankenstein\" href=\"http:\/\/columbus.uhu.es\/search~S1*spi\/?searchtype=t&amp;searcharg=Frankenstein&amp;searchscope=1&amp;sortdropdown=-&amp;SORT=D&amp;extended=0&amp;SUBMIT=Buscar&amp;searchlimits=&amp;searchorigarg=tPride+and+prejudice\" target=\"_blank\"><span style=\"color: #000080; text-decoration: underline;\">Frankenstein<\/span><\/a><\/span><\/em><\/strong><\/span><\/p>\n<p><span style=\"color: #000080;\"><a title=\" Jane Eyre\" href=\"http:\/\/columbus.uhu.es\/search~S1*spi\/?searchtype=t&amp;searcharg=+Jane+Eyre&amp;searchscope=1&amp;sortdropdown=-&amp;SORT=D&amp;extended=0&amp;SUBMIT=Buscar&amp;searchlimits=&amp;searchorigarg=tPride+and+prejudice\" target=\"_blank\"><span style=\"color: #000080;\"><strong><em><span style=\"text-decoration: underline;\">\u00a0<\/span><\/em><\/strong><strong><em><span style=\"text-decoration: underline;\">Jane Eyre<\/span><\/em><\/strong><\/span><\/a><\/span><\/p>\n<p><span style=\"color: #000080;\"><a title=\" Los miserables\" href=\"http:\/\/columbus.uhu.es\/search~S1*spi?\/t+Los+miserables\/tmiserables\/1%2C6%2C12%2CB\/exact&amp;FF=tmiserables&amp;1%2C5%2C\/indexsort=-\" target=\"_blank\"><span style=\"color: #000080;\"><strong><em><span style=\"text-decoration: underline;\">\u00a0<\/span><\/em><\/strong><strong><em><span style=\"text-decoration: underline;\">Los miserables<\/span><\/em><\/strong><\/span><\/a><\/span><\/p>\n<p><span style=\"color: #000080;\"><a title=\" La insoportable levedad del ser\" href=\"http:\/\/columbus.uhu.es\/search~S1*spi\/?searchtype=t&amp;searcharg=+La+insoportable+levedad+del+ser&amp;searchscope=1&amp;sortdropdown=-&amp;SORT=D&amp;extended=0&amp;SUBMIT=Buscar&amp;searchlimits=&amp;searchorigarg=t+Los+miserables\" target=\"_blank\"><span style=\"color: #000080;\"><strong><em><span style=\"text-decoration: underline;\">\u00a0<\/span><\/em><\/strong><strong><em><span style=\"text-decoration: underline;\">La insoportable levedad del ser<\/span><\/em><\/strong><\/span><\/a><\/span><\/p>\n<p>&nbsp;<\/p>\n","protected":false},"excerpt":{"rendered":"<p>Partiendo de la base de que tanto la literatura como \u201cel s\u00e9ptimo arte\u201d tienen un objetivo com\u00fan que no es otro que el de \u201ccontarnos una historia\u201d, hoy queremos plantearte este tan conocido dilema\u2026 queremos que escojas entre una obra literaria y su hom\u00f3loga adaptada al cine o a la televisi\u00f3n. Para ello, hemos paseado&nbsp;<span class=\"excerpt_more\"><a href=\"https:\/\/www.uhu.es\/biblioteca\/labuhardilla\/?p=1112\">[Seguir leyendo&#8230;]<\/a><\/span><\/p>\n","protected":false},"author":4,"featured_media":1116,"comment_status":"open","ping_status":"open","sticky":false,"template":"","format":"standard","meta":{"_s2mail":"yes"},"categories":[6,5],"tags":[60,100,130],"_links":{"self":[{"href":"https:\/\/www.uhu.es\/biblioteca\/labuhardilla\/index.php?rest_route=\/wp\/v2\/posts\/1112"}],"collection":[{"href":"https:\/\/www.uhu.es\/biblioteca\/labuhardilla\/index.php?rest_route=\/wp\/v2\/posts"}],"about":[{"href":"https:\/\/www.uhu.es\/biblioteca\/labuhardilla\/index.php?rest_route=\/wp\/v2\/types\/post"}],"author":[{"embeddable":true,"href":"https:\/\/www.uhu.es\/biblioteca\/labuhardilla\/index.php?rest_route=\/wp\/v2\/users\/4"}],"replies":[{"embeddable":true,"href":"https:\/\/www.uhu.es\/biblioteca\/labuhardilla\/index.php?rest_route=%2Fwp%2Fv2%2Fcomments&post=1112"}],"version-history":[{"count":31,"href":"https:\/\/www.uhu.es\/biblioteca\/labuhardilla\/index.php?rest_route=\/wp\/v2\/posts\/1112\/revisions"}],"predecessor-version":[{"id":1146,"href":"https:\/\/www.uhu.es\/biblioteca\/labuhardilla\/index.php?rest_route=\/wp\/v2\/posts\/1112\/revisions\/1146"}],"wp:featuredmedia":[{"embeddable":true,"href":"https:\/\/www.uhu.es\/biblioteca\/labuhardilla\/index.php?rest_route=\/wp\/v2\/media\/1116"}],"wp:attachment":[{"href":"https:\/\/www.uhu.es\/biblioteca\/labuhardilla\/index.php?rest_route=%2Fwp%2Fv2%2Fmedia&parent=1112"}],"wp:term":[{"taxonomy":"category","embeddable":true,"href":"https:\/\/www.uhu.es\/biblioteca\/labuhardilla\/index.php?rest_route=%2Fwp%2Fv2%2Fcategories&post=1112"},{"taxonomy":"post_tag","embeddable":true,"href":"https:\/\/www.uhu.es\/biblioteca\/labuhardilla\/index.php?rest_route=%2Fwp%2Fv2%2Ftags&post=1112"}],"curies":[{"name":"wp","href":"https:\/\/api.w.org\/{rel}","templated":true}]}}