{"id":121,"date":"2012-06-21T11:56:45","date_gmt":"2012-06-21T11:56:45","guid":{"rendered":"http:\/\/www.uhu.es\/biblioteca\/blog\/?p=121"},"modified":"2012-10-09T08:10:20","modified_gmt":"2012-10-09T08:10:20","slug":"al-bakri-un-onubense-en-la-luna","status":"publish","type":"post","link":"https:\/\/www.uhu.es\/biblioteca\/labuhardilla\/?p=121","title":{"rendered":"Al-Bakri: un onubense en la luna"},"content":{"rendered":"<p><a href=\"http:\/\/www.uhu.es\/biblioteca\/blog\/wp-content\/uploads\/2012\/06\/luna.jpg\" rel='prettyPhoto[gallery1]'><img loading=\"lazy\" src=\"http:\/\/www.uhu.es\/biblioteca\/blog\/wp-content\/uploads\/2012\/06\/luna-300x134.jpg\" alt=\"\" title=\"luna\" width=\"300\" height=\"134\" class=\"alignleft size-medium wp-image-151\" srcset=\"https:\/\/www.uhu.es\/biblioteca\/labuhardilla\/wp-content\/uploads\/2012\/06\/luna-300x134.jpg 300w, https:\/\/www.uhu.es\/biblioteca\/labuhardilla\/wp-content\/uploads\/2012\/06\/luna.jpg 470w\" sizes=\"(max-width: 300px) 100vw, 300px\" \/><\/a>Al-Bakri es un peque\u00f1o cr\u00e1ter lunar, en el extremo noroeste del Mar Tranquillitatis, llamado as\u00ed en honor al hijo de un gobernador musulm\u00e1n de la provincia de Huelva y Salt\u00e9s.<\/p>\n<p>Nacido en Salt\u00e9s (Huelva) en 1014. ge\u00f3grafo, bot\u00e1nico e historiador hispano\u00e1rabe. <a href=\"http:\/\/es.wikipedia.org\/wiki\/Abu_Abdullah_al-Bakri\">Al<\/a><a href=\"http:\/\/es.wikipedia.org\/wiki\/Abu_Abdullah_al-Bakri\">&#8211;<\/a><a href=\"http:\/\/es.wikipedia.org\/wiki\/Abu_Abdullah_al-Bakri\">Bakri<\/a> pas\u00f3 toda su vida en Al-Andalus, en C\u00f3rdoba, Almer\u00eda y Sevilla.<\/p>\n<p>En \u00a0C\u00f3rdoba pas\u00f3 Al Bakri\u00a0 sus primeros a\u00f1os, conociendo por estas fechas a Ibn Hayyan. Su estancia en esta ciudad le vali\u00f3 el sobrenombre de Cordob\u00e9s (Al Kurtubi).<\/p>\n<p>A la muerte de su padre se traslad\u00f3 a la fastuosa corte de Almer\u00eda, cuyo pr\u00edncipe Al Mutasim realizaba una labor de mecenazgo hacia todos los poetas y artistas de su reino. M\u00e1s tarde Al Bakri pas\u00f3 a Sevilla, donde permaneci\u00f3 al lado del rey-poeta Al Mutamid (<a href=\"http:\/\/www.google.com\/url?q=http%3A%2F%2Fwww.poetasandaluces.com%2Fautor.asp%3FidAutor%3D131&amp;sa=D&amp;sntz=1&amp;usg=AFQjCNFfvJoHhxTilxZidsB1CYcqwm7BrA\">Poetas Andaluces. Biograf\u00eda y obra de Al Bakri.<\/a>)<\/p>\n<p>Son varias las obras que se atribuyen a Al-Bakri, que abarcan diversos campos del saber y el conocimiento como la Lingu\u00edstica y la Geograf\u00eda.<\/p>\n<p>Os dejamos una de sus poes\u00edas, en la que se refleja su afici\u00f3n por los placeres mundanos:<\/p>\n<p>Casi no puedo aguardar<\/p>\n<p>que el vaso brille en mi diestra,<\/p>\n<p>beber ansiando el perfume<\/p>\n<p>de rosas y de violetas.<\/p>\n<p>Resuenen, pues, los cantares;<\/p>\n<p>empiece, amigos, la fiesta;<\/p>\n<p>y de oculto a nuestros goces<\/p>\n<p>libre dejando la rienda,<\/p>\n<p>v evitemos las miradas<\/p>\n<p>de la censura severa.<\/p>\n<p>Para retardar la org\u00eda<\/p>\n<p>ning\u00fan pretexto nos queda<\/p>\n<p>porque ya viene la luna<\/p>\n<p>de ayunos y penitencias<\/p>\n<p>y cometen gran pecado<\/p>\n<p>cuantas entonces se alegran.<\/p>\n<p>&nbsp;<\/p>\n<p>En la\u00a0 <a title=\"Biblioteca\" href=\"http:\/\/www.uhu.es\/\" target=\"_blank\">Biblioteca<\/a>\u00a0 pod\u00e9is ampliar la informaci\u00f3n sobre su biograf\u00eda y su producci\u00f3n escrita\u00a0 en un interesante art\u00edculo del profesor <strong>Alejandro Garc\u00eda Sanjuan<\/strong>, del departamento de Historia II, de la Universidad de Huelva:<\/p>\n<p><a href=\"http:\/\/www.google.com\/url?q=http%3A%2F%2Fcolumbus.uhu.es%2Fsearch*spi%2FX%3Ft%3A%2528al-bakri%2529%26searchscope%3D1%26Da%3D%26Db%3D%26SORT%3DD&amp;sa=D&amp;sntz=1&amp;usg=AFQjCNFJTdoNh6K9EL_jUguYlW-sX-QqxA\">El <\/a><a href=\"http:\/\/www.google.com\/url?q=http%3A%2F%2Fcolumbus.uhu.es%2Fsearch*spi%2FX%3Ft%3A%2528al-bakri%2529%26searchscope%3D1%26Da%3D%26Db%3D%26SORT%3DD&amp;sa=D&amp;sntz=1&amp;usg=AFQjCNFJTdoNh6K9EL_jUguYlW-sX-QqxA\">pol\u00edgrafo<\/a><a href=\"http:\/\/www.google.com\/url?q=http%3A%2F%2Fcolumbus.uhu.es%2Fsearch*spi%2FX%3Ft%3A%2528al-bakri%2529%26searchscope%3D1%26Da%3D%26Db%3D%26SORT%3DD&amp;sa=D&amp;sntz=1&amp;usg=AFQjCNFJTdoNh6K9EL_jUguYlW-sX-QqxA\"> onubense<\/a><a href=\"http:\/\/www.google.com\/url?q=http%3A%2F%2Fcolumbus.uhu.es%2Fsearch*spi%2FX%3Ft%3A%2528al-bakri%2529%26searchscope%3D1%26Da%3D%26Db%3D%26SORT%3DD&amp;sa=D&amp;sntz=1&amp;usg=AFQjCNFJTdoNh6K9EL_jUguYlW-sX-QqxA\"> Abu<\/a><a href=\"http:\/\/www.google.com\/url?q=http%3A%2F%2Fcolumbus.uhu.es%2Fsearch*spi%2FX%3Ft%3A%2528al-bakri%2529%26searchscope%3D1%26Da%3D%26Db%3D%26SORT%3DD&amp;sa=D&amp;sntz=1&amp;usg=AFQjCNFJTdoNh6K9EL_jUguYlW-sX-QqxA\">&#8216;<\/a><a href=\"http:\/\/www.google.com\/url?q=http%3A%2F%2Fcolumbus.uhu.es%2Fsearch*spi%2FX%3Ft%3A%2528al-bakri%2529%26searchscope%3D1%26Da%3D%26Db%3D%26SORT%3DD&amp;sa=D&amp;sntz=1&amp;usg=AFQjCNFJTdoNh6K9EL_jUguYlW-sX-QqxA\">Ubayd<\/a><a href=\"http:\/\/www.google.com\/url?q=http%3A%2F%2Fcolumbus.uhu.es%2Fsearch*spi%2FX%3Ft%3A%2528al-bakri%2529%26searchscope%3D1%26Da%3D%26Db%3D%26SORT%3DD&amp;sa=D&amp;sntz=1&amp;usg=AFQjCNFJTdoNh6K9EL_jUguYlW-sX-QqxA\"> Al<\/a><a href=\"http:\/\/www.google.com\/url?q=http%3A%2F%2Fcolumbus.uhu.es%2Fsearch*spi%2FX%3Ft%3A%2528al-bakri%2529%26searchscope%3D1%26Da%3D%26Db%3D%26SORT%3DD&amp;sa=D&amp;sntz=1&amp;usg=AFQjCNFJTdoNh6K9EL_jUguYlW-sX-QqxA\">&#8211;<\/a><a href=\"http:\/\/www.google.com\/url?q=http%3A%2F%2Fcolumbus.uhu.es%2Fsearch*spi%2FX%3Ft%3A%2528al-bakri%2529%26searchscope%3D1%26Da%3D%26Db%3D%26SORT%3DD&amp;sa=D&amp;sntz=1&amp;usg=AFQjCNFJTdoNh6K9EL_jUguYlW-sX-QqxA\">Bakri<\/a><a href=\"http:\/\/www.google.com\/url?q=http%3A%2F%2Fcolumbus.uhu.es%2Fsearch*spi%2FX%3Ft%3A%2528al-bakri%2529%26searchscope%3D1%26Da%3D%26Db%3D%26SORT%3DD&amp;sa=D&amp;sntz=1&amp;usg=AFQjCNFJTdoNh6K9EL_jUguYlW-sX-QqxA\"> : <\/a><a title=\"El pol\u00edgrafo onubense Abu'Ubayd Al-Bakri : notas sobre su biograf\u00eda y su producci\u00f3n escrita \/ Alejandro Garc\u00eda Sanju\u00e1n.\" href=\"http:\/\/www.google.com\/url?q=http%3A%2F%2Fcolumbus.uhu.es%2Fsearch*spi%2FX%3Ft%3A%2528al-bakri%2529%26searchscope%3D1%26Da%3D%26Db%3D%26SORT%3DD&amp;sa=D&amp;sntz=1&amp;usg=AFQjCNFJTdoNh6K9EL_jUguYlW-sX-QqxA\" target=\"_blank\">notas <\/a><a href=\"http:\/\/www.google.com\/url?q=http%3A%2F%2Fcolumbus.uhu.es%2Fsearch*spi%2FX%3Ft%3A%2528al-bakri%2529%26searchscope%3D1%26Da%3D%26Db%3D%26SORT%3DD&amp;sa=D&amp;sntz=1&amp;usg=AFQjCNFJTdoNh6K9EL_jUguYlW-sX-QqxA\">sobre<\/a><a href=\"http:\/\/www.google.com\/url?q=http%3A%2F%2Fcolumbus.uhu.es%2Fsearch*spi%2FX%3Ft%3A%2528al-bakri%2529%26searchscope%3D1%26Da%3D%26Db%3D%26SORT%3DD&amp;sa=D&amp;sntz=1&amp;usg=AFQjCNFJTdoNh6K9EL_jUguYlW-sX-QqxA\"> su<\/a><a href=\"http:\/\/www.google.com\/url?q=http%3A%2F%2Fcolumbus.uhu.es%2Fsearch*spi%2FX%3Ft%3A%2528al-bakri%2529%26searchscope%3D1%26Da%3D%26Db%3D%26SORT%3DD&amp;sa=D&amp;sntz=1&amp;usg=AFQjCNFJTdoNh6K9EL_jUguYlW-sX-QqxA\"> biograf\u00eda<\/a><a href=\"http:\/\/www.google.com\/url?q=http%3A%2F%2Fcolumbus.uhu.es%2Fsearch*spi%2FX%3Ft%3A%2528al-bakri%2529%26searchscope%3D1%26Da%3D%26Db%3D%26SORT%3DD&amp;sa=D&amp;sntz=1&amp;usg=AFQjCNFJTdoNh6K9EL_jUguYlW-sX-QqxA\"> y<\/a><a href=\"http:\/\/www.google.com\/url?q=http%3A%2F%2Fcolumbus.uhu.es%2Fsearch*spi%2FX%3Ft%3A%2528al-bakri%2529%26searchscope%3D1%26Da%3D%26Db%3D%26SORT%3DD&amp;sa=D&amp;sntz=1&amp;usg=AFQjCNFJTdoNh6K9EL_jUguYlW-sX-QqxA\"> su <\/a><a href=\"http:\/\/www.google.com\/url?q=http%3A%2F%2Fcolumbus.uhu.es%2Fsearch*spi%2FX%3Ft%3A%2528al-bakri%2529%26searchscope%3D1%26Da%3D%26Db%3D%26SORT%3DD&amp;sa=D&amp;sntz=1&amp;usg=AFQjCNFJTdoNh6K9EL_jUguYlW-sX-QqxA\">producci\u00f3n<\/a><a href=\"http:\/\/www.google.com\/url?q=http%3A%2F%2Fcolumbus.uhu.es%2Fsearch*spi%2FX%3Ft%3A%2528al-bakri%2529%26searchscope%3D1%26Da%3D%26Db%3D%26SORT%3DD&amp;sa=D&amp;sntz=1&amp;usg=AFQjCNFJTdoNh6K9EL_jUguYlW-sX-QqxA\"> escrita<\/a><a href=\"http:\/\/www.google.com\/url?q=http%3A%2F%2Fcolumbus.uhu.es%2Fsearch*spi%2FX%3Ft%3A%2528al-bakri%2529%26searchscope%3D1%26Da%3D%26Db%3D%26SORT%3DD&amp;sa=D&amp;sntz=1&amp;usg=AFQjCNFJTdoNh6K9EL_jUguYlW-sX-QqxA\"> \/ <\/a><a href=\"http:\/\/www.google.com\/url?q=http%3A%2F%2Fcolumbus.uhu.es%2Fsearch*spi%2FX%3Ft%3A%2528al-bakri%2529%26searchscope%3D1%26Da%3D%26Db%3D%26SORT%3DD&amp;sa=D&amp;sntz=1&amp;usg=AFQjCNFJTdoNh6K9EL_jUguYlW-sX-QqxA\">Alejandro<\/a><a href=\"http:\/\/www.google.com\/url?q=http%3A%2F%2Fcolumbus.uhu.es%2Fsearch*spi%2FX%3Ft%3A%2528al-bakri%2529%26searchscope%3D1%26Da%3D%26Db%3D%26SORT%3DD&amp;sa=D&amp;sntz=1&amp;usg=AFQjCNFJTdoNh6K9EL_jUguYlW-sX-QqxA\">Garc\u00eda<\/a><a href=\"http:\/\/www.google.com\/url?q=http%3A%2F%2Fcolumbus.uhu.es%2Fsearch*spi%2FX%3Ft%3A%2528al-bakri%2529%26searchscope%3D1%26Da%3D%26Db%3D%26SORT%3DD&amp;sa=D&amp;sntz=1&amp;usg=AFQjCNFJTdoNh6K9EL_jUguYlW-sX-QqxA\">Sanju\u00e1n<\/a><a href=\"http:\/\/www.google.com\/url?q=http%3A%2F%2Fcolumbus.uhu.es%2Fsearch*spi%2FX%3Ft%3A%2528al-bakri%2529%26searchscope%3D1%26Da%3D%26Db%3D%26SORT%3DD&amp;sa=D&amp;sntz=1&amp;usg=AFQjCNFJTdoNh6K9EL_jUguYlW-sX-QqxA\">.<\/a><\/p>\n","protected":false},"excerpt":{"rendered":"<p>Al-Bakri es un peque\u00f1o cr\u00e1ter lunar, en el extremo noroeste del Mar Tranquillitatis, llamado as\u00ed en honor al hijo de un gobernador musulm\u00e1n de la provincia de Huelva y Salt\u00e9s. Nacido en Salt\u00e9s (Huelva) en 1014. ge\u00f3grafo, bot\u00e1nico e historiador hispano\u00e1rabe. Al&#8211;Bakri pas\u00f3 toda su vida en Al-Andalus, en C\u00f3rdoba, Almer\u00eda y Sevilla. En \u00a0C\u00f3rdoba&nbsp;<span class=\"excerpt_more\"><a href=\"https:\/\/www.uhu.es\/biblioteca\/labuhardilla\/?p=121\">[Seguir leyendo&#8230;]<\/a><\/span><\/p>\n","protected":false},"author":1,"featured_media":151,"comment_status":"open","ping_status":"open","sticky":false,"template":"","format":"standard","meta":{"_s2mail":"yes"},"categories":[3,6],"tags":[55,12],"_links":{"self":[{"href":"https:\/\/www.uhu.es\/biblioteca\/labuhardilla\/index.php?rest_route=\/wp\/v2\/posts\/121"}],"collection":[{"href":"https:\/\/www.uhu.es\/biblioteca\/labuhardilla\/index.php?rest_route=\/wp\/v2\/posts"}],"about":[{"href":"https:\/\/www.uhu.es\/biblioteca\/labuhardilla\/index.php?rest_route=\/wp\/v2\/types\/post"}],"author":[{"embeddable":true,"href":"https:\/\/www.uhu.es\/biblioteca\/labuhardilla\/index.php?rest_route=\/wp\/v2\/users\/1"}],"replies":[{"embeddable":true,"href":"https:\/\/www.uhu.es\/biblioteca\/labuhardilla\/index.php?rest_route=%2Fwp%2Fv2%2Fcomments&post=121"}],"version-history":[{"count":7,"href":"https:\/\/www.uhu.es\/biblioteca\/labuhardilla\/index.php?rest_route=\/wp\/v2\/posts\/121\/revisions"}],"predecessor-version":[{"id":152,"href":"https:\/\/www.uhu.es\/biblioteca\/labuhardilla\/index.php?rest_route=\/wp\/v2\/posts\/121\/revisions\/152"}],"wp:featuredmedia":[{"embeddable":true,"href":"https:\/\/www.uhu.es\/biblioteca\/labuhardilla\/index.php?rest_route=\/wp\/v2\/media\/151"}],"wp:attachment":[{"href":"https:\/\/www.uhu.es\/biblioteca\/labuhardilla\/index.php?rest_route=%2Fwp%2Fv2%2Fmedia&parent=121"}],"wp:term":[{"taxonomy":"category","embeddable":true,"href":"https:\/\/www.uhu.es\/biblioteca\/labuhardilla\/index.php?rest_route=%2Fwp%2Fv2%2Fcategories&post=121"},{"taxonomy":"post_tag","embeddable":true,"href":"https:\/\/www.uhu.es\/biblioteca\/labuhardilla\/index.php?rest_route=%2Fwp%2Fv2%2Ftags&post=121"}],"curies":[{"name":"wp","href":"https:\/\/api.w.org\/{rel}","templated":true}]}}