{"id":127,"date":"2012-09-20T12:00:21","date_gmt":"2012-09-20T12:00:21","guid":{"rendered":"http:\/\/www.uhu.es\/biblioteca\/blog\/?p=127"},"modified":"2012-10-09T10:21:23","modified_gmt":"2012-10-09T10:21:23","slug":"el-cine-en-la-biblioteca","status":"publish","type":"post","link":"https:\/\/www.uhu.es\/biblioteca\/labuhardilla\/?p=127","title":{"rendered":"El cine en la biblioteca"},"content":{"rendered":"<p><a href=\"http:\/\/www.uhu.es\/biblioteca\/blog\/wp-content\/uploads\/2012\/09\/Delicatessen.jpg\" rel='prettyPhoto[gallery1]'><img loading=\"lazy\" src=\"http:\/\/www.uhu.es\/biblioteca\/blog\/wp-content\/uploads\/2012\/09\/Delicatessen-300x134.jpg\" alt=\"\" title=\"Delicatessen\" width=\"300\" height=\"134\" class=\"alignleft size-medium wp-image-153\" srcset=\"https:\/\/www.uhu.es\/biblioteca\/labuhardilla\/wp-content\/uploads\/2012\/09\/Delicatessen-300x134.jpg 300w, https:\/\/www.uhu.es\/biblioteca\/labuhardilla\/wp-content\/uploads\/2012\/09\/Delicatessen.jpg 470w\" sizes=\"(max-width: 300px) 100vw, 300px\" \/><\/a>La Biblioteca Universitaria de Huelva ha realizado una selecci\u00f3n de libros relativos a la tem\u00e1tica &#8220;Cine&#8221;. Esta selecci\u00f3n puede consultarse en los expositores de Novedades de la planta baja de la Biblioteca Central en el Campus de El Carmen.<\/p>\n<p>El listado de los t\u00edtulos expuestos puede consultarse tambi\u00e9n en el <a title=\"Cat\u00e1logo\" href=\"http:\/\/columbus.uhu.es\/search~S1*spi?\/ftlist^bib01,1,0,117\/mode=2\">cat\u00e1logo web <\/a><\/p>\n<p><strong><br \/>Otros recursos de la Biblioteca sobre CINE en papel<\/strong><\/p>\n<ul>\n<li><a title=\"M\u00e1s sobre cine\" href=\"http:\/\/columbus.uhu.es\/search*spi\/X?SEARCH=%28cine%29&amp;SORT=D&amp;m=a\" target=\"_blank\">M\u00e1s sobre cine <\/a><\/li>\n<li><a title=\"Revistas\" href=\"http:\/\/columbus.uhu.es\/search~S2*spi?\/X%28cine%29&amp;searchscope=2&amp;Da=&amp;Db=&amp;SORT=D\/X%28cine%29&amp;searchscope=2&amp;Da=&amp;Db=&amp;SORT=D&amp;SUBKEY=%28cine%29\/1,58,58,B\/browse\" target=\"_blank\">Revistas especializadas sobre cine<\/a><\/li>\n<li><a href=\"http:\/\/columbus.uhu.es\/search%7ES1*spi?\/X%28cine+argentino%29&amp;SORT=D\/X%28cine+argentino%29&amp;SORT=D&amp;SUBKEY=%28cine+argentino%29\/1,7,7,B\/frameset&amp;FF=X%28cine+argentino%29&amp;SORT=D&amp;1,1,\" target=\"_blank\">Tesis doctorales <\/a><\/li>\n<\/ul>\n<p><strong>Recursos en soporte electr\u00f3nico:<\/strong><\/p>\n<ul>\n<li><a title=\"Digitalia\" href=\"http:\/\/columbus.uhu.es\/search~S1*spi?\/tdigitalia\/tdigitalia\/1,9,2315,B\/exact&amp;FF=tdigitalia+e+books+collection+ocho+y+medio&amp;1,142,\/indexsort=-\" target=\"_blank\"> &#8220;Digitalia e-books Coleccion : Ocho y Medio&#8221;<\/a> : Libros de cine<\/li>\n<li><a title=\"E-libro\" href=\"http:\/\/columbus.uhu.es\/search~S5*spi?\/X%28%28cine%29+and+%28e-libro%29%29&amp;SORT=D&amp;m=x\/X%28%28cine%29+and+%28e-libro%29%29&amp;SORT=D&amp;m=x&amp;SUBKEY=%28%28cine%29+and+%28e-libro%29%29\/1,81,81,B\/browse\" target=\"_blank\">Libros sobre cine en E-Libro<\/a><\/li>\n<li><a title=\"Tesis\" href=\"http:\/\/columbus.uhu.es\/search*spi\/X?SEARCH=%28cine%29&amp;SORT=D&amp;m=y\" target=\"_blank\">Tesis doctorales sobre cine <\/a><\/li>\n<\/ul>\n<p><strong>Pel\u00edculas en la BUH:<\/strong><\/p>\n<ul>\n<li>Colecci\u00f3n <a title=\"Speak-up\" href=\"http:\/\/columbus.uhu.es\/search*spi\/s?SEARCH=speak+up&amp;SORT=D&amp;searchscope=1&amp;submit=Buscar\" target=\"_blank\">&#8220;Speak up<\/a>&#8221; : cine en V.O.<\/li>\n<li>Colecci\u00f3n &#8220;<a title=\"Cine de estreno\" href=\"http:\/\/columbus.uhu.es\/search~S1*spi\/X?SEARCH=%28cine%20de%20estreno%29&amp;SORT=D\" target=\"_blank\">Cine de estreno&#8221;<\/a><\/li>\n<\/ul>\n<p><strong>El CINE en el Repositorio Institucional <a title=\"Arias Montano\" href=\"http:\/\/rabida.uhu.es\/dspace\/\" target=\"_blank\">Arias Montano:<\/a> <\/strong><\/p>\n<ul>\n<li>Mart\u00edn Murillo, Flora. <a title=\"Adolescentes\" href=\"http:\/\/rabida.uhu.es\/dspace\/handle\/10272\/4831\" target=\"_blank\">Adolescentes y maternidad en el cine: &#8220;Juno&#8221;, &#8220;Precious&#8221; y &#8220;TheGreatest&#8221;<\/a><\/li>\n<li>Clarembeaux, Michael. <a title=\"Educaci\u00f3n en cine\" href=\"http:\/\/rabida.uhu.es\/dspace\/handle\/10272\/4236\" target=\"_blank\">Educaci\u00f3n en cine : memoria y patrimonio <\/a><\/li>\n<li>Bazalgette, Cary. <a title=\"Apag\u00f3n anal\u00f3gico\" href=\"http:\/\/rabida.uhu.es\/dspace\/handle\/10272\/4231\" target=\"_blank\">El apag\u00f3n anal\u00f3gico : el British Film Institute y la educaci\u00f3n en los tres \u00faltimos decenios<\/a><\/li>\n<li>Ruiz del Olmo, Francisco Javier. <a title=\"Lenguaje e identidad colectiva\" href=\"http:\/\/rabida.uhu.es\/dspace\/handle\/10272\/4239\" target=\"_blank\">Lenguaje e identidad colectiva en Bu\u00f1uel : propaganda en el filme &#8220;Espa\u00f1a 1936&#8221; <\/a><\/li>\n<li>Fernandes Jos\u00e9 Gon\u00e7alves, Ana Luisa. <a href=\"http:\/\/rabida.uhu.es\/dspace\/handle\/10272\/2068\" target=\"_blank\">Aprender a ver cine : dise\u00f1o y evaluaci\u00f3n de un programa did\u00e1ctico para la formaci\u00f3n de j\u00f3venes espectadores cinematogr\u00e1ficos portugueses. <\/a><\/li>\n<li>Tavares, Miriam. <a title=\"Comprender el cine\" href=\"http:\/\/rabida.uhu.es\/dspace\/handle\/10272\/4234\" target=\"_blank\">Comprender el cine : las vanguardias y la construcci\u00f3n del texto f\u00edlmico <\/a><\/li>\n<li>Burn, Andrew. <a title=\"Emociones en la oscuridad\" href=\"http:\/\/rabida.uhu.es\/dspace\/handle\/10272\/4237\" target=\"_blank\">Emociones en la oscuridad : imagen y alfabetizaci\u00f3n medi\u00e1tica en j\u00f3venes. <\/a><\/li>\n<li>Mart\u00ednez-Salanova S\u00e1nchez, Enrique. <a title=\"Los sistemas educativos...\" href=\"http:\/\/rabida.uhu.es\/dspace\/handle\/10272\/4268\" target=\"_blank\">Los sistemas educativos en la memoria heterodoxa del cine europeo. <\/a><\/li>\n<\/ul>\n","protected":false},"excerpt":{"rendered":"<p>La Biblioteca Universitaria de Huelva ha realizado una selecci\u00f3n de libros relativos a la tem\u00e1tica &#8220;Cine&#8221;. Esta selecci\u00f3n puede consultarse en los expositores de Novedades de la planta baja de la Biblioteca Central en el Campus de El Carmen. El listado de los t\u00edtulos expuestos puede consultarse tambi\u00e9n en el cat\u00e1logo web Otros recursos de&nbsp;<span class=\"excerpt_more\"><a href=\"https:\/\/www.uhu.es\/biblioteca\/labuhardilla\/?p=127\">[Seguir leyendo&#8230;]<\/a><\/span><\/p>\n","protected":false},"author":1,"featured_media":153,"comment_status":"open","ping_status":"open","sticky":false,"template":"","format":"standard","meta":{"_s2mail":"yes"},"categories":[3,6],"tags":[43,33,60,30,61,44,31,45],"_links":{"self":[{"href":"https:\/\/www.uhu.es\/biblioteca\/labuhardilla\/index.php?rest_route=\/wp\/v2\/posts\/127"}],"collection":[{"href":"https:\/\/www.uhu.es\/biblioteca\/labuhardilla\/index.php?rest_route=\/wp\/v2\/posts"}],"about":[{"href":"https:\/\/www.uhu.es\/biblioteca\/labuhardilla\/index.php?rest_route=\/wp\/v2\/types\/post"}],"author":[{"embeddable":true,"href":"https:\/\/www.uhu.es\/biblioteca\/labuhardilla\/index.php?rest_route=\/wp\/v2\/users\/1"}],"replies":[{"embeddable":true,"href":"https:\/\/www.uhu.es\/biblioteca\/labuhardilla\/index.php?rest_route=%2Fwp%2Fv2%2Fcomments&post=127"}],"version-history":[{"count":2,"href":"https:\/\/www.uhu.es\/biblioteca\/labuhardilla\/index.php?rest_route=\/wp\/v2\/posts\/127\/revisions"}],"predecessor-version":[{"id":154,"href":"https:\/\/www.uhu.es\/biblioteca\/labuhardilla\/index.php?rest_route=\/wp\/v2\/posts\/127\/revisions\/154"}],"wp:featuredmedia":[{"embeddable":true,"href":"https:\/\/www.uhu.es\/biblioteca\/labuhardilla\/index.php?rest_route=\/wp\/v2\/media\/153"}],"wp:attachment":[{"href":"https:\/\/www.uhu.es\/biblioteca\/labuhardilla\/index.php?rest_route=%2Fwp%2Fv2%2Fmedia&parent=127"}],"wp:term":[{"taxonomy":"category","embeddable":true,"href":"https:\/\/www.uhu.es\/biblioteca\/labuhardilla\/index.php?rest_route=%2Fwp%2Fv2%2Fcategories&post=127"},{"taxonomy":"post_tag","embeddable":true,"href":"https:\/\/www.uhu.es\/biblioteca\/labuhardilla\/index.php?rest_route=%2Fwp%2Fv2%2Ftags&post=127"}],"curies":[{"name":"wp","href":"https:\/\/api.w.org\/{rel}","templated":true}]}}