{"id":1406,"date":"2014-09-26T08:12:24","date_gmt":"2014-09-26T08:12:24","guid":{"rendered":"http:\/\/www.uhu.es\/biblioteca\/labuhardilla\/?p=1406"},"modified":"2014-09-26T09:41:14","modified_gmt":"2014-09-26T09:41:14","slug":"te-hacemos-una-propuesta-educacion-y-cine","status":"publish","type":"post","link":"https:\/\/www.uhu.es\/biblioteca\/labuhardilla\/?p=1406","title":{"rendered":"Te hacemos una propuesta: Educaci\u00f3n y Cine"},"content":{"rendered":"<div id=\"attachment_1410\" style=\"width: 310px\" class=\"wp-caption alignleft\"><a href=\"http:\/\/www.uhu.es\/biblioteca\/labuhardilla\/wp-content\/uploads\/2014\/09\/Exposici\u00f3n.jpg\" rel='prettyPhoto[gallery1]'><img aria-describedby=\"caption-attachment-1410\" loading=\"lazy\" class=\"size-medium wp-image-1410\" title=\"Exposici\u00f3n\" src=\"http:\/\/www.uhu.es\/biblioteca\/labuhardilla\/wp-content\/uploads\/2014\/09\/Exposici\u00f3n-300x226.jpg\" alt=\"\" width=\"300\" height=\"226\" srcset=\"https:\/\/www.uhu.es\/biblioteca\/labuhardilla\/wp-content\/uploads\/2014\/09\/Exposici\u00f3n-300x226.jpg 300w, https:\/\/www.uhu.es\/biblioteca\/labuhardilla\/wp-content\/uploads\/2014\/09\/Exposici\u00f3n.jpg 768w\" sizes=\"(max-width: 300px) 100vw, 300px\" \/><\/a><p id=\"caption-attachment-1410\" class=\"wp-caption-text\">Educaci\u00f3n y cine<\/p><\/div>\n<p>De nuevo estamos de vuelta y queremos aprovechar el inicio del nuevo curso para dedicar nuestra exposici\u00f3n de cine a la educaci\u00f3n. Podemos decir que este ha sido un tema recurrente en el mundo cinematogr\u00e1fico, hay cientos de pel\u00edculas en las que el \u00e1mbito educativo ha servido de argumento para contar historias que nos han emocionado o han puesto de relieve problemas que afectan a la sociedad que nos rodea.<\/p>\n<p>Desde la biblioteca universitaria hemos intentado hacer una selecci\u00f3n que trate diferentes aspectos como el poder de la educaci\u00f3n, el af\u00e1n de superaci\u00f3n y la relaci\u00f3n profesor-alumno. No queremos perder esta oportunidad para invitaros a acercaros por la biblioteca y disfrutar no solo de las pel\u00edculas que os proponemos sino tambi\u00e9n de otros recursos disponibles (libros, <a title=\"revistas\" href=\"http:\/\/columbus.uhu.es\/search*spi\/c?SEARCH=educacion&amp;SORT=D&amp;searchscope=2&amp;submit=Buscar\" target=\"_blank\">revistas<\/a>, <a title=\"bases de datos\" href=\"http:\/\/www.uhu.es\/biblioteca\/recursose\/basededatos\/BasesDatos.htm\" target=\"_blank\">bases de datos<\/a>, <a title=\"dvd tem\u00e1ticos\" href=\"http:\/\/columbus.uhu.es\/record=b1547590~S1*spi\" target=\"_blank\">dvd tem\u00e1ticos<\/a>). Por \u00faltimo y si os interesa este tema, nos gustar\u00eda recomendaros este enlace para saber m\u00e1s sobre el uso did\u00e1ctico del cine. <a title=\"Grandes temas de cine\" href=\"http:\/\/www.uhu.es\/cine.educacion\/cineyeducacion\/grandestemas1.htm\" target=\"_blank\">Grandes temas en el cine<\/a><\/p>\n<p><strong>Pel\u00edculas seleccionadas<\/strong><\/p>\n<p><a title=\"La lengua de las mariposas\" href=\"http:\/\/columbus.uhu.es\/record=b1220728~S1*spi\" target=\"_blank\">La lengua de las mariposas<\/a>: 1936. En un pueblo gallego, un ni\u00f1o, Moncho, se incorpora a la escuela tras una larga enfermedad. Su peculiar maestro (Fernando Fern\u00e1n-G\u00f3mez), ense\u00f1a a los ni\u00f1os conocimientos tan variados como el origen de la patata o la necesidad de que las lenguas de las mariposas tengan forma de espiral. Cuando el 18 de Julio estalla la guerra, los valores y principios inculcados ser\u00e1n relegados, y la relaci\u00f3n entre Moncho y su maestro se ver\u00e1 truncada. (FILMAFFINITY).<\/p>\n<p><a title=\"Hoy empieza\" href=\"http:\/\/columbus.uhu.es\/record=b1372067~S1*spi\" target=\"_blank\">Hoy empieza todo<\/a>: Daniel Lefebvre es el director de la escuela infantil de un barrio marginal de un pueblo minero del norte de Francia, en el que el 30% de la poblaci\u00f3n est\u00e1 en paro a causa de la crisis de la miner\u00eda. Un d\u00eda, la madre de una alumna llega borracha a la escuela, sufre un colapso y deja all\u00ed a su beb\u00e9 y a su hija de cinco a\u00f1os. El director solicita entonces la ayuda de los vecinos, pero lo \u00fanico que conseguir\u00e1 es que su labor docente sea cuestionada. (FILMAFFINITY)<\/p>\n<p><a title=\"La clase\" href=\"http:\/\/columbus.uhu.es\/record=b1576053~S1*spi\" target=\"_blank\">La clase<\/a>: Fran\u00e7ois es un joven profesor de lengua francesa en un instituto conflictivo, situado en un barrio marginal. Sus alumnos tienen entre 14 y 15 a\u00f1os, y no duda en enfrentarse a ellos en estimulantes batallas verbales; pero el aprendizaje de la democracia puede implicar aut\u00e9nticos riesgos. Al comenzar el curso, los profesores, llenos de buenas intenciones, deseosos de dar la mejor educaci\u00f3n a sus alumnos, se arman contra el desaliento. Pero la abismal diferencia de cultura y de actitud chocan violentamente en las aulas, que no son m\u00e1s que un microcosmos de la Francia contempor\u00e1nea. Por muy divertidos que sean a veces los alumnos, sus comportamientos pueden cortar de ra\u00edz el entusiasmo de un profesor. La tremenda franqueza de Fran\u00e7ois sorprende a sus alumnos, pero su estricto sentido de la \u00e9tica se tambalea cuando los j\u00f3venes empiezan a no aceptar sus m\u00e9todos. (FILMAFFINITY)<\/p>\n<p><a title=\"El club de los poetas muertos\" href=\"http:\/\/columbus.uhu.es\/record=b1389736~S1*spi\" target=\"_blank\">El club de los poetas muertos<\/a>: En un elitista y estricto colegio privado de Nueva Inglaterra, un grupo de alumnos descubrir\u00e1 la poes\u00eda, el significado del &#8220;carpe diem&#8221; -aprovechar el momento- y la importancia vital de luchar por alcanzar los sue\u00f1os, gracias a un exc\u00e9ntrico profesor que despierta sus mentes por medio de m\u00e9todos poco convencionales. (FILMAFFINITY)<\/p>\n<p><a title=\"Billy Elliot\" href=\"http:\/\/columbus.uhu.es\/record=b1439707~S1*spi\" target=\"_blank\">Billy Elliot<\/a>: En 1984, durante una huelga de mineros en el condado de Durham, se suceden los enfrentamientos entre piquetes y polic\u00eda. Entre los mineros m\u00e1s exaltados est\u00e1n Tony y su padre. \u00c9ste se ha empe\u00f1ado en que Billy, su hijo peque\u00f1o, reciba clases de boxeo. Pero, aunque el chico tiene un buen juego de piernas, carece por completo de pegada. Un d\u00eda, en el gimnasio, Billy observa la clase de ballet de la se\u00f1ora Wilkinson, una mujer de car\u00e1cter severo que lo anima a participar. A partir de ese momento, Billy se dedicar\u00e1 apasionadamente a la danza. (FILMAFFINITY)<\/p>\n<p><a title=\"Katmand\u00fa\" href=\"http:\/\/columbus.uhu.es\/record=b1719225~S1*spi\" target=\"_blank\">Katmand\u00fa: un espejo en el cielo<\/a>: Laia, una joven maestra catalana, se traslada a Katmand\u00fa para trabajar en una escuela. All\u00ed descubre una pobreza extrema y un panorama educativo desolador que, adem\u00e1s, excluye a los m\u00e1s necesitados. Tras contraer, a su pesar, un matrimonio de conveniencia para legalizar su situaci\u00f3n, emprende un ambicioso proyecto pedag\u00f3gico en los barrios de chabolas de la ciudad, aunque pronto se da cuenta de que necesita ayuda para hacerlo realidad. Al mismo tiempo, de forma inesperada, se enamora de su marido. Siguiendo a Sharmila, una joven maestra nativa, emprende un viaje hasta el fondo de la sociedad nepal\u00ed y, tambi\u00e9n, hasta el fondo de s\u00ed misma. Drama basado en la historia real de la maestra Victoria Subirana, una catalana nacida en 1959, que descubri\u00f3 que su trabajo era mucho m\u00e1s \u00fatil en un pa\u00eds sin alfabetizar. (FILMAFFINITY)<\/p>\n<p><a title=\"Cadena de favores\" href=\"http:\/\/columbus.uhu.es\/record=b1616994~S1*spi\" target=\"_blank\">Cadena de favores<\/a>: Un ni\u00f1o imagina un curioso sistema para mejorar el mundo; hacer favores desinteresadamente. Para sorpresa de todos, la generosa propuesta causa furor entre la gente. Entretenida comedia con toques dram\u00e1ticos y un eficaz reparto. En la novela en la que se basa el film, el personaje interpretado por Spacey es de raza negra, lo que provoc\u00f3 cierta pol\u00e9mica en USA. (FILMAFFINITY)<\/p>\n<p><a title=\"La ola\" href=\"http:\/\/columbus.uhu.es\/record=b1720630~S1*spi\" target=\"_blank\">La ola<\/a>: En Alemania, durante la semana de proyectos, al profesor de instituto Rainer Wenger (J\u00fcrgen Vogel) se le ocurre hacer un experimento para explicar a sus alumnos el funcionamiento de un r\u00e9gimen totalitario. En apenas unos d\u00edas, lo que parec\u00eda una prueba in\u00f3cua basada en la disciplina y el sentimiento de comunidad va derivando hacia una situaci\u00f3n sobre la que el profesor pierde todo control. (FILMAFFINITY)<\/p>\n<p><a title=\"Ni uno menos\" href=\"http:\/\/columbus.uhu.es\/record=b1372063~S1*spi\" target=\"_blank\">Ni uno menos: <\/a>Una ni\u00f1a de 13 a\u00f1os, Wei Minzhi, que vive en un pueblo de las monta\u00f1as, se ve obligada, por orden del alcalde, a sustituir durante un mes a su maestro. \u00c9ste le deja cada d\u00eda un trozo de tiza y promete darle 10 yuan si consigue que ning\u00fan estudiante abandone la escuela. Sin embargo, el revoltoso Zhang Huike abandona la clase para ir a la ciudad en busca de trabajo, y la abnegada Minzhi tendr\u00e1 que ingeni\u00e1rselas para que regrese a la escuela. (FILMAFFINITY)<strong><\/strong><\/p>\n<p><a title=\"En la casa\" href=\"http:\/\/columbus.uhu.es\/record=b1708025~S1*spi\" target=\"_blank\">En la casa<\/a>: Un profesor de literatura francesa, desalentado y hastiado por las insulsas y torpes redacciones de sus nuevos alumnos, descubre entusiasmado que, por el contrario, el chico que se sienta al fondo de la clase, muestra en sus trabajos un agudo y sutil sentido de la observaci\u00f3n. Este chico, que se siente extra\u00f1amente fascinado por la familia de uno de sus compa\u00f1eros, escribir\u00e1, animado por el profesor, una especie de novela sobre esa familia (y tambi\u00e9n sobre el profesor), en la que es dif\u00edcil distinguir entre realidad y ficci\u00f3n. (FILMAFFINITY)<strong><\/strong><\/p>\n<p><a title=\"El indomable Will Hunting\" href=\"http:\/\/columbus.uhu.es\/record=b1742780~S1*spi\" target=\"_blank\">El indomable Will Hunting<\/a>: Will es un joven rebelde con una inteligencia asombrosa, especialmente para las matem\u00e1ticas. El descubrimiento de su talento por parte de los profesores le plantear\u00e1 un dilema: seguir con su vida de siempre -un trabajo f\u00e1cil, buenos amigos con los que tomar unas cervezas- o aprovechar sus grandes cualidades intelectuales en alguna universidad. S\u00f3lo los consejos de un solitario y bohemio profesor le ayudar\u00e1n a decidirse. (FILMAFFINITY)<\/p>\n<p><a title=\"Precious\" href=\"http:\/\/columbus.uhu.es\/record=b1620763~S1*spi\" target=\"_blank\">Precious<\/a>: Clareece &#8216;Precious&#8217; Jones (Gabourey Sidibe) es una adolescente negra y obesa de Harlem cuya madre (Mo\u2019Nique) la maltrata constantemente. No sabe leer ni escribir y, cuando se descubre que est\u00e1 embarazada, es expulsada de la escuela. A pesar de todo, la directora del centro la inscribe en una escuela alternativa para que intente encauzar su vida. Su nueva profesora (Paula Patton) es la primera persona que conf\u00eda en Precious y la trata con respeto. (FILMAFFINITY)<\/p>\n<p><a title=\"El profesor\" href=\"http:\/\/columbus.uhu.es\/record=b1719751~S1*spi\" target=\"_blank\">El profesor<\/a>: A un instituto lleno de alumnos problem\u00e1ticos y con unos resultados acad\u00e9micos muy bajos, llega Henry Bathes, un profesor sustituto que posee un aut\u00e9ntico don para conectar con los alumnos. Pero Henry prefiere ignorar su talento. Al trabajar s\u00f3lo sustituciones, nunca permanece bastante tiempo en un instituto como para mantener una relaci\u00f3n afectiva con sus alumnos o sus compa\u00f1eros. Cuando llega a este instituto donde una frustrada administraci\u00f3n ha conseguido volver totalmente ap\u00e1ticos a los alumnos, Henry no tarda en convertirse en un ejemplo a seguir para los adolescentes. Logra una conexi\u00f3n emocional con los alumnos, con los otros profesores y con una adolescente prostituta a la que recoge en la calle. Puede que gracias a ellos se d\u00e9 cuenta de que no est\u00e1 solo en su desesperada b\u00fasqueda de la belleza en un mundo aparentemente falto de amor y lleno de maldad. (FILMAFFINITY)<\/p>\n<p><a title=\"Los chicos del coro\" href=\"http:\/\/columbus.uhu.es\/record=b1720629~S1*spi\" target=\"_blank\">Los chicos del coro<\/a>: En 1948 Cl\u00e9ment Mathieu, profesor de m\u00fasica desempleado, acepta un puesto como profesor vigilante en un internado de reeducaci\u00f3n de menores. El sistema represivo aplicado por el director conmociona a Mathieu. Ense\u00f1\u00e1ndoles m\u00fasica y canto coral a estos ni\u00f1os tan dif\u00edciles, Mathieu transformar\u00e1 sus vidas cotidianas. (FILMAFFINITY)<\/p>\n<p>&nbsp;<\/p>\n<div style=\"text-align: center;\"><span style=\"color: #800080;\"><em><strong>Estas pel\u00edculas est\u00e1n disponibles\u00a0 en la Hemeroteca-Mediateca de la BUH<\/strong><\/em><\/span><\/div>\n<p>&nbsp;<\/p>\n","protected":false},"excerpt":{"rendered":"<p>De nuevo estamos de vuelta y queremos aprovechar el inicio del nuevo curso para dedicar nuestra exposici\u00f3n de cine a la educaci\u00f3n. Podemos decir que este ha sido un tema recurrente en el mundo cinematogr\u00e1fico, hay cientos de pel\u00edculas en las que el \u00e1mbito educativo ha servido de argumento para contar historias que nos han&nbsp;<span class=\"excerpt_more\"><a href=\"https:\/\/www.uhu.es\/biblioteca\/labuhardilla\/?p=1406\">[Seguir leyendo&#8230;]<\/a><\/span><\/p>\n","protected":false},"author":4,"featured_media":1410,"comment_status":"open","ping_status":"open","sticky":false,"template":"","format":"standard","meta":{"_s2mail":"yes"},"categories":[6,5],"tags":[60,100],"_links":{"self":[{"href":"https:\/\/www.uhu.es\/biblioteca\/labuhardilla\/index.php?rest_route=\/wp\/v2\/posts\/1406"}],"collection":[{"href":"https:\/\/www.uhu.es\/biblioteca\/labuhardilla\/index.php?rest_route=\/wp\/v2\/posts"}],"about":[{"href":"https:\/\/www.uhu.es\/biblioteca\/labuhardilla\/index.php?rest_route=\/wp\/v2\/types\/post"}],"author":[{"embeddable":true,"href":"https:\/\/www.uhu.es\/biblioteca\/labuhardilla\/index.php?rest_route=\/wp\/v2\/users\/4"}],"replies":[{"embeddable":true,"href":"https:\/\/www.uhu.es\/biblioteca\/labuhardilla\/index.php?rest_route=%2Fwp%2Fv2%2Fcomments&post=1406"}],"version-history":[{"count":18,"href":"https:\/\/www.uhu.es\/biblioteca\/labuhardilla\/index.php?rest_route=\/wp\/v2\/posts\/1406\/revisions"}],"predecessor-version":[{"id":1427,"href":"https:\/\/www.uhu.es\/biblioteca\/labuhardilla\/index.php?rest_route=\/wp\/v2\/posts\/1406\/revisions\/1427"}],"wp:featuredmedia":[{"embeddable":true,"href":"https:\/\/www.uhu.es\/biblioteca\/labuhardilla\/index.php?rest_route=\/wp\/v2\/media\/1410"}],"wp:attachment":[{"href":"https:\/\/www.uhu.es\/biblioteca\/labuhardilla\/index.php?rest_route=%2Fwp%2Fv2%2Fmedia&parent=1406"}],"wp:term":[{"taxonomy":"category","embeddable":true,"href":"https:\/\/www.uhu.es\/biblioteca\/labuhardilla\/index.php?rest_route=%2Fwp%2Fv2%2Fcategories&post=1406"},{"taxonomy":"post_tag","embeddable":true,"href":"https:\/\/www.uhu.es\/biblioteca\/labuhardilla\/index.php?rest_route=%2Fwp%2Fv2%2Ftags&post=1406"}],"curies":[{"name":"wp","href":"https:\/\/api.w.org\/{rel}","templated":true}]}}