{"id":1522,"date":"2014-10-29T11:51:32","date_gmt":"2014-10-29T11:51:32","guid":{"rendered":"http:\/\/www.uhu.es\/biblioteca\/labuhardilla\/?p=1522"},"modified":"2014-10-29T12:14:25","modified_gmt":"2014-10-29T12:14:25","slug":"el-miedo-ha-llegado-a-nuestra-biblioteca","status":"publish","type":"post","link":"https:\/\/www.uhu.es\/biblioteca\/labuhardilla\/?p=1522","title":{"rendered":"El miedo ha llegado a nuestra Biblioteca&#8230;"},"content":{"rendered":"<p dir=\"ltr\"><a href=\"http:\/\/www.uhu.es\/biblioteca\/labuhardilla\/wp-content\/uploads\/2014\/10\/halloween.jpg\" rel='prettyPhoto[gallery1]'><img loading=\"lazy\" class=\"alignleft size-medium wp-image-1523\" title=\"Halloween\" src=\"http:\/\/www.uhu.es\/biblioteca\/labuhardilla\/wp-content\/uploads\/2014\/10\/halloween-216x300.jpg\" alt=\"\" width=\"216\" height=\"300\" srcset=\"https:\/\/www.uhu.es\/biblioteca\/labuhardilla\/wp-content\/uploads\/2014\/10\/halloween-216x300.jpg 216w, https:\/\/www.uhu.es\/biblioteca\/labuhardilla\/wp-content\/uploads\/2014\/10\/halloween.jpg 694w\" sizes=\"(max-width: 216px) 100vw, 216px\" \/><\/a><\/p>\n<h2><\/h2>\n<h2 style=\"text-align: center;\"><span style=\"color: #800000;\"><em>\u00a1Compartiendo el miedo se hace menor!<\/em><\/span><\/h2>\n<p>&nbsp;<\/p>\n<p>Queremos que estos d\u00edas disfrut\u00e9is de una buena lectura, una terror\u00edfica pel\u00edcula y que pas\u00e9is much\u00edsimo miedo.\u00a0Esperamos que os guste la selecci\u00f3n que hemos hecho.<\/p>\n<p>Pod\u00e9is dejar un comentario del libro o pel\u00edcula m\u00e1s terror\u00edfica que hab\u00e9is le\u00eddo.<\/p>\n<p>&nbsp;<\/p>\n<p>&nbsp;<\/p>\n<h2><\/h2>\n<h2><\/h2>\n<p>&nbsp;<\/p>\n<p>&nbsp;<\/p>\n<h2><span style=\"color: #800000;\">Pel\u00edculas de terror:<a href=\"http:\/\/www.uhu.es\/biblioteca\/labuhardilla\/wp-content\/uploads\/2014\/10\/pumpkin.jpg\" rel='prettyPhoto[gallery1]'><img loading=\"lazy\" class=\"alignright size-medium wp-image-1535\" title=\"pumpkin\" src=\"http:\/\/www.uhu.es\/biblioteca\/labuhardilla\/wp-content\/uploads\/2014\/10\/pumpkin-300x201.jpg\" alt=\"\" width=\"300\" height=\"201\" srcset=\"https:\/\/www.uhu.es\/biblioteca\/labuhardilla\/wp-content\/uploads\/2014\/10\/pumpkin-300x200.jpg 300w, https:\/\/www.uhu.es\/biblioteca\/labuhardilla\/wp-content\/uploads\/2014\/10\/pumpkin-150x100.jpg 150w, https:\/\/www.uhu.es\/biblioteca\/labuhardilla\/wp-content\/uploads\/2014\/10\/pumpkin.jpg 454w\" sizes=\"(max-width: 300px) 100vw, 300px\" \/><\/a><br \/>\n<\/span><\/h2>\n<p><a title=\"My little eye\" href=\"http:\/\/columbus.uhu.es\/record=b1439657~S1*spi\" target=\"_blank\">My little eye<\/a><\/p>\n<p><a title=\"La semilla del diablo\" href=\"http:\/\/columbus.uhu.es\/record=b1439650~S1*spi\" target=\"_blank\">La semilla del diablo<\/a><\/p>\n<p><a title=\"La profec\u00eda\" href=\"http:\/\/columbus.uhu.es\/record=b1439916~S1*spi\" target=\"_blank\">La profecia<\/a><\/p>\n<p><a title=\"Nosferatu\" href=\"http:\/\/columbus.uhu.es\/record=b1439817~S1*spi\" target=\"_blank\">Nosferatu<\/a><\/p>\n<p><a title=\"Temblores\" href=\"http:\/\/columbus.uhu.es\/record=b1439654~S1*spi\" target=\"_blank\">Temblores<\/a><\/p>\n<p><a title=\"La matanza de Texas\" href=\"http:\/\/columbus.uhu.es\/record=b1439823~S1*spi\" target=\"_blank\">La matanza de Texas<\/a><\/p>\n<p><a title=\"Hellraiser\" href=\"http:\/\/columbus.uhu.es\/record=b1439668~S1*spi\" target=\"_blank\">Hellraiser<\/a><\/p>\n<p><a title=\"El Cuervo\" href=\"http:\/\/columbus.uhu.es\/record=b1399033~S1*spi\" target=\"_blank\">El cuervo<\/a><\/p>\n<p><a title=\"The ring\" href=\"http:\/\/columbus.uhu.es\/record=b1646366~S1*spi\" target=\"_blank\">The ring<\/a><\/p>\n<p><a title=\"La sombra del vampiro\" href=\"http:\/\/columbus.uhu.es\/record=b1439925~S1*spi\" target=\"_blank\">La sombra del vampiro<\/a><\/p>\n<p><a title=\"Frankenweenie\" href=\"http:\/\/columbus.uhu.es\/record=b1692320~S1*spi\" target=\"_blank\">Frankenweenie<\/a><\/p>\n<p><a title=\"Las brujas de Zugarramurdi\" href=\"http:\/\/columbus.uhu.es\/record=b1740876~S1*spi\" target=\"_blank\">Las brujas de Zugarramurdi<\/a><\/p>\n<p><a title=\"Posesi\u00f3n infernal\" href=\"http:\/\/columbus.uhu.es\/record=b1428076~S1*spi\" target=\"_blank\">Posesi\u00f3n infernal<\/a><\/p>\n<p><a title=\"El exorcista III\" href=\"http:\/\/columbus.uhu.es\/record=b1439911~S1*spi\" target=\"_blank\">El exorcista III<\/a><\/p>\n<p><a title=\"La noche de los muertos vivientes\" href=\"http:\/\/columbus.uhu.es\/record=b1434493~S1*spi\" target=\"_blank\">La noche de los muertos vivientes<\/a><\/p>\n<p><a title=\"El jovencito Frankenstein\" href=\"http:\/\/columbus.uhu.es\/record=b1664798~S1*spi\" target=\"_blank\">El jovencito Frankenstein<\/a><\/p>\n<p><a title=\"El pacto de los lobos\" href=\"http:\/\/columbus.uhu.es\/record=b1439492~S1*spi\" target=\"_blank\">El pacto de los lobos<\/a><\/p>\n<h2><span style=\"color: #800000;\">Libros de terror:<\/span><\/h2>\n<p><a title=\"Cuentos\" href=\"http:\/\/columbus.uhu.es\/record=b1329215~S1*spi\" target=\"_blank\">Cuentos<\/a><\/p>\n<p><a title=\"Cuentos terror\u00edficos\" href=\"http:\/\/columbus.uhu.es\/record=b1302865~S1*spi\" target=\"_blank\">Cuentos terror\u00edficos<\/a><\/p>\n<p><a title=\"Antolog\u00eda de cuentos de terror\" href=\"http:\/\/columbus.uhu.es\/record=b1342445~S1*spi\" target=\"_blank\">Antolog\u00eda de cuentos de terror : de Daniel Defoe a Edgar Allan Poe\u00a0<\/a><\/p>\n<p><a title=\"Otra vuelta de tuerca\" href=\"http:\/\/columbus.uhu.es\/record=b1357342~S1*spi\" target=\"_blank\">Otra vuelta de tuerca<\/a><\/p>\n<p><a title=\"Dr\u00e1cula\" href=\"http:\/\/columbus.uhu.es\/record=b1237102~S1*spi\" target=\"_blank\">Dr\u00e1cula<\/a><\/p>\n<p><a title=\"Coraline\" href=\"http:\/\/columbus.uhu.es\/record=b1554984~S1*spi\" target=\"_blank\">Coraline<\/a><\/p>\n<p><a href=\"http:\/\/columbus.uhu.es\/record=b1357224~S1*spi\">Los mitos de Cthulhu<\/a><\/p>\n<p><a title=\"El monje y la hija del verdugo\" href=\"http:\/\/columbus.uhu.es\/record=b1621366~S1*spi\" target=\"_blank\">El monje y la hija del verdugo<\/a><\/p>\n<p>Todas estas pel\u00edculas y libros est\u00e1n disponibles en el expositor de la entrada de la Biblioteca Central. \u00a0\u00a1LL\u00e9vatelos!<\/p>\n<p><span style=\"color: #800000;\">Textos completos relacionados con el tema, extra\u00eddos del ISOC (base de datos del CSIC):<\/span><\/p>\n<p><a title=\"Genealog\u00eda hipn\u00f3tica del mito zombi\" href=\"https:\/\/revistas.ucm.es\/index.php\/ESIM\/article\/view\/43541\" target=\"_blank\">Genealog\u00eda hipn\u00f3tica del mito del zombi: White zombie (1932)<\/a><\/p>\n<p><a title=\"Cuando no quede sitio en el infierno...\" href=\"http:\/\/www.revistadefilosofia.org\/50-30.pdf\" target=\"_blank\">Cuando no quede sitio en el Infierno, los muertos caminar\u00e1n sobre la Tierra<\/a><\/p>\n<p><a title=\"El vampiro del tercer milenio\" href=\"http:\/\/oceanide.netne.net\/articulos\/art4-10.pdf\" target=\"_blank\">El vampiro del tercer milenio: del demonio a \u00e1ngel<\/a><\/p>\n<p><a title=\"Terror cognoscitivo\" href=\"http:\/\/revistas.um.es\/cartaphilus\/article\/view\/142511\/127821\" target=\"_blank\">Terror cognoscitivo y terror metaf\u00edsico en los relatos de Jorge Lu\u00eds Borges<\/a><\/p>\n<p><a title=\"El zombi...\" href=\"http:\/\/revistas.ucm.es\/index.php\/NOMA\/article\/view\/38076\/36829\" target=\"_blank\">El &#8220;zombi&#8221; como met\u00e1fora contracultural<\/a><\/p>\n<p><a title=\"Ruinas, cementerios y subterr\u00e1neos...\" href=\"http:\/\/revistas.um.es\/estudiosromanicos\/article\/view\/146551\/130901\" target=\"_blank\">Ruinas, cementerios y subterr\u00e1neos en la segunda mitad del siglo XVIII: Le crime puni y L empire de la beaut\u00e9, cuentos terror\u00edficos de Loaisel de Tr\u00e9ogate<\/a><\/p>\n<p><a title=\"El antiguo festival c\u00e9ltico...\" href=\"http:\/\/alojoptico.us.es\/Araucaria\/nro12\/ideas12_1.pdf\" target=\"_blank\">El antiguo festival c\u00e9ltico pagano de Samain y su<\/a>\u00a0<a title=\"El antiguo festival c\u00e9ltico...\" href=\"http:\/\/alojoptico.us.es\/Araucaria\/nro12\/ideas12_1.pdf\" target=\"_blank\">continuaci\u00f3n en la fiesta laica de Halloween, el d\u00eda de<\/a>\u00a0<a title=\"El antiguo festival c\u00e9ltico...\" href=\"http:\/\/alojoptico.us.es\/Araucaria\/nro12\/ideas12_1.pdf\" target=\"_blank\">los difuntos cristiano y el d\u00eda de muertos en M\u00e9xico<\/a><\/p>\n<p>&nbsp;<\/p>\n<p><strong>\u00a0<\/strong><\/p>\n<p>&nbsp;<\/p>\n","protected":false},"excerpt":{"rendered":"<p>\u00a1Compartiendo el miedo se hace menor! &nbsp; Queremos que estos d\u00edas disfrut\u00e9is de una buena lectura, una terror\u00edfica pel\u00edcula y que pas\u00e9is much\u00edsimo miedo.\u00a0Esperamos que os guste la selecci\u00f3n que hemos hecho. Pod\u00e9is dejar un comentario del libro o pel\u00edcula m\u00e1s terror\u00edfica que hab\u00e9is le\u00eddo. &nbsp; &nbsp; &nbsp; &nbsp; Pel\u00edculas de terror: My little eye&nbsp;<span class=\"excerpt_more\"><a href=\"https:\/\/www.uhu.es\/biblioteca\/labuhardilla\/?p=1522\">[Seguir leyendo&#8230;]<\/a><\/span><\/p>\n","protected":false},"author":4,"featured_media":1530,"comment_status":"open","ping_status":"open","sticky":false,"template":"","format":"standard","meta":{"_s2mail":"yes"},"categories":[3,6],"tags":[100,140],"_links":{"self":[{"href":"https:\/\/www.uhu.es\/biblioteca\/labuhardilla\/index.php?rest_route=\/wp\/v2\/posts\/1522"}],"collection":[{"href":"https:\/\/www.uhu.es\/biblioteca\/labuhardilla\/index.php?rest_route=\/wp\/v2\/posts"}],"about":[{"href":"https:\/\/www.uhu.es\/biblioteca\/labuhardilla\/index.php?rest_route=\/wp\/v2\/types\/post"}],"author":[{"embeddable":true,"href":"https:\/\/www.uhu.es\/biblioteca\/labuhardilla\/index.php?rest_route=\/wp\/v2\/users\/4"}],"replies":[{"embeddable":true,"href":"https:\/\/www.uhu.es\/biblioteca\/labuhardilla\/index.php?rest_route=%2Fwp%2Fv2%2Fcomments&post=1522"}],"version-history":[{"count":60,"href":"https:\/\/www.uhu.es\/biblioteca\/labuhardilla\/index.php?rest_route=\/wp\/v2\/posts\/1522\/revisions"}],"predecessor-version":[{"id":1585,"href":"https:\/\/www.uhu.es\/biblioteca\/labuhardilla\/index.php?rest_route=\/wp\/v2\/posts\/1522\/revisions\/1585"}],"wp:featuredmedia":[{"embeddable":true,"href":"https:\/\/www.uhu.es\/biblioteca\/labuhardilla\/index.php?rest_route=\/wp\/v2\/media\/1530"}],"wp:attachment":[{"href":"https:\/\/www.uhu.es\/biblioteca\/labuhardilla\/index.php?rest_route=%2Fwp%2Fv2%2Fmedia&parent=1522"}],"wp:term":[{"taxonomy":"category","embeddable":true,"href":"https:\/\/www.uhu.es\/biblioteca\/labuhardilla\/index.php?rest_route=%2Fwp%2Fv2%2Fcategories&post=1522"},{"taxonomy":"post_tag","embeddable":true,"href":"https:\/\/www.uhu.es\/biblioteca\/labuhardilla\/index.php?rest_route=%2Fwp%2Fv2%2Ftags&post=1522"}],"curies":[{"name":"wp","href":"https:\/\/api.w.org\/{rel}","templated":true}]}}