{"id":1642,"date":"2014-11-11T11:50:40","date_gmt":"2014-11-11T11:50:40","guid":{"rendered":"http:\/\/www.uhu.es\/biblioteca\/labuhardilla\/?p=1642"},"modified":"2014-11-11T13:57:19","modified_gmt":"2014-11-11T13:57:19","slug":"monarquias-europeas-crisis-y-revolucion","status":"publish","type":"post","link":"https:\/\/www.uhu.es\/biblioteca\/labuhardilla\/?p=1642","title":{"rendered":"Monarqu\u00edas europeas, crisis  y revoluci\u00f3n"},"content":{"rendered":"<p>Con esta exposici\u00f3n (que encontrar\u00e1s en el hall de la Biblioteca Central) tratamos de hacer un recorrido a trav\u00e9s de las monarqu\u00edas europeas y los periodos convulsos de cambio y revoluci\u00f3n que marcaron la historia moderna\u00a0 de Europa.<\/p>\n<p>En lo referente a la monarqu\u00eda espa\u00f1ola hemos seleccionado series documentales que hacen un recorrido desde la creaci\u00f3n del estado moderno espa\u00f1ol con los Reyes Cat\u00f3licos hasta la Guerra de la Independencia y la Constituci\u00f3n de 1812 promulgada por las Cortes de C\u00e1diz.<\/p>\n<h2><span style=\"color: #750414;\"><strong><span style=\"text-decoration: underline;\">Monarqu\u00eda inglesa<\/span><\/strong><em><strong><span style=\"text-decoration: underline;\"><a href=\"http:\/\/www.uhu.es\/biblioteca\/labuhardilla\/wp-content\/uploads\/2014\/11\/cinesvida.wordpress.jpg\" rel='prettyPhoto[gallery1]'><img loading=\"lazy\" class=\"alignright size-full wp-image-1646\" title=\"cinesvida.wordpress.com\" src=\"http:\/\/www.uhu.es\/biblioteca\/labuhardilla\/wp-content\/uploads\/2014\/11\/cinesvida.wordpress.jpg\" alt=\"\" width=\"400\" height=\"260\" srcset=\"https:\/\/www.uhu.es\/biblioteca\/labuhardilla\/wp-content\/uploads\/2014\/11\/cinesvida.wordpress.jpg 400w, https:\/\/www.uhu.es\/biblioteca\/labuhardilla\/wp-content\/uploads\/2014\/11\/cinesvida.wordpress-300x195.jpg 300w\" sizes=\"(max-width: 400px) 100vw, 400px\" \/><\/a><\/span><\/strong><\/em><\/span><\/h2>\n<p><strong><a title=\"Un hombre para la eternidad\" href=\"http:\/\/columbus.uhu.es\/record=b1381602~S1*spi\" target=\"_blank\">Un hombre para la eternidad<\/a><\/strong><\/p>\n<p>Para divorciarse de su esposa Catalina de Arag\u00f3n (hija de los Reyes Cat\u00f3licos y t\u00eda del emperador Carlos V) y contraer matrimonio con Ana Bolena, Enrique VIII (1509-1547) trata de obtener el apoyo de la aristocracia y del clero. Sir Thomas Moro, uno de los m\u00e1s notables humanistas europeos (&#8220;Utop\u00eda&#8221;, 1516), ferviente cat\u00f3lico y hombre de confianza del monarca, se encuentra en una encrucijada: \u00bfdebe actuar de acuerdo con su conciencia, arriesg\u00e1ndose a ser tachado de traidor y ejecutado, o debe ceder ante un rey que no tiene ning\u00fan reparo en adaptar la ley a sus necesidades? (FILMAFFINITY)<\/p>\n<p><strong><a href=\"http:\/\/columbus.uhu.es\/record=b1534494~S1*spi\"><strong>Las hermanas Bolena<\/strong><\/a><\/strong><\/p>\n<p>Inglaterra, siglo XVI. Narra la historia de dos hermanas, Ana y Mar\u00eda Bolena (Portman &amp; Johansson). El padre y el t\u00edo de ambas, movidos por la ambici\u00f3n de mejorar el nivel social y el poder de la familia, convencen a las j\u00f3venes para que conquisten el amor de Enrique VIII, Rey de Inglaterra. Ana y Mar\u00eda abandonan su vida en el campo para trasladarse al peligroso y apasionante mundo de la corte. Pero, pronto surge entre ellas una rivalidad sin cuartel para obtener el amor del Rey. Al principio, el Rey escoge como amante a Mar\u00eda y tiene con ella un bastardo. Pero Ana, que es muy inteligente y astuta, consigue eclipsar a su hermana e, incluso, que el rey repudie a Catalina de Arag\u00f3n, su leg\u00edtima esposa. (FILMAFFINITY)<strong><\/strong><\/p>\n<p><strong><a href=\"http:\/\/columbus.uhu.es\/record=b1440004~S1*spi\"><strong>Elizabeth<\/strong><\/a><\/strong><\/p>\n<p>Inglaterra, a\u00f1o 1554. Tras la muerte de la reina Mar\u00eda Tudor, que ha dejado al pa\u00eds sumido en un estado de inestabilidad financiera y crisis religiosa, sube al trono Isabel I (Cate Blanchett). Popularmente se la conoce como &#8220;La Reina Virgen&#8221;, aunque por su participaci\u00f3n en el reparto del bot\u00edn obtenido tras los ataques de Drake a las costas espa\u00f1olas, tanto peninsulares como coloniales, es tambi\u00e9n conocida como &#8220;La Reina Pirata&#8221;. (FILMAFFINITY)<strong><\/strong><\/p>\n<p><strong>\u00a0<\/strong><strong><a href=\"http:\/\/columbus.uhu.es\/record=b1514553~S1*spi\" target=\"_blank\"><strong>Elizabeth: la edad de oro<\/strong><\/a><\/strong><\/p>\n<p>Inglaterra, siglo XVI. La reina Isabel I Tudor (Cate Blanchett) debe enfrentarse no s\u00f3lo a la traici\u00f3n de su propia familia, sino tambi\u00e9n a los conspiradores que tratan de arrebatarle el trono. Isabel es consciente de lo beneficioso que es para la corona inglesa el hecho de que el Rey de Inglaterra sea, al mismo tiempo, el jefe supremo de la Iglesia Anglicana. El Acta de Supremac\u00eda de 1534, promulgada por su padre, Enrique VIII, hab\u00eda significado la ruptura total con la Iglesia de Roma. Sin embargo, el poderoso rey de Espa\u00f1a Felipe II (Jordi Moll\u00e0) se ha propuesto restaurar el catolicismo en Inglaterra (Armada Invencible, 1588). (FILMAFFINITY)<strong><\/strong><\/p>\n<p><strong><a title=\"Matar un rey\" href=\"http:\/\/columbus.uhu.es\/record=b1767002~S1*spi\" target=\"_blank\">\u00a0Matar a un rey<\/a><\/strong><\/p>\n<p>Inglaterra, mediados del siglo XVII. Tras la victoria obtenida por los puritanos en la guerra civil (1642-1648) que enfrent\u00f3 a la Corona con el Parlamento, el rey Carlos I Estuardo fue ejecutado (1649); adem\u00e1s, la Monarqu\u00eda fue abolida y en su lugar se implant\u00f3 la Rep\u00fablica(1649-1660). El l\u00edder parlamentario rebelde Thomas Fairfax, miembro de la aristocracia, proyectaba una reforma moderada de la monarqu\u00eda, pero su lugarteniente Oliverio Cromwel, que era un fan\u00e1tico dominado por el ansia de poder, exigi\u00f3 la ejecuci\u00f3n del rey y la instauraci\u00f3n dela Rep\u00fablica. Finalmente, Cromwell acab\u00f3 imponi\u00e9ndose a Fairfax.<\/p>\n<p><strong><a title=\"La duquesa\" href=\"http:\/\/columbus.uhu.es\/record=b1580496~S1*spi\" target=\"_blank\">La duquesa<\/a><\/strong><strong><\/strong><\/p>\n<p>Inglaterra, siglo XVIII. Hermosa, sofisticada y adorada por el pueblo, Georgiana (Knightley) fue la mujer m\u00e1s fascinante de su \u00e9poca. Casada muy joven con uno de los hombres m\u00e1s ricos de Inglaterra, el Duque de Devonshire (Fiennes), fue confidente \u00edntima de ministros y mantuvo excelentes relaciones con la Casa Real. Lleg\u00f3 a ser tambi\u00e9n un icono de la moda, y su influencia en el Partido Liberal fue notable. Sin embargo, fracas\u00f3 estrepitosamente en su b\u00fasqueda desesperada del amor: desde el apasionado pero fat\u00eddico romance con Earl Gray hasta el complicado tri\u00e1ngulo amoroso con su marido y su mejor amiga Lady Bless Foster (Atwell). (FILMAFFINITY)<\/p>\n<h2><span style=\"color: #750414;\"><strong><span style=\"text-decoration: underline;\">Monarqu\u00eda francesa<a href=\"http:\/\/www.uhu.es\/biblioteca\/labuhardilla\/wp-content\/uploads\/2014\/11\/gerarddepardieu.jpg\" rel='prettyPhoto[gallery1]'><img loading=\"lazy\" class=\"alignright size-medium wp-image-1647\" title=\"blu-ray.com\" src=\"http:\/\/www.uhu.es\/biblioteca\/labuhardilla\/wp-content\/uploads\/2014\/11\/gerarddepardieu-300x168.jpg\" alt=\"\" width=\"300\" height=\"168\" srcset=\"https:\/\/www.uhu.es\/biblioteca\/labuhardilla\/wp-content\/uploads\/2014\/11\/gerarddepardieu-300x168.jpg 300w, https:\/\/www.uhu.es\/biblioteca\/labuhardilla\/wp-content\/uploads\/2014\/11\/gerarddepardieu.jpg 728w\" sizes=\"(max-width: 300px) 100vw, 300px\" \/><\/a><br \/>\n<\/span><\/strong><\/span><\/h2>\n<p><strong><a href=\"http:\/\/columbus.uhu.es\/record=b1381591~S1*spi\">La\u00a0noche\u00a0de\u00a0Varennes<\/a><\/strong><\/p>\n<p>Luis XVI y Mar\u00eda Antonieta, los reyes\u00a0de\u00a0Francia, escapan en 1791\u00a0de\u00a0las fuerzas revolucionarias que liberaron a ese pa\u00eds en 1789. Los nobles quieren reunirse con los mon\u00e1rquicos que lograron huir del pa\u00eds, pero son apresados en el pueblo\u00a0de Varennes. El director italiano Ettore Scola se vale\u00a0de\u00a0este hecho hist\u00f3rico para imaginar un viaje compartido entre Luis XVI, Mar\u00eda Antonieta, el amante Casanova, el novelista franc\u00e9s Restif\u00a0de\u00a0la\u00a0Bretonne, una\u00a0de\u00a0las damas\u00a0de\u00a0compa\u00f1\u00eda\u00a0de\u00a0la\u00a0reina y el estadounidense Thomas Paine. (FILMAFFINITY)<\/p>\n<p><strong><a href=\"http:\/\/columbus.uhu.es\/record=b1561140~S1*spi\"><strong>Reinado\u00a0del\u00a0terror\u00a0\u00a0<\/strong><\/a><\/strong><strong><\/strong><\/p>\n<p>Revoluci\u00f3n Francesa. \u00c9poca del Terror (1793-1795). Robespierre prepara una lista negra con los nombres de sus enemigos para condenarlos a la guillotina. Un grupo de pol\u00edticos moderados, encabezados por Barras, encarga a un hombre el robo del documento y promueve una revuelta contra el tirano. (FILMAFFINITY)<\/p>\n<p><strong><a href=\"http:\/\/columbus.uhu.es\/record=b1621472~S1*spi\">Danton<\/a><\/strong><strong>\u00a0<\/strong><\/p>\n<p>En septiembre de 1793, el Comit\u00e9 de Salud P\u00fablica, instigado por Robespierre, instaura el &#8220;Terror&#8221;. El hambre reaparece y con ella la revuelta: las cabezas ruedan. Danton regresa a Par\u00eds para oponerse a Robespierre: es el choque entre dos pol\u00edticos irreconciliables, entre dos fuertes personalidades. La pel\u00edcula narra los \u00faltimos d\u00edas de Georges-Jacques Danton: su proceso y su ejecuci\u00f3n en la guillotina, junto a sus amigos, por orden del autoritario y dogm\u00e1tico Robespierre. (FILMAFFINITY)<\/p>\n<h2><span style=\"color: #750414;\"><strong><span style=\"text-decoration: underline;\">Monarqu\u00eda danesa<a href=\"http:\/\/www.uhu.es\/biblioteca\/labuhardilla\/wp-content\/uploads\/2014\/11\/historiasdecine.jpg\" rel='prettyPhoto[gallery1]'><img loading=\"lazy\" class=\"alignleft size-medium wp-image-1648\" title=\"eselcine.com\" src=\"http:\/\/www.uhu.es\/biblioteca\/labuhardilla\/wp-content\/uploads\/2014\/11\/historiasdecine-300x127.jpg\" alt=\"\" width=\"300\" height=\"127\" srcset=\"https:\/\/www.uhu.es\/biblioteca\/labuhardilla\/wp-content\/uploads\/2014\/11\/historiasdecine-300x127.jpg 300w, https:\/\/www.uhu.es\/biblioteca\/labuhardilla\/wp-content\/uploads\/2014\/11\/historiasdecine.jpg 633w\" sizes=\"(max-width: 300px) 100vw, 300px\" \/><\/a><\/span><\/strong><\/span><\/h2>\n<p><strong><a href=\"http:\/\/columbus.uhu.es\/record=b1740925~S1*spi\">Un asunto Real<\/a><\/strong><\/p>\n<p><strong><\/strong>La verdadera historia de un hombre normal que conquist\u00f3 el coraz\u00f3n de la Reina y empez\u00f3 una revoluci\u00f3n. Centrada en el tri\u00e1ngulo formado por el cada vez m\u00e1s loco Cristi\u00e1n VII de Dinamarca, el idealista e ilustrado Johann Friedrich Struensee y la joven aunque decidida reina Carolina Matilde, la pel\u00edcula relata la apasionante vida de unos valientes idealistas que lo arriesgan todo por la liberaci\u00f3n del pueblo, y sobre todo el emocionante y prohibido romance que cambi\u00f3 a toda una naci\u00f3n.<strong><\/strong><\/p>\n<h2><span style=\"color: #750414;\"><strong><span style=\"text-decoration: underline;\">Monarqu\u00eda espa\u00f1ola<a href=\"http:\/\/www.uhu.es\/biblioteca\/labuhardilla\/wp-content\/uploads\/2014\/11\/elpais.es_.jpg\" rel='prettyPhoto[gallery1]'><img loading=\"lazy\" class=\"alignright size-medium wp-image-1649\" title=\"elpais.es\" src=\"http:\/\/www.uhu.es\/biblioteca\/labuhardilla\/wp-content\/uploads\/2014\/11\/elpais.es_-300x151.jpg\" alt=\"\" width=\"300\" height=\"151\" srcset=\"https:\/\/www.uhu.es\/biblioteca\/labuhardilla\/wp-content\/uploads\/2014\/11\/elpais.es_-300x151.jpg 300w, https:\/\/www.uhu.es\/biblioteca\/labuhardilla\/wp-content\/uploads\/2014\/11\/elpais.es_.jpg 605w\" sizes=\"(max-width: 300px) 100vw, 300px\" \/><\/a><\/span><\/strong><\/span><\/h2>\n<p><strong><a href=\"http:\/\/columbus.uhu.es\/record=b1567868~S1*spi\"><strong>Sangre de mayo<\/strong><\/a><\/strong><strong> <\/strong><\/p>\n<p>A\u00f1o 1808. El joven Gabriel Araceli (Quim Guti\u00e9rrez) trabaja de cajista en una modesta imprenta de Madrid. Su novia, In\u00e9s (Paula Echevarr\u00eda), es una guapa chica hu\u00e9rfana que vive en Aranjuez, acogida por su t\u00edo, don Celestino Santos del Malvar (Manuel Galiana). En la visita al Real Sitio para ver a la novia, Gabriel coincide con el hist\u00f3rico mot\u00edn del 19 de marzo contra Godoy, cuyo palacio es asaltado por la turba. Basada en los Episodios nacionales de Benito P\u00e9rez Gald\u00f3s.<\/p>\n<p><strong><a href=\"http:\/\/columbus.uhu.es\/record=b1554239~S1*spi\"><strong>Nueva historia de Espa\u00f1a: La historia en su lugar<\/strong><\/a><\/strong><strong> \u00a0(<\/strong>Serie documental)<\/p>\n<p>Los Reyes Cat\u00f3licos ; El nuevo mundo<\/p>\n<p>El sue\u00f1o imperial de Carlos V ; Luces y sombras de Felipe II.<\/p>\n<p>El Siglo de Oro ; De los Austrias a los Borbones.<\/p>\n<p>El Despotismo Ilustrado ; La crisis del Antiguo R\u00e9gimen.<\/p>\n<p>La Espa\u00f1a Liberal; La \u00e9poca dela Restauraci\u00f3n.<\/p>\n<p><strong><a href=\"http:\/\/columbus.uhu.es\/search*spi\/s?SEARCH=La+Guerra+de+la+Independencia&amp;SORT=D&amp;searchscope=1&amp;submit=Buscar\">Colecci\u00f3n: Guerra de la Independencia<\/a> <strong>(<\/strong><\/strong>Serie documental)<\/p>\n<p><strong><a href=\"http:\/\/columbus.uhu.es\/record=b1766310~S1*spi\">Los afrancesados<\/a><\/strong><\/p>\n<p><strong><a href=\"http:\/\/columbus.uhu.es\/record=b1766320~S1*spi\">Carlos IV pierde el trono<\/a><\/strong><\/p>\n<p><strong><a href=\"http:\/\/columbus.uhu.es\/record=b1766317~S1*spi\">La batalla de Bail\u00e9n<\/a><\/strong><\/p>\n<p><strong><a href=\"http:\/\/columbus.uhu.es\/record=b1766307~S1*spi\">La Constituci\u00f3n de 1812<\/a><\/strong><\/p>\n<p><strong><a href=\"http:\/\/columbus.uhu.es\/record=b1766309~S1*spi\">Las Cortes de C\u00e1diz<\/a><\/strong><\/p>\n<p><strong><a href=\"http:\/\/columbus.uhu.es\/record=b1766306~S1*spi\">Los guerrilleros<\/a><\/strong><\/p>\n<p><strong><a href=\"http:\/\/columbus.uhu.es\/record=b1766318~S1*spi\">Juntas y motines<\/a><\/strong><\/p>\n<p><strong><a href=\"http:\/\/columbus.uhu.es\/record=b1766314~S1*spi\">El reinado de Jos\u00e9 I<\/a><\/strong><strong><\/strong><\/p>\n<p>&nbsp;<\/p>\n","protected":false},"excerpt":{"rendered":"<p>Con esta exposici\u00f3n (que encontrar\u00e1s en el hall de la Biblioteca Central) tratamos de hacer un recorrido a trav\u00e9s de las monarqu\u00edas europeas y los periodos convulsos de cambio y revoluci\u00f3n que marcaron la historia moderna\u00a0 de Europa. En lo referente a la monarqu\u00eda espa\u00f1ola hemos seleccionado series documentales que hacen un recorrido desde la&nbsp;<span class=\"excerpt_more\"><a href=\"https:\/\/www.uhu.es\/biblioteca\/labuhardilla\/?p=1642\">[Seguir leyendo&#8230;]<\/a><\/span><\/p>\n","protected":false},"author":4,"featured_media":1649,"comment_status":"open","ping_status":"open","sticky":false,"template":"","format":"standard","meta":{"_s2mail":"yes"},"categories":[6,5],"tags":[60,100,105],"_links":{"self":[{"href":"https:\/\/www.uhu.es\/biblioteca\/labuhardilla\/index.php?rest_route=\/wp\/v2\/posts\/1642"}],"collection":[{"href":"https:\/\/www.uhu.es\/biblioteca\/labuhardilla\/index.php?rest_route=\/wp\/v2\/posts"}],"about":[{"href":"https:\/\/www.uhu.es\/biblioteca\/labuhardilla\/index.php?rest_route=\/wp\/v2\/types\/post"}],"author":[{"embeddable":true,"href":"https:\/\/www.uhu.es\/biblioteca\/labuhardilla\/index.php?rest_route=\/wp\/v2\/users\/4"}],"replies":[{"embeddable":true,"href":"https:\/\/www.uhu.es\/biblioteca\/labuhardilla\/index.php?rest_route=%2Fwp%2Fv2%2Fcomments&post=1642"}],"version-history":[{"count":29,"href":"https:\/\/www.uhu.es\/biblioteca\/labuhardilla\/index.php?rest_route=\/wp\/v2\/posts\/1642\/revisions"}],"predecessor-version":[{"id":1675,"href":"https:\/\/www.uhu.es\/biblioteca\/labuhardilla\/index.php?rest_route=\/wp\/v2\/posts\/1642\/revisions\/1675"}],"wp:featuredmedia":[{"embeddable":true,"href":"https:\/\/www.uhu.es\/biblioteca\/labuhardilla\/index.php?rest_route=\/wp\/v2\/media\/1649"}],"wp:attachment":[{"href":"https:\/\/www.uhu.es\/biblioteca\/labuhardilla\/index.php?rest_route=%2Fwp%2Fv2%2Fmedia&parent=1642"}],"wp:term":[{"taxonomy":"category","embeddable":true,"href":"https:\/\/www.uhu.es\/biblioteca\/labuhardilla\/index.php?rest_route=%2Fwp%2Fv2%2Fcategories&post=1642"},{"taxonomy":"post_tag","embeddable":true,"href":"https:\/\/www.uhu.es\/biblioteca\/labuhardilla\/index.php?rest_route=%2Fwp%2Fv2%2Ftags&post=1642"}],"curies":[{"name":"wp","href":"https:\/\/api.w.org\/{rel}","templated":true}]}}