{"id":1676,"date":"2014-11-17T12:45:40","date_gmt":"2014-11-17T12:45:40","guid":{"rendered":"http:\/\/www.uhu.es\/biblioteca\/labuhardilla\/?p=1676"},"modified":"2014-11-17T12:48:55","modified_gmt":"2014-11-17T12:48:55","slug":"nos-vamos-al-festival","status":"publish","type":"post","link":"https:\/\/www.uhu.es\/biblioteca\/labuhardilla\/?p=1676","title":{"rendered":"\u00a1Nos vamos al Festival!"},"content":{"rendered":"<p dir=\"ltr\"><a href=\"http:\/\/www.uhu.es\/biblioteca\/labuhardilla\/wp-content\/uploads\/2014\/11\/Cartel1.png1.png\" rel='prettyPhoto[gallery1]'><img loading=\"lazy\" class=\"alignleft size-medium wp-image-1721\" title=\"Cartel.png\" src=\"http:\/\/www.uhu.es\/biblioteca\/labuhardilla\/wp-content\/uploads\/2014\/11\/Cartel1.png1-300x200.png\" alt=\"\" width=\"300\" height=\"200\" srcset=\"https:\/\/www.uhu.es\/biblioteca\/labuhardilla\/wp-content\/uploads\/2014\/11\/Cartel1.png1-300x200.png 300w, https:\/\/www.uhu.es\/biblioteca\/labuhardilla\/wp-content\/uploads\/2014\/11\/Cartel1.png1-150x100.png 150w, https:\/\/www.uhu.es\/biblioteca\/labuhardilla\/wp-content\/uploads\/2014\/11\/Cartel1.png1.png 768w\" sizes=\"(max-width: 300px) 100vw, 300px\" \/><\/a><\/p>\n<p dir=\"ltr\">\u201cLa cultura contiene los sentimientos, la sabidur\u00eda, la informaci\u00f3n y el tiempo de los pueblos que la generan. Su transmisi\u00f3n nos hace universales, su acumulaci\u00f3n es medida de riqueza y su difusi\u00f3n es medida de poder. El acceso a la cultura y propiciar su generaci\u00f3n determina la calidad de vida de los ciudadanos\u201d. <a title=\"Festival de cine iberoamericano\" href=\"http:\/\/www.festicinehuelva.es\/index.asp#spv=0\" target=\"_blank\">festicinehuelva.es<\/a><\/p>\n<p dir=\"ltr\">El viernes pasado comenz\u00f3 la 40 edici\u00f3n del\u00a0Festival de Cine Iberoamericano de Huelva, dedicado este a\u00f1o a Panam\u00e1. \u00a0Desde la BUH queremos acercarte a este mundo con una recopilaci\u00f3n de fondos sobre cine iberoamericano en diversos formatos, tanto en DVD como libros en papel o recursos electr\u00f3nicos. Despu\u00e9s de pasearte por las salas de cine de Huelva, si te apetece, p\u00e1sate por aqu\u00ed y \u00e9chale un vistazo a nuestras sugerencias.<\/p>\n<h4><span style=\"color: #993300; font-size: 1.5em;\">Libros<\/span><\/h4>\n<h2><span style=\"color: #993300;\"><a href=\"http:\/\/www.uhu.es\/biblioteca\/labuhardilla\/wp-content\/uploads\/2014\/11\/Actores.png.png\" rel='prettyPhoto[gallery1]'><img loading=\"lazy\" class=\"alignright size-medium wp-image-1684\" title=\"Actores.png\" src=\"http:\/\/www.uhu.es\/biblioteca\/labuhardilla\/wp-content\/uploads\/2014\/11\/Actores.png-300x139.png\" alt=\"\" width=\"300\" height=\"139\" srcset=\"https:\/\/www.uhu.es\/biblioteca\/labuhardilla\/wp-content\/uploads\/2014\/11\/Actores.png-300x139.png 300w, https:\/\/www.uhu.es\/biblioteca\/labuhardilla\/wp-content\/uploads\/2014\/11\/Actores.png.png 768w\" sizes=\"(max-width: 300px) 100vw, 300px\" \/><\/a><\/span><\/h2>\n<p dir=\"ltr\">&#8211;\u00a0<a title=\"Francisco El\u00edas\" href=\"http:\/\/columbus.uhu.es\/record=b1371798~S1*spi\" target=\"_blank\">Francisco El\u00edas, (Huelva, 1890-Barcelona, 1977) : la vida, la \u00e9poca y la obra de un cineasta onubense<\/a><\/p>\n<p dir=\"ltr\">&#8211; <a title=\"Veinticinco a\u00f1os\" href=\"http:\/\/columbus.uhu.es\/record=b1683523~S1*spi\" target=\"_blank\">Veinticinco a\u00f1os: Festival de\u00a0Cine\u00a0Iberoamericano\u00a0de Huelva<\/a><\/p>\n<p dir=\"ltr\">&#8211; <a title=\"Ernesto Alterio\" href=\"http:\/\/columbus.uhu.es\/record=b1384835~S1*spi\" target=\"_blank\">Ernesto Alterio : el rigor del comediante<\/a><\/p>\n<p dir=\"ltr\">&#8211; <a title=\"La memoria agitada\" href=\"http:\/\/columbus.uhu.es\/record=b1540693~S1*spi\" target=\"_blank\">La memoria agitada :\u00a0cine\u00a0y represi\u00f3n en Chile y Argentina<\/a><\/p>\n<p dir=\"ltr\">&#8211;\u00a0<a title=\"Ver cine\" href=\"http:\/\/columbus.uhu.es\/record=b1355627~S1*spi\" target=\"_blank\">Ver cine : los p\u00fablicos cinematogr\u00e1ficos en el siglo XX\u00a0<\/a><\/p>\n<p dir=\"ltr\">&#8211; <a title=\"El resurgimiento del cine brasile\u00f1o\" href=\"http:\/\/columbus.uhu.es\/record=b1394175~S1*spi\" target=\"_blank\">El resurgimiento del\u00a0Cine\u00a0Brasile\u00f1o<\/a><\/p>\n<p dir=\"ltr\">&#8211; <a title=\"Carta abierta a Berlanga\" href=\"http:\/\/columbus.uhu.es\/record=b1293071~S1*spi\" target=\"_blank\">Carta abierta a Berlanga<\/a><\/p>\n<p dir=\"ltr\">&#8211; <a title=\"El privilegio de ser perro\" href=\"http:\/\/columbus.uhu.es\/record=b1363029~S1*spi\" target=\"_blank\">El privilegio de ser perro<\/a><\/p>\n<p dir=\"ltr\">&#8211; <a title=\"Aproximaci\u00f3n hist\u00f3rica al cineasta Francisco El\u00edas\" href=\"http:\/\/columbus.uhu.es\/record=b1351786~S1*spi\" target=\"_blank\">Aproximaci\u00f3n hist\u00f3rica al cineasta Francisco El\u00edas Riquelme (1890-1977)<\/a><\/p>\n<p dir=\"ltr\">&#8211;\u00a0<a title=\"Sonia Braga\" href=\"http:\/\/columbus.uhu.es\/record=b1621746~S1*spi\" target=\"_blank\">Sonia Braga<\/a><\/p>\n<h2><span style=\"color: #993300;\">Pel\u00edculas<a href=\"http:\/\/www.uhu.es\/biblioteca\/labuhardilla\/wp-content\/uploads\/2014\/11\/actores.png.png\" rel='prettyPhoto[gallery1]'><img loading=\"lazy\" class=\"alignright size-full wp-image-1691\" title=\"actores.png\" src=\"http:\/\/www.uhu.es\/biblioteca\/labuhardilla\/wp-content\/uploads\/2014\/11\/actores.png.png\" alt=\"\" width=\"331\" height=\"768\" srcset=\"https:\/\/www.uhu.es\/biblioteca\/labuhardilla\/wp-content\/uploads\/2014\/11\/actores.png.png 331w, https:\/\/www.uhu.es\/biblioteca\/labuhardilla\/wp-content\/uploads\/2014\/11\/actores.png-129x300.png 129w\" sizes=\"(max-width: 331px) 100vw, 331px\" \/><\/a><\/span><\/h2>\n<p dir=\"ltr\">&#8211;<a title=\"Martin Hache\" href=\"http:\/\/columbus.uhu.es\/record=b1511530~S1*spi\" target=\"_blank\">\u00a0Mart\u00edn (Hache)<\/a><\/p>\n<p dir=\"ltr\">&#8211;\u00a0<a title=\"El hijo de la novia\" href=\"http:\/\/columbus.uhu.es\/record=b1511530~S1*spi\" target=\"_blank\">El hijo de la novia<\/a><\/p>\n<p dir=\"ltr\">&#8211;\u00a0<a title=\"Abismos de pasi\u00f3n\" href=\"http:\/\/columbus.uhu.es\/record=b1716090~S1*spi\" target=\"_blank\">Abismos de pasi\u00f3n<\/a><\/p>\n<p dir=\"ltr\">&#8211;\u00a0<a title=\"El sol del membrillo\" href=\"http:\/\/columbus.uhu.es\/record=b1591987~S1*spi\" target=\"_blank\">El sol del membrillo<\/a><\/p>\n<p dir=\"ltr\">&#8211;\u00a0<a title=\"Guantanamera\" href=\"http:\/\/columbus.uhu.es\/record=b1357652~S1*spi\" target=\"_blank\">Guantanamera<\/a><\/p>\n<p dir=\"ltr\">&#8211;\u00a0<a title=\"El discreto encanto de la burgues\u00eda\" href=\"http:\/\/columbus.uhu.es\/record=b1716091~S1*spi\" target=\"_blank\">El discreto encanto de la burgues\u00eda <\/a><\/p>\n<p dir=\"ltr\">&#8211;\u00a0<a title=\"En la puta vida\" href=\"http:\/\/columbus.uhu.es\/record=b1372057~S1*spi\" target=\"_blank\">En la puta vida<\/a><\/p>\n<p dir=\"ltr\">&#8211;\u00a0<a title=\"El m\u00e9todo\" href=\"http:\/\/columbus.uhu.es\/record=b1510351~S1*spi\" target=\"_blank\">El m\u00e9todo<\/a><\/p>\n<p dir=\"ltr\">&#8211;\u00a0<a title=\"Plata quemada\" href=\"http:\/\/columbus.uhu.es\/record=b1372068~S1*spi\" target=\"_blank\">Plata quemada<\/a><\/p>\n<p dir=\"ltr\">&#8211;\u00a0<a title=\"El zapato de raso\" href=\"http:\/\/columbus.uhu.es\/record=b1372081~S1*spi\" target=\"_blank\">El zapato de raso<\/a><\/p>\n<h2 dir=\"ltr\"><span style=\"color: #993300;\">Recursos electr\u00f3nicos<\/span><\/h2>\n<p dir=\"ltr\">&#8211; <a title=\"Cine argentino y latinoamericano\" href=\"http:\/\/columbus.uhu.es\/record=b1668698~S1*spi\" target=\"_blank\">Cine argentino y latinoamericano<\/a><\/p>\n<p dir=\"ltr\">&#8211; <a title=\"Cine cubano de los sesenta\" href=\"http:\/\/columbus.uhu.es\/record=b1658275~S1*spi\" target=\"_blank\">Cine\u00a0cubano de los sesenta<\/a><\/p>\n<p dir=\"ltr\">&#8211; <a title=\"Julieta en el pa\u00eds de las maravillas\" href=\"http:\/\/columbus.uhu.es\/record=b1658379~S1*spi\" target=\"_blank\">Julieta en el pa\u00eds de las maravillas: una conversaci\u00f3n con Norma Aleandro<\/a><\/p>\n<h2 dir=\"ltr\"><span style=\"color: #993300;\">Revistas<\/span><\/h2>\n<p dir=\"ltr\"><a title=\"Im\u00e1genes de actualidad\" href=\"http:\/\/columbus.uhu.es\/record=b1518469~S2*spi\" target=\"_blank\">Im\u00e1genes de actualidad<\/a><\/p>\n<h2><\/h2>\n<p>Todos estos documentos est\u00e1n disponibles en el expositor del hall de la Biblioteca Central.<\/p>\n<p>&nbsp;<\/p>\n","protected":false},"excerpt":{"rendered":"<p>\u201cLa cultura contiene los sentimientos, la sabidur\u00eda, la informaci\u00f3n y el tiempo de los pueblos que la generan. Su transmisi\u00f3n nos hace universales, su acumulaci\u00f3n es medida de riqueza y su difusi\u00f3n es medida de poder. El acceso a la cultura y propiciar su generaci\u00f3n determina la calidad de vida de los ciudadanos\u201d. festicinehuelva.es El&nbsp;<span class=\"excerpt_more\"><a href=\"https:\/\/www.uhu.es\/biblioteca\/labuhardilla\/?p=1676\">[Seguir leyendo&#8230;]<\/a><\/span><\/p>\n","protected":false},"author":4,"featured_media":1680,"comment_status":"open","ping_status":"open","sticky":false,"template":"","format":"standard","meta":{"_s2mail":"yes"},"categories":[6,5],"tags":[60,100,74],"_links":{"self":[{"href":"https:\/\/www.uhu.es\/biblioteca\/labuhardilla\/index.php?rest_route=\/wp\/v2\/posts\/1676"}],"collection":[{"href":"https:\/\/www.uhu.es\/biblioteca\/labuhardilla\/index.php?rest_route=\/wp\/v2\/posts"}],"about":[{"href":"https:\/\/www.uhu.es\/biblioteca\/labuhardilla\/index.php?rest_route=\/wp\/v2\/types\/post"}],"author":[{"embeddable":true,"href":"https:\/\/www.uhu.es\/biblioteca\/labuhardilla\/index.php?rest_route=\/wp\/v2\/users\/4"}],"replies":[{"embeddable":true,"href":"https:\/\/www.uhu.es\/biblioteca\/labuhardilla\/index.php?rest_route=%2Fwp%2Fv2%2Fcomments&post=1676"}],"version-history":[{"count":40,"href":"https:\/\/www.uhu.es\/biblioteca\/labuhardilla\/index.php?rest_route=\/wp\/v2\/posts\/1676\/revisions"}],"predecessor-version":[{"id":1723,"href":"https:\/\/www.uhu.es\/biblioteca\/labuhardilla\/index.php?rest_route=\/wp\/v2\/posts\/1676\/revisions\/1723"}],"wp:featuredmedia":[{"embeddable":true,"href":"https:\/\/www.uhu.es\/biblioteca\/labuhardilla\/index.php?rest_route=\/wp\/v2\/media\/1680"}],"wp:attachment":[{"href":"https:\/\/www.uhu.es\/biblioteca\/labuhardilla\/index.php?rest_route=%2Fwp%2Fv2%2Fmedia&parent=1676"}],"wp:term":[{"taxonomy":"category","embeddable":true,"href":"https:\/\/www.uhu.es\/biblioteca\/labuhardilla\/index.php?rest_route=%2Fwp%2Fv2%2Fcategories&post=1676"},{"taxonomy":"post_tag","embeddable":true,"href":"https:\/\/www.uhu.es\/biblioteca\/labuhardilla\/index.php?rest_route=%2Fwp%2Fv2%2Ftags&post=1676"}],"curies":[{"name":"wp","href":"https:\/\/api.w.org\/{rel}","templated":true}]}}