{"id":1812,"date":"2015-01-22T12:46:17","date_gmt":"2015-01-22T12:46:17","guid":{"rendered":"http:\/\/www.uhu.es\/biblioteca\/labuhardilla\/?p=1812"},"modified":"2017-10-09T11:53:55","modified_gmt":"2017-10-09T11:53:55","slug":"escritoras-de-la-posguerra","status":"publish","type":"post","link":"https:\/\/www.uhu.es\/biblioteca\/labuhardilla\/?p=1812","title":{"rendered":"Escritoras de la posguerra"},"content":{"rendered":"<div data-configid=\"15161199\/11028079\" style=\"width:525px; height:394px;\" class=\"issuuembed\"><\/div>\n<p><script type=\"text\/javascript\" src=\"\/\/e.issuu.com\/embed.js\" async=\"true\"><\/script><\/p>\n<p>En esta selecci\u00f3n, ubicada en la \u00a0planta baja de la Biblioteca Central, adem\u00e1s de las escritoras conocidas y le\u00eddas por todos: Carmen Laforet, Merc\u00e9 Rodoreda, Gloria Fuertes, Carmen Mart\u00edn Gaite, Ana Mar\u00eda Matute, etc. hemos querido incluir a otras autoras menos conocidas o no exactamente vinculadas al per\u00edodo de posguerra.<br \/>\nEn nuestra biblioteca encontrar\u00e9is la obra, por ejemplo, de Rosa Chacel que, aunque sea una escritora de la Generaci\u00f3n del 27, escribe lo fundamental despu\u00e9s de la contienda ; excelentes son tambi\u00e9n las memorias de Mar\u00eda Teresa Le\u00f3n . Te proponemos la lectura de Ernestina de Champourc\u00edn, otra magn\u00edfica escritora del 27, o los magn\u00edficos poemas de Carmen Conde, primera mujer en entrar en la Real Academia de la Lengua. Casi todas, como veis, son escritoras del exilio.<br \/>\nEn este documento tienes el listado completo de los documentos expuestos con los enlaces directos a nuestro <a title=\"Cat\u00e1logo\" href=\"http:\/\/columbus.uhu.es\/\" target=\"_blank\">Cat\u00e1logo Columbus<\/a> .<\/p>\n<p>Recuerda que ahora tambi\u00e9n puedes ampliar informaci\u00f3n consultando nuestro buscador \u00fanico <a title=\"BUHgle\" href=\"http:\/\/uhu.summon.serialssolutions.com\/#!\/search?ho=t&amp;fvf=SourceType,Library%20Catalog,f&amp;q=mujeres%20escritoras%20de%20posguerra%20espa%C3%B1a&amp;l=es\" target=\"_blank\">BUHgle\u00a0<\/a><\/p>\n","protected":false},"excerpt":{"rendered":"<p>En esta selecci\u00f3n, ubicada en la \u00a0planta baja de la Biblioteca Central, adem\u00e1s de las escritoras conocidas y le\u00eddas por todos: Carmen Laforet, Merc\u00e9 Rodoreda, Gloria Fuertes, Carmen Mart\u00edn Gaite, Ana Mar\u00eda Matute, etc. hemos querido incluir a otras autoras menos conocidas o no exactamente vinculadas al per\u00edodo de posguerra. En nuestra biblioteca encontrar\u00e9is la&nbsp;<span class=\"excerpt_more\"><a href=\"https:\/\/www.uhu.es\/biblioteca\/labuhardilla\/?p=1812\">[Seguir leyendo&#8230;]<\/a><\/span><\/p>\n","protected":false},"author":2,"featured_media":1858,"comment_status":"open","ping_status":"open","sticky":false,"template":"","format":"standard","meta":{"_s2mail":"yes"},"categories":[6,5],"tags":[145,146,144],"_links":{"self":[{"href":"https:\/\/www.uhu.es\/biblioteca\/labuhardilla\/index.php?rest_route=\/wp\/v2\/posts\/1812"}],"collection":[{"href":"https:\/\/www.uhu.es\/biblioteca\/labuhardilla\/index.php?rest_route=\/wp\/v2\/posts"}],"about":[{"href":"https:\/\/www.uhu.es\/biblioteca\/labuhardilla\/index.php?rest_route=\/wp\/v2\/types\/post"}],"author":[{"embeddable":true,"href":"https:\/\/www.uhu.es\/biblioteca\/labuhardilla\/index.php?rest_route=\/wp\/v2\/users\/2"}],"replies":[{"embeddable":true,"href":"https:\/\/www.uhu.es\/biblioteca\/labuhardilla\/index.php?rest_route=%2Fwp%2Fv2%2Fcomments&post=1812"}],"version-history":[{"count":55,"href":"https:\/\/www.uhu.es\/biblioteca\/labuhardilla\/index.php?rest_route=\/wp\/v2\/posts\/1812\/revisions"}],"predecessor-version":[{"id":1884,"href":"https:\/\/www.uhu.es\/biblioteca\/labuhardilla\/index.php?rest_route=\/wp\/v2\/posts\/1812\/revisions\/1884"}],"wp:featuredmedia":[{"embeddable":true,"href":"https:\/\/www.uhu.es\/biblioteca\/labuhardilla\/index.php?rest_route=\/wp\/v2\/media\/1858"}],"wp:attachment":[{"href":"https:\/\/www.uhu.es\/biblioteca\/labuhardilla\/index.php?rest_route=%2Fwp%2Fv2%2Fmedia&parent=1812"}],"wp:term":[{"taxonomy":"category","embeddable":true,"href":"https:\/\/www.uhu.es\/biblioteca\/labuhardilla\/index.php?rest_route=%2Fwp%2Fv2%2Fcategories&post=1812"},{"taxonomy":"post_tag","embeddable":true,"href":"https:\/\/www.uhu.es\/biblioteca\/labuhardilla\/index.php?rest_route=%2Fwp%2Fv2%2Ftags&post=1812"}],"curies":[{"name":"wp","href":"https:\/\/api.w.org\/{rel}","templated":true}]}}