{"id":1979,"date":"2015-03-05T10:58:48","date_gmt":"2015-03-05T10:58:48","guid":{"rendered":"http:\/\/www.uhu.es\/biblioteca\/labuhardilla\/?p=1979"},"modified":"2015-03-05T12:53:35","modified_gmt":"2015-03-05T12:53:35","slug":"antonia-arrobas-y-perez","status":"publish","type":"post","link":"https:\/\/www.uhu.es\/biblioteca\/labuhardilla\/?p=1979","title":{"rendered":"Antonia Arrobas y P\u00e9rez"},"content":{"rendered":"<p><a href=\"http:\/\/www.uhu.es\/biblioteca\/labuhardilla\/wp-content\/uploads\/2015\/03\/federico-faruffini-la-lectora-1864.jpg\" rel='prettyPhoto[gallery1]'><img loading=\"lazy\" class=\"alignleft size-medium wp-image-1991\" title=\"La lectora\" src=\"http:\/\/www.uhu.es\/biblioteca\/labuhardilla\/wp-content\/uploads\/2015\/03\/federico-faruffini-la-lectora-1864-300x211.jpg\" alt=\"La lectora de Federico Faruffini\" width=\"300\" height=\"211\" srcset=\"https:\/\/www.uhu.es\/biblioteca\/labuhardilla\/wp-content\/uploads\/2015\/03\/federico-faruffini-la-lectora-1864-300x211.jpg 300w, https:\/\/www.uhu.es\/biblioteca\/labuhardilla\/wp-content\/uploads\/2015\/03\/federico-faruffini-la-lectora-1864-1024x720.jpg 1024w, https:\/\/www.uhu.es\/biblioteca\/labuhardilla\/wp-content\/uploads\/2015\/03\/federico-faruffini-la-lectora-1864.jpg 1600w\" sizes=\"(max-width: 300px) 100vw, 300px\" \/><\/a>El pr\u00f3ximo d\u00eda 8 de marzo se celebra el <strong>D\u00eda Internacional de la Mujer<\/strong>, que conmemora la lucha de la mujer por su participaci\u00f3n, en pie de igualdad con el hombre, en la sociedad y en su desarrollo \u00edntegro como persona.<\/p>\n<p>Hoy en d\u00eda asumimos como normal el alto \u00edndice de estudiantes y docentes universitarias que son mujeres, as\u00ed que os sorprender\u00e1 conocer que la primera mujer que curs\u00f3 estudios secundarios en Huelva,<strong> y tambi\u00e9n en Espa\u00f1a<\/strong>, lo hizo en el <strong>a\u00f1o 1871<\/strong>. Se trata de <strong>Antonia Arrobas y P\u00e9rez,<\/strong> que estudi\u00f3 en el Instituto R\u00e1bida de Huelva, y cuyo expediente personal puedes consultar en nuestro <a title=\"expediente personal\" href=\"http:\/\/rabida.uhu.es\/dspace\/bitstream\/handle\/10272\/3820\/expediente_personal_antonia_arrobas_perez.pdf?sequence=2\" target=\"_blank\">Repositorio Arias Montano<\/a>.<\/p>\n<p>Desde aqu\u00ed felicitamos a todas las mujeres, en especial a las estudiantes universitarias, que hoy son mayor\u00eda en muchos centros universitarios y que, \u00a0indiscutiblemente, \u00a0en un futuro pr\u00f3ximo deber\u00edan ser parte importante tambi\u00e9n en los \u00f3rganos de decisi\u00f3n.<\/p>\n<p>Para saber m\u00e1s sobre Antonia Arrobas y P\u00e9rez puedes consultar:<\/p>\n<p><a title=\"entrevista\" href=\"http:\/\/mvod1.akcdn.rtve.es\/resources\/TE_OESTMSU\/mp3\/8\/9\/1420816496398.mp3\" target=\"_blank\">Entrevista en RNE a Juan Antonio Gonz\u00e1lez, profesor de filosof\u00eda del IES La R\u00e1bida en Huelva, recordando a Antonia Arrobas<\/a>\u00a0(min. 1:36)<\/p>\n<p><a title=\"huelvabuenasnoticias\" href=\"http:\/\/huelvabuenasnoticias.com\/2014\/11\/21\/el-instituto-la-rabida-abrio-las-puertas-de-la-ensenanza-secundaria-a-la-mujer\/\" target=\"_blank\">Noticia Huelvabuenasnoticias<\/a><\/p>\n<p><a title=\"Junta de Andaluc\u00eda\" href=\"http:\/\/www.juntadeandalucia.es\/educacion\/nav\/contenido.jsp?pag=\/Delegaciones\/Huelva\/NOTICIAS\/np20080424Rab&amp;delegacion=440\" target=\"_blank\">Acto de reconocimiento Junta de Andaluc\u00eda<\/a><\/p>\n<p>Para saber m\u00e1s sobre la historia de la educaci\u00f3n de las mujeres en Espa\u00f1a puedes consultar:<\/p>\n<p><a title=\"buhgle\" href=\"http:\/\/uhu.summon.serialssolutions.com\/search?q=mujeres%20%20educacion%20espa%C3%B1a#!\/search?q=mujeres%20%20educacion%20espa%C3%B1a\" target=\"_blank\">BUHgle<\/a><\/p>\n<p><a title=\"Dialnet\" href=\"http:\/\/dialnet.unirioja.es\/descarga\/articulo\/3901008.pdf\" target=\"_blank\">Dialnet<\/a><\/p>\n","protected":false},"excerpt":{"rendered":"<p>El pr\u00f3ximo d\u00eda 8 de marzo se celebra el D\u00eda Internacional de la Mujer, que conmemora la lucha de la mujer por su participaci\u00f3n, en pie de igualdad con el hombre, en la sociedad y en su desarrollo \u00edntegro como persona. Hoy en d\u00eda asumimos como normal el alto \u00edndice de estudiantes y docentes universitarias&nbsp;<span class=\"excerpt_more\"><a href=\"https:\/\/www.uhu.es\/biblioteca\/labuhardilla\/?p=1979\">[Seguir leyendo&#8230;]<\/a><\/span><\/p>\n","protected":false},"author":2,"featured_media":1991,"comment_status":"open","ping_status":"open","sticky":false,"template":"","format":"standard","meta":{"_s2mail":"yes"},"categories":[6,5],"tags":[150,43,105,44],"_links":{"self":[{"href":"https:\/\/www.uhu.es\/biblioteca\/labuhardilla\/index.php?rest_route=\/wp\/v2\/posts\/1979"}],"collection":[{"href":"https:\/\/www.uhu.es\/biblioteca\/labuhardilla\/index.php?rest_route=\/wp\/v2\/posts"}],"about":[{"href":"https:\/\/www.uhu.es\/biblioteca\/labuhardilla\/index.php?rest_route=\/wp\/v2\/types\/post"}],"author":[{"embeddable":true,"href":"https:\/\/www.uhu.es\/biblioteca\/labuhardilla\/index.php?rest_route=\/wp\/v2\/users\/2"}],"replies":[{"embeddable":true,"href":"https:\/\/www.uhu.es\/biblioteca\/labuhardilla\/index.php?rest_route=%2Fwp%2Fv2%2Fcomments&post=1979"}],"version-history":[{"count":33,"href":"https:\/\/www.uhu.es\/biblioteca\/labuhardilla\/index.php?rest_route=\/wp\/v2\/posts\/1979\/revisions"}],"predecessor-version":[{"id":2014,"href":"https:\/\/www.uhu.es\/biblioteca\/labuhardilla\/index.php?rest_route=\/wp\/v2\/posts\/1979\/revisions\/2014"}],"wp:featuredmedia":[{"embeddable":true,"href":"https:\/\/www.uhu.es\/biblioteca\/labuhardilla\/index.php?rest_route=\/wp\/v2\/media\/1991"}],"wp:attachment":[{"href":"https:\/\/www.uhu.es\/biblioteca\/labuhardilla\/index.php?rest_route=%2Fwp%2Fv2%2Fmedia&parent=1979"}],"wp:term":[{"taxonomy":"category","embeddable":true,"href":"https:\/\/www.uhu.es\/biblioteca\/labuhardilla\/index.php?rest_route=%2Fwp%2Fv2%2Fcategories&post=1979"},{"taxonomy":"post_tag","embeddable":true,"href":"https:\/\/www.uhu.es\/biblioteca\/labuhardilla\/index.php?rest_route=%2Fwp%2Fv2%2Ftags&post=1979"}],"curies":[{"name":"wp","href":"https:\/\/api.w.org\/{rel}","templated":true}]}}