{"id":2050,"date":"2015-03-26T13:35:30","date_gmt":"2015-03-26T13:35:30","guid":{"rendered":"http:\/\/www.uhu.es\/biblioteca\/labuhardilla\/?p=2050"},"modified":"2015-03-26T13:35:31","modified_gmt":"2015-03-26T13:35:31","slug":"ideas-para-la-educacion-musical","status":"publish","type":"post","link":"https:\/\/www.uhu.es\/biblioteca\/labuhardilla\/?p=2050","title":{"rendered":"Ideas para la Educaci\u00f3n Musical"},"content":{"rendered":"<p><em><a href=\"http:\/\/www.uhu.es\/biblioteca\/labuhardilla\/wp-content\/uploads\/2015\/03\/m\u00fasica1.jpg\" rel='prettyPhoto[gallery1]'><img loading=\"lazy\" class=\"alignleft size-medium wp-image-2051\" title=\"m\u00fasica1\" src=\"http:\/\/www.uhu.es\/biblioteca\/labuhardilla\/wp-content\/uploads\/2015\/03\/m\u00fasica1-199x300.jpg\" alt=\"\" width=\"199\" height=\"300\" srcset=\"https:\/\/www.uhu.es\/biblioteca\/labuhardilla\/wp-content\/uploads\/2015\/03\/m\u00fasica1-199x300.jpg 199w, https:\/\/www.uhu.es\/biblioteca\/labuhardilla\/wp-content\/uploads\/2015\/03\/m\u00fasica1.jpg 639w\" sizes=\"(max-width: 199px) 100vw, 199px\" \/><\/a>&#8220;La m\u00fasica expresa lo inexpresable<\/em>\u201d, Aldous Huxley. Aunque no todo el mundo est\u00e1 de acuerdo con integrar la educaci\u00f3n musical en la ense\u00f1anza general, \u00a0los estudiosos del tema han se\u00f1alado que se trata de una asignatura imprescindible.<\/p>\n<p>El educador musical austriaco <a title=\"\u00c9mile Jacques-Dalcroze\" href=\"http:\/\/www.jaques-dalcroze.com\/paginas\/biografia.htm\" target=\"_blank\">\u00c9mile Jacques-Dalcroze<\/a> lleg\u00f3 a la conclusi\u00f3n de que \u201c<em>para el ni\u00f1o, la educaci\u00f3n r\u00edtmica supone un factor de formaci\u00f3n y de equilibrio del sistema nervioso, ya que cualquier movimiento adaptado a un ritmo es el resultado de un complejo conjunto de actividades coordinadas<\/em>\u201d.<\/p>\n<p>La m\u00fasica ayuda a desarrollar la percepci\u00f3n r\u00edtmica, el control motor, y sobre todo la creatividad y la fantas\u00eda, algo un tanto denostado en la sociedad del consumismo, pero muy \u00fatil en general.<\/p>\n<p>Es una parte tan importante de la cultura universal que desconocer su historia es igual de grave que ignorar los principales movimientos de otras disciplinas, como la pintura o la arquitectura. La m\u00fasica tiene tambi\u00e9n una presencia indispensable en los medios de comunicaci\u00f3n actuales, pues ayuda a construir un anuncio publicitario, y supone una parte importante de las pel\u00edculas, series televisivas, concursos, etc., donde ayuda a reforzar ideas y emociones. Para gran parte de los alumnos, la m\u00fasica puede ser una parte importante de su ocupaci\u00f3n en el futuro: pensemos en lo valiosa que es para un locutor, o hasta para el gerente de un supermercado, establecimientos que usan la m\u00fasica para estimular las compras&#8230;<\/p>\n<p>Su inclusi\u00f3n en la ense\u00f1anza reglada est\u00e1 m\u00e1s que justificada. En la Universidad de Huelva \u00a0se imparte la titulaci\u00f3n de\u00a0Maestro: Educaci\u00f3n Musical<\/p>\n<p>Para todos estos futuros docentes, y para todos los que est\u00e1is interesados en la m\u00fasica os dejamos esta relaci\u00f3n de recursos de nuestra biblioteca y mucho m\u00e1s.<\/p>\n<h4><span style=\"color: #800080;\"><span style=\"text-decoration: underline;\"><a style=\"font-size: 1em; font-weight: normal;\" title=\"M\u00fasica: estudio y ense\u00f1anza\" href=\"http:\/\/columbus.uhu.es\/search~S1*spi\/d?M{226}usica+Estudio+y+ense{228}nanza\" target=\"_blank\"><span style=\"color: #800080; text-decoration: underline;\">M\u00fasica: Estudio y ense\u00f1anza<\/span><\/a><\/span><\/span><\/h4>\n<h4><span style=\"color: #800080;\"><span style=\"text-decoration: underline;\"><a title=\"Revistas\" href=\"http:\/\/columbus.uhu.es\/search~S2*spi?\/dm{226}usica\/dmusica\/1%2C9%2C23%2CB\/exact&amp;FF=dmusica&amp;1%2C10%2C\" target=\"_blank\"><span style=\"color: #800080; text-decoration: underline;\">Revistas<\/span><\/a><\/span><\/span><\/h4>\n<h4><span style=\"color: #800080;\"><span style=\"text-decoration: underline;\">Recursos electr\u00f3nicos:<\/span><\/span><\/h4>\n<ul>\n<li><span style=\"color: #808000;\"><a title=\"Ciencias sociales\" href=\"http:\/\/www.uhu.es\/biblioteca\/recursose\/GuiasAyudas\/Recursos%20electronicos%20sobre%20ciencias%20sociales.pdf\" target=\"_blank\"><span style=\"color: #808000;\">Ciencias sociales<\/span><\/a><\/span><\/li>\n<li><span style=\"color: #808000;\"><a title=\"Recursos electr\u00f3nicos multidisciplinares\" href=\"http:\/\/www.uhu.es\/biblioteca\/recursose\/GuiasAyudas\/Recursos%20electronicos%20multidisciplinares.pdf\" target=\"_blank\"><span style=\"color: #808000;\">Multidisciplinares<\/span><\/a><\/span><\/li>\n<li><span style=\"color: #808000;\"><a title=\"Bugle\" href=\"http:\/\/uhu.summon.serialssolutions.com\/?summonVersion=2.0#!\/search?ho=t&amp;fvf=SourceType,Library%20Catalog,f%7CDiscipline,education,f&amp;q=m%C3%BAsica%20educacion%20ense%C3%B1anza&amp;l=es\" target=\"_blank\"><span style=\"color: #808000;\">Buhgle<\/span><\/a><\/span><\/li>\n<\/ul>\n<p><a href=\"http:\/\/www.uhu.es\/biblioteca\/labuhardilla\/wp-content\/uploads\/2015\/03\/m\u00fasica.jpg\" rel='prettyPhoto[gallery1]'><img loading=\"lazy\" class=\"aligncenter size-medium wp-image-2053\" title=\"m\u00fasica\" src=\"http:\/\/www.uhu.es\/biblioteca\/labuhardilla\/wp-content\/uploads\/2015\/03\/m\u00fasica-214x300.jpg\" alt=\"\" width=\"214\" height=\"300\" srcset=\"https:\/\/www.uhu.es\/biblioteca\/labuhardilla\/wp-content\/uploads\/2015\/03\/m\u00fasica-214x300.jpg 214w, https:\/\/www.uhu.es\/biblioteca\/labuhardilla\/wp-content\/uploads\/2015\/03\/m\u00fasica.jpg 500w\" sizes=\"(max-width: 214px) 100vw, 214px\" \/><\/a><\/p>\n<p>Im\u00e1genes Pinterest<\/p>\n","protected":false},"excerpt":{"rendered":"<p>&#8220;La m\u00fasica expresa lo inexpresable\u201d, Aldous Huxley. Aunque no todo el mundo est\u00e1 de acuerdo con integrar la educaci\u00f3n musical en la ense\u00f1anza general, \u00a0los estudiosos del tema han se\u00f1alado que se trata de una asignatura imprescindible. El educador musical austriaco \u00c9mile Jacques-Dalcroze lleg\u00f3 a la conclusi\u00f3n de que \u201cpara el ni\u00f1o, la educaci\u00f3n r\u00edtmica&nbsp;<span class=\"excerpt_more\"><a href=\"https:\/\/www.uhu.es\/biblioteca\/labuhardilla\/?p=2050\">[Seguir leyendo&#8230;]<\/a><\/span><\/p>\n","protected":false},"author":4,"featured_media":2053,"comment_status":"open","ping_status":"open","sticky":false,"template":"","format":"standard","meta":{"_s2mail":"yes"},"categories":[6,4],"tags":[57,24],"_links":{"self":[{"href":"https:\/\/www.uhu.es\/biblioteca\/labuhardilla\/index.php?rest_route=\/wp\/v2\/posts\/2050"}],"collection":[{"href":"https:\/\/www.uhu.es\/biblioteca\/labuhardilla\/index.php?rest_route=\/wp\/v2\/posts"}],"about":[{"href":"https:\/\/www.uhu.es\/biblioteca\/labuhardilla\/index.php?rest_route=\/wp\/v2\/types\/post"}],"author":[{"embeddable":true,"href":"https:\/\/www.uhu.es\/biblioteca\/labuhardilla\/index.php?rest_route=\/wp\/v2\/users\/4"}],"replies":[{"embeddable":true,"href":"https:\/\/www.uhu.es\/biblioteca\/labuhardilla\/index.php?rest_route=%2Fwp%2Fv2%2Fcomments&post=2050"}],"version-history":[{"count":49,"href":"https:\/\/www.uhu.es\/biblioteca\/labuhardilla\/index.php?rest_route=\/wp\/v2\/posts\/2050\/revisions"}],"predecessor-version":[{"id":2102,"href":"https:\/\/www.uhu.es\/biblioteca\/labuhardilla\/index.php?rest_route=\/wp\/v2\/posts\/2050\/revisions\/2102"}],"wp:featuredmedia":[{"embeddable":true,"href":"https:\/\/www.uhu.es\/biblioteca\/labuhardilla\/index.php?rest_route=\/wp\/v2\/media\/2053"}],"wp:attachment":[{"href":"https:\/\/www.uhu.es\/biblioteca\/labuhardilla\/index.php?rest_route=%2Fwp%2Fv2%2Fmedia&parent=2050"}],"wp:term":[{"taxonomy":"category","embeddable":true,"href":"https:\/\/www.uhu.es\/biblioteca\/labuhardilla\/index.php?rest_route=%2Fwp%2Fv2%2Fcategories&post=2050"},{"taxonomy":"post_tag","embeddable":true,"href":"https:\/\/www.uhu.es\/biblioteca\/labuhardilla\/index.php?rest_route=%2Fwp%2Fv2%2Ftags&post=2050"}],"curies":[{"name":"wp","href":"https:\/\/api.w.org\/{rel}","templated":true}]}}