{"id":2192,"date":"2015-04-24T09:54:55","date_gmt":"2015-04-24T09:54:55","guid":{"rendered":"http:\/\/www.uhu.es\/biblioteca\/labuhardilla\/?p=2192"},"modified":"2015-04-24T09:54:55","modified_gmt":"2015-04-24T09:54:55","slug":"enamorate-de-la-musica-clasica","status":"publish","type":"post","link":"https:\/\/www.uhu.es\/biblioteca\/labuhardilla\/?p=2192","title":{"rendered":"\u00a1Enam\u00f3rate de la M\u00fasica Cl\u00e1sica!"},"content":{"rendered":"<p><a href=\"http:\/\/www.uhu.es\/biblioteca\/labuhardilla\/wp-content\/uploads\/2015\/04\/Cartel-m\u00fasica-cl\u00e1sica.jpg\" rel='prettyPhoto[gallery1]'><img loading=\"lazy\" class=\"alignleft size-medium wp-image-2197\" title=\"Cartel m\u00fasica cl\u00e1sica\" src=\"http:\/\/www.uhu.es\/biblioteca\/labuhardilla\/wp-content\/uploads\/2015\/04\/Cartel-m\u00fasica-cl\u00e1sica-300x224.jpg\" alt=\"\" width=\"300\" height=\"224\" srcset=\"https:\/\/www.uhu.es\/biblioteca\/labuhardilla\/wp-content\/uploads\/2015\/04\/Cartel-m\u00fasica-cl\u00e1sica-300x224.jpg 300w, https:\/\/www.uhu.es\/biblioteca\/labuhardilla\/wp-content\/uploads\/2015\/04\/Cartel-m\u00fasica-cl\u00e1sica-1024x765.jpg 1024w, https:\/\/www.uhu.es\/biblioteca\/labuhardilla\/wp-content\/uploads\/2015\/04\/Cartel-m\u00fasica-cl\u00e1sica.jpg 1027w\" sizes=\"(max-width: 300px) 100vw, 300px\" \/><\/a>\u201cLa m\u00fasica es el coraz\u00f3n de la vida. Por ella habla el amor; sin ella no hay bien posible y con ella todo es hermoso.\u201d Franz Liszt\u00a0<em>(1811-1886) Pianista y compositor austriaco de origen h\u00fangaro.<\/em><\/p>\n<p>Siguiendo con nuestro inter\u00e9s en hacer llegar a la comunidad universitaria la m\u00fasica, durante los meses de abril y mayo vamos a dedicar nuestra exposici\u00f3n del hall de la planta baja a la m\u00fasica cl\u00e1sica y antigua. Para ello, hemos recopilado una amplia selecci\u00f3n, de nuestros fondos, que abarca pel\u00edculas, libros, CDs e incluso grabaciones sonoras para ni\u00f1os.<\/p>\n<p>Aqu\u00ed solo os mostramos una parte, ac\u00e9rcate a la biblioteca y podr\u00e1s comprobar por ti mismo la selecci\u00f3n completa.<\/p>\n<p>Entre las <span style=\"color: #800080;\"><strong>pel\u00edculas<\/strong><\/span> seleccionadas os recomendamos varias:<\/p>\n<p><strong><a title=\"El solista\" href=\"http:\/\/150.214.167.10\/record=b1594685~S1*spi\" target=\"_blank\">El solista<\/a><\/strong>: Basada en una historia real. Nathaniel Ayers (Jamie Foxx) es un prodigioso violonchelista que en el segundo curso de Conservatorio desarroll\u00f3 esquizofrenia y acab\u00f3 viviendo en la calle. En 2005, lo descubri\u00f3 el periodista de The Angeles Times Steve Lopez (Robert Downey Jr.). Impresionado por su talento, L\u00f3pez escribi\u00f3 una serie de art\u00edculos sobre \u00e9l que lo sacaron del anonimato. (FILMAFFINITY)<\/p>\n<p><strong><a title=\"Sinfon\u00eda de primavera\" href=\"http:\/\/150.214.167.10\/record=b1545862~S1*spi\" target=\"_blank\">Sinfon\u00eda de primavera<\/a><\/strong>: Drama biogr\u00e1fico sobre el compositor del siglo XIX Robert Schumann y su mujer, la pianista Clara Wieck. Fue el suyo un tormentoso matrimonio que fracas\u00f3 a causa de la fama y el poder de la m\u00fasica. El protagonista, Herbert Gr\u00f6nemeyer, es el cantante pop m\u00e1s famoso de Alemania. (FILMAFFINITY)<\/p>\n<p><strong><a title=\"Shine: el resplandor de un genio\" href=\"http:\/\/150.214.167.10\/record=b1357389~S1*spi\" target=\"_blank\">Shine: el resplandor de un genio<\/a><\/strong> : Basada en la vida de David Helfgott, un ni\u00f1o prodigio, Shine examina su tortuosa vida, desde su infancia dominada por su estricto padre, hasta llegar a sus crisis nerviosas cuando es adulto. Cuando es aceptado en una prestigiosa escuela de m\u00fasica en Londres, la Royal College of Music, David se siente capaz de huir de su padre y arriesgarlo todo por su \u00fanica pasi\u00f3n, la m\u00fasica. Pero el rechazo de su padre y las presiones de su trabajo, acaban sumi\u00e9ndole en una enfermedad mental. S\u00f3lo el amor de una mujer que le comprende de verdad, puede salvarle y devolverle a la sociedad para que \u00e9sta disfrute con su m\u00fasica. (FILMAFFINITY)<\/p>\n<p><strong><a title=\"Copying Beethoven\" href=\"http:\/\/150.214.167.10\/record=b1545865~S1*spi\" target=\"_blank\">Copying Beethoven<\/a><\/strong>: La joven Anna Holtz aspira a ser compositora, pero carece de medios. A pesar de todo, va a Viena, la capital mundial de la m\u00fasica. Estudia en el conservatorio y se las ingenia para trabajar con el mejor y m\u00e1s atrabiliario artista vivo: Ludwig van Beethoven. Cuando, improvisadamente, el esc\u00e9ptico genio la pone a prueba, Anna demuestra sus dotes para la m\u00fasica. El maestro decide entonces aceptarla como copista, comenzando as\u00ed una extraordinaria relaci\u00f3n que cambiar\u00e1 la vida de ambos. (FILMAFFINITY)<\/p>\n<p><strong><a title=\"Amadeus\" href=\"http:\/\/150.214.167.10\/record=b1545861~S1*spi\" target=\"_blank\">Amadeus<\/a><\/strong>: Antonio Salieri es el m\u00fasico m\u00e1s destacado de la corte del Emperador Jos\u00e9 II de Austria. Entregado completamente a la m\u00fasica, le promete a Dios humildad y castidad si, a cambio, conserva sus extraordinarias dotes musicales. Pero, despu\u00e9s de la llegada a la corte de un joven llamado Wolfang Amadeus Mozart, Salieri queda relegado a un segundo plano. Enfurecido por la p\u00e9rdida de protagonismo, har\u00e1 todo lo posible para arruinar la carrera del m\u00fasico de Salzburgo. Mientras tanto, Mozart, ajeno a las maquinaciones de Salieri, sorprende a todos con su genialidad como m\u00fasico, pero tambi\u00e9n con sus excentricidades. (FILMAFFINITY).<\/p>\n<p><span style=\"color: #800080;\"><strong>Cds<\/strong><\/span><\/p>\n<p><a title=\"El amor brujo\" href=\"http:\/\/150.214.167.10\/record=b1218288~S1*spi\" target=\"_blank\">El amor brujo<\/a><\/p>\n<p><a title=\"La folia\" href=\"http:\/\/columbus.uhu.es\/record=b1547579~S1*spi\" target=\"_blank\">La folia<\/a><\/p>\n<p><a title=\"El Cant de la Sibilla\" href=\"http:\/\/150.214.167.10\/record=b1547473~S1*spi\" target=\"_blank\">El Cant de la Sibilla<\/a><\/p>\n<p><a title=\"La Traviata\" href=\"http:\/\/150.214.167.10\/record=b1767646~S1*spi\" target=\"_blank\">La Traviata<\/a><\/p>\n<p><a title=\"Don Giovanni\" href=\"http:\/\/150.214.167.10\/record=b1395722~S1*spi\" target=\"_blank\">Don Giovanni<\/a><\/p>\n<p><a title=\"Brandenburgische konzerte\" href=\"http:\/\/150.214.167.10\/record=b1218203~S1*spi\" target=\"_blank\">Brandenburgische konzerte<\/a><\/p>\n<p><a title=\"M\u00fasica cl\u00e1sica para ni\u00f1os\" href=\"http:\/\/150.214.167.10\/record=b1561767~S1*spi\" target=\"_blank\">M\u00fasica cl\u00e1sica para ni\u00f1os<\/a><\/p>\n<p><span style=\"color: #800080;\"><strong>Libros<\/strong><\/span><\/p>\n<p><a title=\"Breve historia de la m\u00fasica en la Edad Media\" href=\"http:\/\/150.214.167.10\/record=b1367029~S1*spi\" target=\"_blank\">Breve historia de la m\u00fasica en la Edad Media<\/a><\/p>\n<p><a title=\"Las sonatas para piano de Beethoven\" href=\"http:\/\/150.214.167.10\/record=b1366745~S1*spi\" target=\"_blank\">Las sonatas para piano de Beethoven<\/a><\/p>\n<p><a title=\"Mozart\" href=\"http:\/\/150.214.167.10\/record=b1366745~S1*spi\" target=\"_blank\">Mozart<\/a><\/p>\n<p><a title=\"La M\u00fasica cl\u00e1sica : la era de Haydn, Mozart y Beethoven\" href=\"http:\/\/150.214.167.10\/record=b1336081~S1*spi\" target=\"_blank\">La M\u00fasica cl\u00e1sica : la era de Haydn, Mozart y Beethoven<\/a><\/p>\n<p><a title=\"Sof\u00eda, la vaca que amaba la m\u00fasica\" href=\"http:\/\/150.214.167.10\/record=b1512854~S1*spi\" target=\"_blank\">Sof\u00eda, la vaca que amaba la m\u00fasica<\/a><\/p>\n<p><a title=\"Doktor Faustus: vida del compositor alem\u00e1n Adrian Leverk\u00fchn narrada por un amigo\" href=\"http:\/\/150.214.167.10\/record=b1367589~S1*spi\" target=\"_blank\">Doktor Faustus: vida del compositor alem\u00e1n Adrian Leverk\u00fchn narrada por un amigo<\/a><\/p>\n<p><a title=\"Concierto barroco \/ Alejo Carpentier\" href=\"http:\/\/150.214.167.10\/record=b1281288~S1*spi\" target=\"_blank\">Concierto barroco \/ Alejo Carpentier<\/a><\/p>\n<p><span style=\"color: #800080;\"><strong>Revistas<\/strong><\/span><\/p>\n<p><a title=\"Goldberg : revista de m\u00fasica antigua\" href=\"http:\/\/columbus.uhu.es\/record=b1349582~S2*spi\" target=\"_blank\">Goldberg: \u00a0revista\u00a0de\u00a0m\u00fasica\u00a0antigua<\/a><\/p>\n<p><a title=\"Variaciones\" href=\"http:\/\/columbus.uhu.es\/record=b1369620~S1*spi\" target=\"_blank\">Variaciones<\/a><\/p>\n<p>&nbsp;<\/p>\n","protected":false},"excerpt":{"rendered":"<p>\u201cLa m\u00fasica es el coraz\u00f3n de la vida. Por ella habla el amor; sin ella no hay bien posible y con ella todo es hermoso.\u201d Franz Liszt\u00a0(1811-1886) Pianista y compositor austriaco de origen h\u00fangaro. Siguiendo con nuestro inter\u00e9s en hacer llegar a la comunidad universitaria la m\u00fasica, durante los meses de abril y mayo vamos&nbsp;<span class=\"excerpt_more\"><a href=\"https:\/\/www.uhu.es\/biblioteca\/labuhardilla\/?p=2192\">[Seguir leyendo&#8230;]<\/a><\/span><\/p>\n","protected":false},"author":1,"featured_media":2197,"comment_status":"open","ping_status":"open","sticky":false,"template":"","format":"standard","meta":{"_s2mail":"yes"},"categories":[3,6],"tags":[100,57],"_links":{"self":[{"href":"https:\/\/www.uhu.es\/biblioteca\/labuhardilla\/index.php?rest_route=\/wp\/v2\/posts\/2192"}],"collection":[{"href":"https:\/\/www.uhu.es\/biblioteca\/labuhardilla\/index.php?rest_route=\/wp\/v2\/posts"}],"about":[{"href":"https:\/\/www.uhu.es\/biblioteca\/labuhardilla\/index.php?rest_route=\/wp\/v2\/types\/post"}],"author":[{"embeddable":true,"href":"https:\/\/www.uhu.es\/biblioteca\/labuhardilla\/index.php?rest_route=\/wp\/v2\/users\/1"}],"replies":[{"embeddable":true,"href":"https:\/\/www.uhu.es\/biblioteca\/labuhardilla\/index.php?rest_route=%2Fwp%2Fv2%2Fcomments&post=2192"}],"version-history":[{"count":29,"href":"https:\/\/www.uhu.es\/biblioteca\/labuhardilla\/index.php?rest_route=\/wp\/v2\/posts\/2192\/revisions"}],"predecessor-version":[{"id":2223,"href":"https:\/\/www.uhu.es\/biblioteca\/labuhardilla\/index.php?rest_route=\/wp\/v2\/posts\/2192\/revisions\/2223"}],"wp:featuredmedia":[{"embeddable":true,"href":"https:\/\/www.uhu.es\/biblioteca\/labuhardilla\/index.php?rest_route=\/wp\/v2\/media\/2197"}],"wp:attachment":[{"href":"https:\/\/www.uhu.es\/biblioteca\/labuhardilla\/index.php?rest_route=%2Fwp%2Fv2%2Fmedia&parent=2192"}],"wp:term":[{"taxonomy":"category","embeddable":true,"href":"https:\/\/www.uhu.es\/biblioteca\/labuhardilla\/index.php?rest_route=%2Fwp%2Fv2%2Fcategories&post=2192"},{"taxonomy":"post_tag","embeddable":true,"href":"https:\/\/www.uhu.es\/biblioteca\/labuhardilla\/index.php?rest_route=%2Fwp%2Fv2%2Ftags&post=2192"}],"curies":[{"name":"wp","href":"https:\/\/api.w.org\/{rel}","templated":true}]}}