{"id":2226,"date":"2015-04-30T11:36:51","date_gmt":"2015-04-30T11:36:51","guid":{"rendered":"http:\/\/www.uhu.es\/biblioteca\/labuhardilla\/?p=2226"},"modified":"2015-04-30T12:29:50","modified_gmt":"2015-04-30T12:29:50","slug":"descubriendo-el-traje-de-serrana-de-almonaster-la-real","status":"publish","type":"post","link":"https:\/\/www.uhu.es\/biblioteca\/labuhardilla\/?p=2226","title":{"rendered":"Descubriendo el traje de serrana de Almonaster la Real"},"content":{"rendered":"<p>&nbsp;<\/p>\n<p><a href=\"http:\/\/www.uhu.es\/biblioteca\/labuhardilla\/wp-content\/uploads\/2015\/04\/Serranas204.jpg\" rel='prettyPhoto[gallery1]'><img loading=\"lazy\" class=\"alignleft size-medium wp-image-2238\" title=\"Serranas\" src=\"http:\/\/www.uhu.es\/biblioteca\/labuhardilla\/wp-content\/uploads\/2015\/04\/Serranas204-300x236.jpg\" alt=\"\" width=\"300\" height=\"236\" srcset=\"https:\/\/www.uhu.es\/biblioteca\/labuhardilla\/wp-content\/uploads\/2015\/04\/Serranas204-300x236.jpg 300w, https:\/\/www.uhu.es\/biblioteca\/labuhardilla\/wp-content\/uploads\/2015\/04\/Serranas204.jpg 768w\" sizes=\"(max-width: 300px) 100vw, 300px\" \/><\/a><em><\/em><\/p>\n<p>&nbsp;<\/p>\n<p><em>Qu\u00e9 bonita est\u00e1 la cruz<\/em><\/p>\n<p><em>qu\u00e9 linda la mayordoma<\/em><\/p>\n<p><em>con su traje de serrana<\/em><\/p>\n<p><em>que parece una paloma.<\/em><\/p>\n<p><em>\u00a0<\/em>(Fandango del Romero de la Cruz de la Fuente)<\/p>\n<p>&nbsp;<\/p>\n<p>&nbsp;<\/p>\n<p>Declaradas fiestas de Inter\u00e9s Etnol\u00f3gico, durante el\u00a0 primer domingo de mayo se celebran en Almonaster la Real las Cruces de Mayo: la del Llano y la de la Fuente, con un marcado componente cultural y popular .<\/p>\n<p>El traje de serrana constituye uno de los elementos fundamentales de estas fiestas. Es la vestimenta tradicional que lucen las mujeres de\u00a0Almonaster la Real (Huelva) durante la celebraci\u00f3n de dichas fiestas.<\/p>\n<p>Est\u00e1 compuesto por: falda, mant\u00f3n , medias de cuchilla, monillo, delantal y enaguas.<\/p>\n<p><a href=\"http:\/\/www.uhu.es\/biblioteca\/labuhardilla\/wp-content\/uploads\/2015\/04\/Serranas205.jpg\" rel='prettyPhoto[gallery1]'><img loading=\"lazy\" class=\"alignright size-medium wp-image-2239\" title=\"Falda, delantal y medias de cuchilla\" src=\"http:\/\/www.uhu.es\/biblioteca\/labuhardilla\/wp-content\/uploads\/2015\/04\/Serranas205-199x300.jpg\" alt=\"\" width=\"199\" height=\"300\" srcset=\"https:\/\/www.uhu.es\/biblioteca\/labuhardilla\/wp-content\/uploads\/2015\/04\/Serranas205-199x300.jpg 199w, https:\/\/www.uhu.es\/biblioteca\/labuhardilla\/wp-content\/uploads\/2015\/04\/Serranas205.jpg 386w\" sizes=\"(max-width: 199px) 100vw, 199px\" \/><\/a>Suele ser de colores vivos, con abundantes adornos, flores y joyas y en el que destacan, sobre todo, <em>las medias de cuchilla<\/em>, piezas artesanales\u00a0 elaboradas a la vieja usanza.<\/p>\n<p><a href=\"http:\/\/www.uhu.es\/biblioteca\/labuhardilla\/wp-content\/uploads\/2015\/04\/Serranas208.jpg\" rel='prettyPhoto[gallery1]'><img loading=\"lazy\" class=\"alignnone size-medium wp-image-2246\" title=\"Medias de cuchilla\" src=\"http:\/\/www.uhu.es\/biblioteca\/labuhardilla\/wp-content\/uploads\/2015\/04\/Serranas208-224x300.jpg\" alt=\"\" width=\"224\" height=\"300\" srcset=\"https:\/\/www.uhu.es\/biblioteca\/labuhardilla\/wp-content\/uploads\/2015\/04\/Serranas208-224x300.jpg 224w, https:\/\/www.uhu.es\/biblioteca\/labuhardilla\/wp-content\/uploads\/2015\/04\/Serranas208.jpg 484w\" sizes=\"(max-width: 224px) 100vw, 224px\" \/><\/a><\/p>\n<p>Otros complementos del traje de serrana son: el cobijo, la pamela, la peineta, flores, lazos, joyas, zapatos y borlas.<\/p>\n<p><a href=\"http:\/\/www.uhu.es\/biblioteca\/labuhardilla\/wp-content\/uploads\/2015\/04\/Serranas209.jpg\" rel='prettyPhoto[gallery1]'><img loading=\"lazy\" class=\"aligncenter size-medium wp-image-2236\" title=\"Mantones de manila\" src=\"http:\/\/www.uhu.es\/biblioteca\/labuhardilla\/wp-content\/uploads\/2015\/04\/Serranas209-300x199.jpg\" alt=\"\" width=\"300\" height=\"199\" srcset=\"https:\/\/www.uhu.es\/biblioteca\/labuhardilla\/wp-content\/uploads\/2015\/04\/Serranas209-300x200.jpg 300w, https:\/\/www.uhu.es\/biblioteca\/labuhardilla\/wp-content\/uploads\/2015\/04\/Serranas209-150x100.jpg 150w, https:\/\/www.uhu.es\/biblioteca\/labuhardilla\/wp-content\/uploads\/2015\/04\/Serranas209.jpg 768w\" sizes=\"(max-width: 300px) 100vw, 300px\" \/><\/a><\/p>\n<p>&nbsp;<\/p>\n<p>Para ampliar informaci\u00f3n os recomendamos la lectura del libro \u201c<a title=\"El traje de serrana de Almonaster la Real\" href=\"http:\/\/columbus.uhu.es\/record=b1700967~S1*spi\" target=\"_blank\">El traje de serrana en Almonaster la Real: una tradici\u00f3n viva\u201d<\/a>, de Mar\u00eda Jos\u00e9 Cortil.<\/p>\n<p>M\u00e1s sobre indumentarias, modas y vestidos en la BUH: http:\/\/bit.ly\/1bdYaFa<\/p>\n<p>&nbsp;<\/p>\n","protected":false},"excerpt":{"rendered":"<p>&nbsp; &nbsp; Qu\u00e9 bonita est\u00e1 la cruz qu\u00e9 linda la mayordoma con su traje de serrana que parece una paloma. \u00a0(Fandango del Romero de la Cruz de la Fuente) &nbsp; &nbsp; Declaradas fiestas de Inter\u00e9s Etnol\u00f3gico, durante el\u00a0 primer domingo de mayo se celebran en Almonaster la Real las Cruces de Mayo: la del Llano&nbsp;<span class=\"excerpt_more\"><a href=\"https:\/\/www.uhu.es\/biblioteca\/labuhardilla\/?p=2226\">[Seguir leyendo&#8230;]<\/a><\/span><\/p>\n","protected":false},"author":4,"featured_media":0,"comment_status":"open","ping_status":"open","sticky":false,"template":"","format":"standard","meta":{"_s2mail":"yes"},"categories":[6,5],"tags":[152,74],"_links":{"self":[{"href":"https:\/\/www.uhu.es\/biblioteca\/labuhardilla\/index.php?rest_route=\/wp\/v2\/posts\/2226"}],"collection":[{"href":"https:\/\/www.uhu.es\/biblioteca\/labuhardilla\/index.php?rest_route=\/wp\/v2\/posts"}],"about":[{"href":"https:\/\/www.uhu.es\/biblioteca\/labuhardilla\/index.php?rest_route=\/wp\/v2\/types\/post"}],"author":[{"embeddable":true,"href":"https:\/\/www.uhu.es\/biblioteca\/labuhardilla\/index.php?rest_route=\/wp\/v2\/users\/4"}],"replies":[{"embeddable":true,"href":"https:\/\/www.uhu.es\/biblioteca\/labuhardilla\/index.php?rest_route=%2Fwp%2Fv2%2Fcomments&post=2226"}],"version-history":[{"count":25,"href":"https:\/\/www.uhu.es\/biblioteca\/labuhardilla\/index.php?rest_route=\/wp\/v2\/posts\/2226\/revisions"}],"predecessor-version":[{"id":2259,"href":"https:\/\/www.uhu.es\/biblioteca\/labuhardilla\/index.php?rest_route=\/wp\/v2\/posts\/2226\/revisions\/2259"}],"wp:attachment":[{"href":"https:\/\/www.uhu.es\/biblioteca\/labuhardilla\/index.php?rest_route=%2Fwp%2Fv2%2Fmedia&parent=2226"}],"wp:term":[{"taxonomy":"category","embeddable":true,"href":"https:\/\/www.uhu.es\/biblioteca\/labuhardilla\/index.php?rest_route=%2Fwp%2Fv2%2Fcategories&post=2226"},{"taxonomy":"post_tag","embeddable":true,"href":"https:\/\/www.uhu.es\/biblioteca\/labuhardilla\/index.php?rest_route=%2Fwp%2Fv2%2Ftags&post=2226"}],"curies":[{"name":"wp","href":"https:\/\/api.w.org\/{rel}","templated":true}]}}