{"id":2410,"date":"2015-06-24T11:10:32","date_gmt":"2015-06-24T11:10:32","guid":{"rendered":"http:\/\/www.uhu.es\/biblioteca\/labuhardilla\/?p=2410"},"modified":"2015-06-24T11:10:32","modified_gmt":"2015-06-24T11:10:32","slug":"cascabeleros-de-san-juan","status":"publish","type":"post","link":"https:\/\/www.uhu.es\/biblioteca\/labuhardilla\/?p=2410","title":{"rendered":"Cascabeleros de San Juan"},"content":{"rendered":"<p><iframe loading=\"lazy\" src=\"https:\/\/www.youtube.com\/embed\/TkqYNjhQ1X8\" frameborder=\"0\" width=\"640\" height=\"390\"><\/iframe><\/p>\n<p>&nbsp;<\/p>\n<p><em>\u201cLas danzas folcl\u00f3ricas son extraordinarios reflejos de cada sociedad, aparecen en los momentos especialmente relevantes del ciclo vital individual y colectivo, marcando los acontecimientos socioculturales m\u00e1s importantes de los pueblos\u201d.<\/em><br \/>\n<a title=\"Danzantes y afines\" href=\"http:\/\/rabida.uhu.es\/dspace\/bitstream\/handle\/10272\/5591\/Danzantes_y_afines_la_danza_de_los_Cascabaleros.pdf?sequence=2\" target=\"_blank\">Danzantes y afines. La Danza de los Cascabeleros de Alosno<\/a>. CELESTE JIM\u00c9NEZ DE MADARIAGA. Universidad de Huelva<\/p>\n<p>Hoy se celebra en Alosno, municipio de Huelva,\u00a0 una de sus fiestas m\u00e1s importantes, la que se celebra en honor a San Juan Bautista y con ella \u00a0\u201cLa danza de los cascabeleros\u201d,\u00a0declarada\u00a0<a title=\"Bien de Inter\u00e9s Cultural\" href=\"http:\/\/www.juntadeandalucia.es\/boja\/2011\/67\/d41.pdf\" target=\"_blank\">Bien de Inter\u00e9s Cultural<\/a>\u00a0( BOJA\u00a0N.\u00ba 67\u00a0el 5 de abril de 2011).<\/p>\n<p>De origen desconocido, \u00a0aunque se cree que est\u00e1 emparentada con ceremonias tart\u00e9sicas vinculadas al\u00a0solsticio de verano, era una\u00a0danza pagana que se adapt\u00f3 a la fiesta de San Juan, convirti\u00e9ndose en \u00a0una danza religiosa con un gran significado de ofrenda, por parte de los hombres a su patr\u00f3n.<\/p>\n<p>Los \u00abcascabeleros\u00bb interpretan la danza con\u00a0palillos\u00a0o\u00a0casta\u00f1uelas\u00a0adornadas con cintas blancas, rojas y amarillas, madro\u00f1os y\u00a0cascabeles\u00a0o \u00abcascabeleras\u00bb en los tobillos.<\/p>\n<p>El grupo de danzantes lo componen diecinueve hombres, formando tres de ellos la cabeza y los diecis\u00e9is restantes se agrupan en ocho parejas. Es una danza de gran fuerza y virilidad, que se baila al son de gaita y tamboril.<\/p>\n<p>As\u00edmismo, tambi\u00e9n se baila en las fiestas de San Juan Bautista el <em>fandango re\u00f1\u00edo o fandango de desaf\u00edo<\/em>, \u00a0danza de significaci\u00f3n guerrera. Se baila en la plaza del pueblo, cuando terminan los actos religiosos. Se enfrentan dos hombres, \u00a0a modo de reto o provocaci\u00f3n, hasta que al final se abrazan en se\u00f1al de reconciliaci\u00f3n.<\/p>\n<p>&nbsp;<\/p>\n<p>M\u00e1s informaci\u00f3n sobre las fiestas de San Juan en:<\/p>\n<p><a title=\"Fiestas de San Juan\" href=\"http:\/\/columbus.uhu.es\/record=b1240091~S1*spi\" target=\"_blank\">Cat\u00e1logo Columbus<br \/>\n<\/a><\/p>\n<p><a title=\"Fiestas de San Juan\" href=\"http:\/\/dialnet.unirioja.es\/buscar\/documentos?querysDismax.DOCUMENTAL_TODO=fiestas+san+juan\" target=\"_blank\">Dialnet<\/a><a href=\"http:\/\/www.uhu.es\/biblioteca\/labuhardilla\/wp-content\/uploads\/2015\/06\/cascabeleros.jpeg\" rel='prettyPhoto[gallery1]'><img loading=\"lazy\" class=\"alignright size-medium wp-image-2505\" title=\"Cascabeleros de San Juan\" src=\"http:\/\/www.uhu.es\/biblioteca\/labuhardilla\/wp-content\/uploads\/2015\/06\/cascabeleros-300x200.jpg\" alt=\"\" width=\"300\" height=\"200\" srcset=\"https:\/\/www.uhu.es\/biblioteca\/labuhardilla\/wp-content\/uploads\/2015\/06\/cascabeleros-300x200.jpg 300w, https:\/\/www.uhu.es\/biblioteca\/labuhardilla\/wp-content\/uploads\/2015\/06\/cascabeleros-150x100.jpg 150w, https:\/\/www.uhu.es\/biblioteca\/labuhardilla\/wp-content\/uploads\/2015\/06\/cascabeleros.jpeg 1024w\" sizes=\"(max-width: 300px) 100vw, 300px\" \/><\/a><\/p>\n<p><a title=\"Folklore\" href=\"http:\/\/columbus.uhu.es\/search~S2*spi\/?searchtype=X&amp;searcharg=folklore&amp;searchscope=2&amp;sortdropdown=-&amp;SORT=DZ&amp;extended=0&amp;SUBMIT=Buscar&amp;searchlimits=&amp;searchorigarg=Xfiesta%26SORT%3DD\" target=\"_blank\">Revistas<br \/>\n<\/a><\/p>\n<p>&nbsp;<\/p>\n<p>Fuentes:<\/p>\n<p><a title=\"Ayuntamiento de Alosno\" href=\"http:\/\/www.alosno.es\/index.php?id=1499\" target=\"_blank\">alosno.es<\/a><\/p>\n<p><a title=\"Danza de los cascabeleros\" href=\"https:\/\/es.wikipedia.org\/wiki\/Danza_de_los_cascabeleros\" target=\"_blank\">wikipedia.org<\/a><\/p>\n<p><a title=\"Fiestas de San Juan\" href=\"http:\/\/www.juntadeandalucia.es\/culturaydeporte\/agendaandaluciatucultura\/evento\/danza-de-los-cascabeleros-en-las-fiestas-de-san-juan-alosno\" target=\"_blank\">juntadeandalucia.es<\/a><\/p>\n<p>&nbsp;<\/p>\n<p>Imagen andalucia.org<\/p>\n","protected":false},"excerpt":{"rendered":"<p>&nbsp; \u201cLas danzas folcl\u00f3ricas son extraordinarios reflejos de cada sociedad, aparecen en los momentos especialmente relevantes del ciclo vital individual y colectivo, marcando los acontecimientos socioculturales m\u00e1s importantes de los pueblos\u201d. Danzantes y afines. La Danza de los Cascabeleros de Alosno. CELESTE JIM\u00c9NEZ DE MADARIAGA. Universidad de Huelva Hoy se celebra en Alosno, municipio de&nbsp;<span class=\"excerpt_more\"><a href=\"https:\/\/www.uhu.es\/biblioteca\/labuhardilla\/?p=2410\">[Seguir leyendo&#8230;]<\/a><\/span><\/p>\n","protected":false},"author":2,"featured_media":2505,"comment_status":"open","ping_status":"open","sticky":false,"template":"","format":"standard","meta":{"_s2mail":"yes"},"categories":[6,5],"tags":[155,50,156,74],"_links":{"self":[{"href":"https:\/\/www.uhu.es\/biblioteca\/labuhardilla\/index.php?rest_route=\/wp\/v2\/posts\/2410"}],"collection":[{"href":"https:\/\/www.uhu.es\/biblioteca\/labuhardilla\/index.php?rest_route=\/wp\/v2\/posts"}],"about":[{"href":"https:\/\/www.uhu.es\/biblioteca\/labuhardilla\/index.php?rest_route=\/wp\/v2\/types\/post"}],"author":[{"embeddable":true,"href":"https:\/\/www.uhu.es\/biblioteca\/labuhardilla\/index.php?rest_route=\/wp\/v2\/users\/2"}],"replies":[{"embeddable":true,"href":"https:\/\/www.uhu.es\/biblioteca\/labuhardilla\/index.php?rest_route=%2Fwp%2Fv2%2Fcomments&post=2410"}],"version-history":[{"count":60,"href":"https:\/\/www.uhu.es\/biblioteca\/labuhardilla\/index.php?rest_route=\/wp\/v2\/posts\/2410\/revisions"}],"predecessor-version":[{"id":2541,"href":"https:\/\/www.uhu.es\/biblioteca\/labuhardilla\/index.php?rest_route=\/wp\/v2\/posts\/2410\/revisions\/2541"}],"wp:featuredmedia":[{"embeddable":true,"href":"https:\/\/www.uhu.es\/biblioteca\/labuhardilla\/index.php?rest_route=\/wp\/v2\/media\/2505"}],"wp:attachment":[{"href":"https:\/\/www.uhu.es\/biblioteca\/labuhardilla\/index.php?rest_route=%2Fwp%2Fv2%2Fmedia&parent=2410"}],"wp:term":[{"taxonomy":"category","embeddable":true,"href":"https:\/\/www.uhu.es\/biblioteca\/labuhardilla\/index.php?rest_route=%2Fwp%2Fv2%2Fcategories&post=2410"},{"taxonomy":"post_tag","embeddable":true,"href":"https:\/\/www.uhu.es\/biblioteca\/labuhardilla\/index.php?rest_route=%2Fwp%2Fv2%2Ftags&post=2410"}],"curies":[{"name":"wp","href":"https:\/\/api.w.org\/{rel}","templated":true}]}}