{"id":247,"date":"2012-12-13T13:17:17","date_gmt":"2012-12-13T13:17:17","guid":{"rendered":"http:\/\/www.uhu.es\/biblioteca\/labuhardilla\/?p=247"},"modified":"2012-12-13T13:18:49","modified_gmt":"2012-12-13T13:18:49","slug":"hemos-cumplido-un-ano","status":"publish","type":"post","link":"https:\/\/www.uhu.es\/biblioteca\/labuhardilla\/?p=247","title":{"rendered":"\u00a1Hemos cumplido un a\u00f1o!"},"content":{"rendered":"<p><a href=\"http:\/\/www.uhu.es\/biblioteca\/labuhardilla\/wp-content\/uploads\/2012\/12\/Logo-aniversario.jpg\" rel='prettyPhoto[gallery1]'><img loading=\"lazy\" class=\"alignleft size-medium wp-image-248\" title=\"Logo aniversario\" src=\"http:\/\/www.uhu.es\/biblioteca\/labuhardilla\/wp-content\/uploads\/2012\/12\/Logo-aniversario-238x300.jpg\" alt=\"\" width=\"238\" height=\"300\" srcset=\"https:\/\/www.uhu.es\/biblioteca\/labuhardilla\/wp-content\/uploads\/2012\/12\/Logo-aniversario-238x300.jpg 238w, https:\/\/www.uhu.es\/biblioteca\/labuhardilla\/wp-content\/uploads\/2012\/12\/Logo-aniversario-814x1024.jpg 814w, https:\/\/www.uhu.es\/biblioteca\/labuhardilla\/wp-content\/uploads\/2012\/12\/Logo-aniversario.jpg 1241w\" sizes=\"(max-width: 238px) 100vw, 238px\" \/><\/a>Hoy hace un a\u00f1o que inauguramos el blog, fue un martes 13, d\u00eda que retamos a la mala suerte y nos lanzamos a la aventura. Durante este a\u00f1o hemos intentado acercar un poco m\u00e1s la Biblioteca a la comunidad universitaria y a la sociedad en general. Durante este a\u00f1o tambi\u00e9n, hemos hecho algunos cambios : el logo,\u00a0 la plantilla&#8230; hemos implementado el flickr, los c\u00f3digos QR, \u00a0etc&#8230;<\/p>\n<p>Nuestros posts se han centrado en difundir nuestra colecci\u00f3n, nuestros servicios y han pretendido tambi\u00e9n difundir la cultura onubense. Tambi\u00e9n hemos contado con la colaboraci\u00f3n de profesores, alumnos, etc. a los que hemos entrevistado y a los que agradecemos desde aqu\u00ed su participaci\u00f3n.<\/p>\n<p>&nbsp;<\/p>\n<p>&nbsp;<\/p>\n<p>Entre nuestras entradas, las m\u00e1s le\u00eddas han sido:<\/p>\n<p><a title=\"&quot;Lo de Marga&quot;\" href=\"http:\/\/www.uhu.es\/biblioteca\/labuhardilla\/?p=223\" target=\"_blank\">&#8220;Lo de Marga&#8221;<\/a><\/p>\n<p><a title=\"&quot;Si estudias qu\u00edmica...\" href=\"http:\/\/www.uhu.es\/biblioteca\/labuhardilla\/?p=192\" target=\"_blank\">&#8220;Si estudias qu\u00edmica&#8230; esto te interesa&#8221;<\/a><\/p>\n<p><a title=\"&quot;Si estudias ingenier\u00eda mec\u00e1nica...\" href=\"http:\/\/www.uhu.es\/biblioteca\/labuhardilla\/?p=192\" target=\"_blank\">&#8220;Si estudias ingenier\u00eda mec\u00e1nica&#8230; esto te interesa&#8221;<\/a><\/p>\n<p>Se han le\u00eddo a trav\u00e9s de facebook , twitter y otras redes tambi\u00e9n.<\/p>\n<p>Tenemos muchos m\u00e1s proyectos e ideas y muchas cosas que contar\u00a0 y nos gustar\u00eda seguir contando con vuestra colaboraci\u00f3n.<br \/>\nPor \u00faltimo, queremos recordaros que pod\u00e9is suscribiros para recibir notificaci\u00f3n de las nuevas entradas en vuestro correo. S\u00f3lo ten\u00e9is que entrar en el blog (ir a la parte inferior derecha) y os suscrib\u00eds con el formulario que encontrar\u00e9is.<\/p>\n","protected":false},"excerpt":{"rendered":"<p>Hoy hace un a\u00f1o que inauguramos el blog, fue un martes 13, d\u00eda que retamos a la mala suerte y nos lanzamos a la aventura. Durante este a\u00f1o hemos intentado acercar un poco m\u00e1s la Biblioteca a la comunidad universitaria y a la sociedad en general. Durante este a\u00f1o tambi\u00e9n, hemos hecho algunos cambios :&nbsp;<span class=\"excerpt_more\"><a href=\"https:\/\/www.uhu.es\/biblioteca\/labuhardilla\/?p=247\">[Seguir leyendo&#8230;]<\/a><\/span><\/p>\n","protected":false},"author":4,"featured_media":248,"comment_status":"open","ping_status":"open","sticky":false,"template":"","format":"standard","meta":{"_s2mail":"yes"},"categories":[3,6],"tags":[8,72],"_links":{"self":[{"href":"https:\/\/www.uhu.es\/biblioteca\/labuhardilla\/index.php?rest_route=\/wp\/v2\/posts\/247"}],"collection":[{"href":"https:\/\/www.uhu.es\/biblioteca\/labuhardilla\/index.php?rest_route=\/wp\/v2\/posts"}],"about":[{"href":"https:\/\/www.uhu.es\/biblioteca\/labuhardilla\/index.php?rest_route=\/wp\/v2\/types\/post"}],"author":[{"embeddable":true,"href":"https:\/\/www.uhu.es\/biblioteca\/labuhardilla\/index.php?rest_route=\/wp\/v2\/users\/4"}],"replies":[{"embeddable":true,"href":"https:\/\/www.uhu.es\/biblioteca\/labuhardilla\/index.php?rest_route=%2Fwp%2Fv2%2Fcomments&post=247"}],"version-history":[{"count":5,"href":"https:\/\/www.uhu.es\/biblioteca\/labuhardilla\/index.php?rest_route=\/wp\/v2\/posts\/247\/revisions"}],"predecessor-version":[{"id":250,"href":"https:\/\/www.uhu.es\/biblioteca\/labuhardilla\/index.php?rest_route=\/wp\/v2\/posts\/247\/revisions\/250"}],"wp:featuredmedia":[{"embeddable":true,"href":"https:\/\/www.uhu.es\/biblioteca\/labuhardilla\/index.php?rest_route=\/wp\/v2\/media\/248"}],"wp:attachment":[{"href":"https:\/\/www.uhu.es\/biblioteca\/labuhardilla\/index.php?rest_route=%2Fwp%2Fv2%2Fmedia&parent=247"}],"wp:term":[{"taxonomy":"category","embeddable":true,"href":"https:\/\/www.uhu.es\/biblioteca\/labuhardilla\/index.php?rest_route=%2Fwp%2Fv2%2Fcategories&post=247"},{"taxonomy":"post_tag","embeddable":true,"href":"https:\/\/www.uhu.es\/biblioteca\/labuhardilla\/index.php?rest_route=%2Fwp%2Fv2%2Ftags&post=247"}],"curies":[{"name":"wp","href":"https:\/\/api.w.org\/{rel}","templated":true}]}}