{"id":2849,"date":"2015-10-19T12:39:36","date_gmt":"2015-10-19T12:39:36","guid":{"rendered":"http:\/\/www.uhu.es\/biblioteca\/labuhardilla\/?p=2849"},"modified":"2015-10-19T12:56:15","modified_gmt":"2015-10-19T12:56:15","slug":"open-access-week","status":"publish","type":"post","link":"https:\/\/www.uhu.es\/biblioteca\/labuhardilla\/?p=2849","title":{"rendered":"Open Access Week"},"content":{"rendered":"<h2><span style=\"font-size: 13px; font-weight: normal;\"><img loading=\"lazy\" class=\"alignleft size-medium wp-image-2853\" title=\"Open Access Week\" src=\"http:\/\/www.uhu.es\/biblioteca\/labuhardilla\/wp-content\/uploads\/2015\/10\/camisetaopenaccess-300x300.jpg\" alt=\"\" width=\"300\" height=\"300\" srcset=\"https:\/\/www.uhu.es\/biblioteca\/labuhardilla\/wp-content\/uploads\/2015\/10\/camisetaopenaccess-300x300.jpg 300w, https:\/\/www.uhu.es\/biblioteca\/labuhardilla\/wp-content\/uploads\/2015\/10\/camisetaopenaccess-150x150.jpg 150w, https:\/\/www.uhu.es\/biblioteca\/labuhardilla\/wp-content\/uploads\/2015\/10\/camisetaopenaccess-85x85.jpg 85w, https:\/\/www.uhu.es\/biblioteca\/labuhardilla\/wp-content\/uploads\/2015\/10\/camisetaopenaccess.jpg 736w\" sizes=\"(max-width: 300px) 100vw, 300px\" \/><\/span><\/h2>\n<p>La Semana Internacional del Acceso Abierto &#8211;<a title=\"Open Access Week\" href=\"http:\/\/www.openaccessweek.org\/\" target=\"_blank\">Open Access Week<\/a>&#8211; se celebra en todo el mundo y tiene como principal finalidad promover pol\u00edticas de acceso abierto a la informaci\u00f3n cient\u00edfica y profundizar en aquellas acciones que permitan y faciliten que la investigaci\u00f3n financiada con fondos p\u00fablicos est\u00e9 disponible tambi\u00e9n de forma p\u00fablica.<\/p>\n<p>Desde la Universidad de Huelva, y a trav\u00e9s de la Biblioteca Universitaria, nos unimos a\u00a0 las celebraciones de esta semana, en sinton\u00eda con la Red de Bibliotecas Universitarias Espa\u00f1olas (REBIUN\/CRUE) y la Fundaci\u00f3n Espa\u00f1ola para la Ciencia y la Tecnolog\u00eda (FECYT).e la investigaci\u00f3n financiada con fondos p\u00fablicos est\u00e9 disponible tambi\u00e9n de forma p\u00fablica.<\/p>\n<p>&nbsp;<\/p>\n<h1 style=\"text-align: center;\"><strong><span style=\"font-size: 13px; color: #008000;\">Campa\u00f1a de difusi\u00f3n del acceso abierto<\/span><\/strong><\/h1>\n<p><span style=\"font-size: 13px; font-weight: normal;\">La Biblioteca Universitaria de Huelva ha seleccionado entre sus acciones de promoci\u00f3n del acceso abierto las siguientes:<\/span><\/p>\n<ul>\n<li><span style=\"font-size: 13px; font-weight: normal;\">Nuevas funcionalidades en Repositorio Arias Montano:\u00a0<\/span><a style=\"font-size: 13px; font-weight: normal;\" title=\"Orcid\" href=\"http:\/\/www.uhu.es\/biblioteca\/tablon\/2015\/OrcidenAriasMontano.html\" target=\"_blank\">incorporaci\u00f3n del ORCID de los investigadores UHU al repositorio<\/a><span style=\"font-size: 13px; font-weight: normal;\">.<\/span><\/li>\n<li><span style=\"font-size: 13px; font-weight: normal;\">Resultados y\u00a0<\/span><a style=\"font-size: 13px; font-weight: normal;\" title=\"Ranking mundial de repositorios\" href=\"http:\/\/www.uhu.es\/biblioteca\/tablon\/2015\/RankingWebRepositorio_Julio2015.html\" target=\"_blank\">an\u00e1lisis de la posici\u00f3n de la Universidad de Huelva en el \u00faltimo Ranking mundial de Repositorios del mundo<\/a><span style=\"font-size: 13px; font-weight: normal;\">.<\/span><\/li>\n<li><span style=\"font-size: 13px; font-weight: normal;\">Celebraci\u00f3n de una nueva edici\u00f3n de\u00a0<\/span><a style=\"font-size: 13px; font-weight: normal;\" title=\"Taller de autoarchivo\" href=\"http:\/\/www.uhu.es\/biblioteca\/RepositorioDspace\/TalleresAutoarchivo\/TalleresAutoarchivo.htm\" target=\"_blank\">Taller de Auto-archivo en Repositorio Arias Montano para los investigadores UHU<\/a><\/li>\n<li><span style=\"font-size: 13px; font-weight: normal;\">Difusi\u00f3n de infograf\u00edas de promoci\u00f3n del acceso abierto a la informaci\u00f3n cient\u00edfica elaboradas por Grupo de Trabajo de Rebiun (CRUE) y dirigidas a los investigadores de las Universidades espa\u00f1olas.<\/span><\/li>\n<\/ul>\n<p><span style=\"font-size: 13px; font-weight: normal;\">a)\u00a0\u00a0\u00a0\u00a0\u00a0\u00a0<\/span><a style=\"font-size: 13px; font-weight: normal;\" title=\"Beneficios de publicar en los repositorios institucionales\" href=\"http:\/\/accesoabierto.info\/beneficioa-de-publicar-en-los-repositorios-insti-1401969640.html\" target=\"_blank\">Beneficios de publicar en los repositorios institucionales<\/a><\/p>\n<p><span style=\"font-size: 13px; font-weight: normal;\">b)\u00a0\u00a0\u00a0\u00a0\u00a0\u00a0<\/span><a style=\"font-size: 13px; font-weight: normal;\" title=\"Versiones de los art\u00edculos cient\u00edficos y acceso abierto\" href=\"http:\/\/accesoabierto.info\/versiones-de-los-articulos-cientificos-y-acceso-abierto-1401955087.html\" target=\"_blank\">Versiones de los art\u00edculos cient\u00edficos y acceso abierto<\/a><\/p>\n<p><span style=\"font-size: 13px; font-weight: normal;\">c)\u00a0\u00a0\u00a0\u00a0\u00a0\u00a0<\/span><a style=\"font-size: 13px; font-weight: normal;\" title=\"Conserva tus derechos de autor frente a las editoriales\" href=\"http:\/\/accesoabierto.info\/conserva-tus-derechos-de-autor-frente-a-las-editoriales-1401953241.html\" target=\"_blank\">Conserva tus derechos de autor frente a las editoriales<\/a><\/p>\n<p><span style=\"font-size: 13px; font-weight: normal;\">d)\u00a0\u00a0\u00a0\u00a0\u00a0\u00a0<\/span><a style=\"font-size: 13px; font-weight: normal;\" title=\" C\u00f3mo cumplir los mandatos del acceso abierto\" href=\"http:\/\/accesoabierto.info\/como-cumplir-con-los-mandatos-de-acceso-abierto-1401954768.html\" target=\"_blank\">C\u00f3mo cumplir los mandatos del acceso abierto<\/a><\/p>\n<p><span style=\"font-size: 13px; font-weight: normal;\">El Repositorio de la Universidad de Huelva es consultable en:\u00a0<\/span><a style=\"font-size: 13px; font-weight: normal;\" title=\"Arias Montano\" href=\"http:\/\/rabida.uhu.es\/dspace\/\" target=\"_blank\">Arias Montano<\/a><\/p>\n<p><span style=\"font-size: 13px; font-weight: normal;\">Para m\u00e1s informaci\u00f3n, contactar con:\u00a0<\/span><a style=\"font-size: 13px; font-weight: normal;\" href=\"http:\/\/rabida.uhu.es\/dspace\/contact\">Equipo Arias Montano<\/a><span style=\"font-size: 13px; font-weight: normal;\">\u00a0o directamente con\u00a0<\/span><a style=\"font-size: 13px; font-weight: normal;\" href=\"mailto:rafaela.civico@biblio.uhu.es\">rafaela.civico@biblio.uhu.es<\/a><span style=\"font-size: 13px; font-weight: normal;\">\u00a0o\u00a0<\/span><a style=\"font-size: 13px; font-weight: normal;\" href=\"mailto:jcarlos.morillo@biblio.uhu.es\">jcarlos.morillo@biblio.uhu.es<\/a><\/p>\n<p>&nbsp;<\/p>\n<p>&nbsp;<\/p>\n<p><span style=\"font-size: 13px; font-weight: normal;\"><br \/>\n<\/span><\/p>\n","protected":false},"excerpt":{"rendered":"<p>La Semana Internacional del Acceso Abierto &#8211;Open Access Week&#8211; se celebra en todo el mundo y tiene como principal finalidad promover pol\u00edticas de acceso abierto a la informaci\u00f3n cient\u00edfica y profundizar en aquellas acciones que permitan y faciliten que la investigaci\u00f3n financiada con fondos p\u00fablicos est\u00e9 disponible tambi\u00e9n de forma p\u00fablica. Desde la Universidad de&nbsp;<span class=\"excerpt_more\"><a href=\"https:\/\/www.uhu.es\/biblioteca\/labuhardilla\/?p=2849\">[Seguir leyendo&#8230;]<\/a><\/span><\/p>\n","protected":false},"author":4,"featured_media":2853,"comment_status":"open","ping_status":"open","sticky":false,"template":"","format":"standard","meta":{"_s2mail":"yes"},"categories":[6,4],"tags":[43,19,113,44,89],"_links":{"self":[{"href":"https:\/\/www.uhu.es\/biblioteca\/labuhardilla\/index.php?rest_route=\/wp\/v2\/posts\/2849"}],"collection":[{"href":"https:\/\/www.uhu.es\/biblioteca\/labuhardilla\/index.php?rest_route=\/wp\/v2\/posts"}],"about":[{"href":"https:\/\/www.uhu.es\/biblioteca\/labuhardilla\/index.php?rest_route=\/wp\/v2\/types\/post"}],"author":[{"embeddable":true,"href":"https:\/\/www.uhu.es\/biblioteca\/labuhardilla\/index.php?rest_route=\/wp\/v2\/users\/4"}],"replies":[{"embeddable":true,"href":"https:\/\/www.uhu.es\/biblioteca\/labuhardilla\/index.php?rest_route=%2Fwp%2Fv2%2Fcomments&post=2849"}],"version-history":[{"count":26,"href":"https:\/\/www.uhu.es\/biblioteca\/labuhardilla\/index.php?rest_route=\/wp\/v2\/posts\/2849\/revisions"}],"predecessor-version":[{"id":2876,"href":"https:\/\/www.uhu.es\/biblioteca\/labuhardilla\/index.php?rest_route=\/wp\/v2\/posts\/2849\/revisions\/2876"}],"wp:featuredmedia":[{"embeddable":true,"href":"https:\/\/www.uhu.es\/biblioteca\/labuhardilla\/index.php?rest_route=\/wp\/v2\/media\/2853"}],"wp:attachment":[{"href":"https:\/\/www.uhu.es\/biblioteca\/labuhardilla\/index.php?rest_route=%2Fwp%2Fv2%2Fmedia&parent=2849"}],"wp:term":[{"taxonomy":"category","embeddable":true,"href":"https:\/\/www.uhu.es\/biblioteca\/labuhardilla\/index.php?rest_route=%2Fwp%2Fv2%2Fcategories&post=2849"},{"taxonomy":"post_tag","embeddable":true,"href":"https:\/\/www.uhu.es\/biblioteca\/labuhardilla\/index.php?rest_route=%2Fwp%2Fv2%2Ftags&post=2849"}],"curies":[{"name":"wp","href":"https:\/\/api.w.org\/{rel}","templated":true}]}}