{"id":2944,"date":"2015-11-10T11:52:31","date_gmt":"2015-11-10T11:52:31","guid":{"rendered":"http:\/\/www.uhu.es\/biblioteca\/labuhardilla\/?p=2944"},"modified":"2015-11-10T11:52:31","modified_gmt":"2015-11-10T11:52:31","slug":"europa-y-los-totalitarismos","status":"publish","type":"post","link":"https:\/\/www.uhu.es\/biblioteca\/labuhardilla\/?p=2944","title":{"rendered":"Europa y los Totalitarismos"},"content":{"rendered":"<p><a href=\"http:\/\/www.uhu.es\/biblioteca\/labuhardilla\/wp-content\/uploads\/2015\/11\/Totalitarismos.jpg\" rel='prettyPhoto[gallery1]'><img loading=\"lazy\" class=\"alignleft size-medium wp-image-2954\" title=\"Europa y los totalitarismos\" src=\"http:\/\/www.uhu.es\/biblioteca\/labuhardilla\/wp-content\/uploads\/2015\/11\/Totalitarismos-300x225.jpg\" alt=\"\" width=\"300\" height=\"225\" srcset=\"https:\/\/www.uhu.es\/biblioteca\/labuhardilla\/wp-content\/uploads\/2015\/11\/Totalitarismos-300x225.jpg 300w, https:\/\/www.uhu.es\/biblioteca\/labuhardilla\/wp-content\/uploads\/2015\/11\/Totalitarismos.jpg 1024w\" sizes=\"(max-width: 300px) 100vw, 300px\" \/><\/a>Se conoce como\u00a0totalitarismos\u00a0a las\u00a0ideolog\u00edas, los\u00a0movimientos\u00a0y los\u00a0reg\u00edmenes pol\u00edticos\u00a0donde la\u00a0libertad\u00a0est\u00e1 seriamente restringida y el\u00a0Estado\u00a0ejerce todo el poder\u00a0sin\u00a0divisiones\u00a0ni restricciones.<\/p>\n<p>Los totalitarismos o reg\u00edmenes totalitarios, se diferencian de otros reg\u00edmenes autocr\u00e1ticos\u00a0por ser dirigidos por un\u00a0partido pol\u00edtico\u00a0que pretende ser o se comporta en la pr\u00e1ctica como\u00a0partido \u00fanico\u00a0y se funde con las instituciones del Estado. Estos reg\u00edmenes, por lo general, exaltan la figura de un personaje que tiene un poder ilimitado, que alcanza todos los \u00e1mbitos y se manifiesta a trav\u00e9s de la\u00a0autoridad ejercida\u00a0jer\u00e1rquicamente. Impulsan un movimiento de\u00a0masas\u00a0en el que se pretende encuadrar a toda la sociedad (con el prop\u00f3sito de formar una\u00a0persona nueva\u00a0en una\u00a0sociedad perfecta) y hacen uso intenso de la\u00a0propaganda\u00a0y de distintos mecanismos de control social y de\u00a0represi\u00f3n, como la\u00a0polic\u00eda secreta.<\/p>\n<p>El\u00a0totalitarismo\u00a0es una forma de\u00a0Estado, pero no es simplemente una\u00a0forma de gobierno, es una organizaci\u00f3n en cuanto a las personas que ejercen el poder, de tipo no democr\u00e1tico, que se caracteriza en la falta de reconocimiento de la libertad y los derechos humanos.<\/p>\n<p>La historia reciente de Europa ha estado marcada en gran medida por el surgimiento de reg\u00edmenes totalitarios que tuvieron consecuencias a nivel mundial desencadenando la Segunda Gran Guerra.<\/p>\n<p>Son muchas las pel\u00edculas,\u00a0 documentales, art\u00edculos y libros que han tratado este tema. Os presentamos una recopilaci\u00f3n \u00a0de materiales que pretenden acercarnos al nacimiento y desarrollo \u00a0de estos movimientos que marcaron la historia del siglo XX.<\/p>\n<h2><span style=\"color: #800080;\">\u00a0<strong>Cine<a href=\"http:\/\/www.uhu.es\/biblioteca\/labuhardilla\/wp-content\/uploads\/2015\/11\/baaria-cartel1.jpg\" rel='prettyPhoto[gallery1]'><img loading=\"lazy\" class=\"alignright size-medium wp-image-2957\" title=\"Baar\u00eca\" src=\"http:\/\/www.uhu.es\/biblioteca\/labuhardilla\/wp-content\/uploads\/2015\/11\/baaria-cartel1-212x300.jpg\" alt=\"\" width=\"212\" height=\"300\" srcset=\"https:\/\/www.uhu.es\/biblioteca\/labuhardilla\/wp-content\/uploads\/2015\/11\/baaria-cartel1-212x300.jpg 212w, https:\/\/www.uhu.es\/biblioteca\/labuhardilla\/wp-content\/uploads\/2015\/11\/baaria-cartel1.jpg 458w\" sizes=\"(max-width: 212px) 100vw, 212px\" \/><\/a><\/strong><\/span><\/h2>\n<p><a title=\"Novecento\" href=\"http:\/\/columbus.uhu.es\/record=b1766333~S1*spi\" target=\"_blank\">Novecento<\/a> (1900). En el a\u00f1o 1901, en una finca del norte de Italia, nacen el mismo d\u00eda el hijo de un terrateniente y el hijo de un bracero que ser\u00e1n amigos inseparables, aunque su relaci\u00f3n se ver\u00e1 nublada por sus diferentes actitudes frente al fascismo. Drama que hace un complejo recorrido pol\u00edtico y social por la Italia del siglo XX. (FILMAFFINITY)<\/p>\n<p><a title=\"Baaria\" href=\"http:\/\/columbus.uhu.es\/record=b1766334~S1*spi\" target=\"_blank\">Baar\u00eca<\/a>.\u00a0Relato \u00e9pico que abarca el fascismo (Marcha sobre Roma, 1922),la Segunda GuerraMundial (1939-1945), la pol\u00edtica italiana de la postguerra y llega hasta la actualidad. Fue seleccionada por Italia como candidata al Oscar 2010 en la categor\u00eda de pel\u00edcula de habla no inglesa. (FILMAFFINITY)<\/p>\n<p><a title=\"Mussolini: la historia desconocida\" href=\"http:\/\/columbus.uhu.es\/record=b1511386~S1*spi\" target=\"_blank\">Mussolini : La historia desconocida\u00a0<\/a>.\u00a0Esta miniserie se basa en las memorias de Vittorio Mussolini, el mayor de los hijos del dictador italiano Benito Mussolini. Enla Italia de 1922 Mussolini va acumulando poder con el uso de su milicia de &#8220;camisas negras&#8221;. El sue\u00f1o de &#8220;Il Duce&#8221; de revivir las glorias del antiguo imperio romano y encumbrarse como un nuevo C\u00e9sar seduce al pueblo italiano, encendiendo su fervor nacionalista. La cima de su popularidad llegar\u00e1 en 1935 con la invasi\u00f3n italiana de Abisinia (Etiop\u00eda). En 1938 tiene lugar la Conferencia de M\u00fanich, y Mussolini se suma a la in\u00fatil pol\u00edtica de apaciguamiento de Francia e Inglaterra, cuyo resultado fue la cesi\u00f3n a Alemania de los Sudetes, regi\u00f3n de Checoslovaquia. No obstante, secunda a la Alemania nazi de Hitler y arrastra a su pa\u00eds al mayor conflicto b\u00e9lico conocido por la humanidad, al estallar la Segunda Guerra Mundial. El desarrollo adverso de la guerra conduce finalmente a una derrota catastr\u00f3fica para Italia. Paralelamente a su actividad pol\u00edtica y militar asistimos a la parte m\u00e1s \u00edntima de la vida de Benito Mussolini. El cari\u00f1o por su sufrida esposa Raquel y por sus hijos, as\u00ed como la apasionada relaci\u00f3n con su amante Clara Petacci, que no dud\u00f3 en compartir la suerte del dictador durante su ca\u00edda final. (FILMAFFINITY)<\/p>\n<p><a title=\"El gran dictador\" href=\"http:\/\/columbus.uhu.es\/record=b1440176~S1*spi\" target=\"_blank\">El gran dictador<\/a>.\u00a0Un humilde barbero jud\u00edo tiene un parecido asombroso con el dictador de Tomania, un tirano que culpa a los jud\u00edos de la cr\u00edtica situaci\u00f3n que atraviesa el pa\u00eds. Un d\u00eda, sus propios guardias lo confunden con el barbero y lo llevan a un campo de concentraci\u00f3n. Al mismo tiempo, al pobre barbero lo confunden con el tirano. (FILMAFFINITY)<\/p>\n<p><a title=\"Hitler: el reinado del mal\" href=\"http:\/\/columbus.uhu.es\/record=b1767003~S1*spi\" target=\"_blank\">Hitler: el reinado del mal<\/a><strong>.\u00a0<\/strong>Ni Adolf Hitler ni la Alemania de 1939 saltaron al primer plano de la actualidad mundial tal y como nos contar\u00eda la historia. Los dos evolucionaron tratando de evitar sus peores errores del pasado : tanto Alemania como el propio Hitler buscaban a qui\u00e9n culpar. Juntos iniciaron una danza macabra para encontrar seguridad y una identidad propia. Azotada por un miedo fren\u00e9tico y enardecida por el &#8220;refugio Hitleriano&#8221;, Alemania cedi\u00f3 complacientemente su voz a un solo hombre. Adolf Hitler subi\u00f3 al poder gracias al silencio de personas que podr\u00edan haber dicho&#8230; pero no lo hicieron.<\/p>\n<p><a href=\"http:\/\/www.uhu.es\/biblioteca\/labuhardilla\/wp-content\/uploads\/2015\/11\/Cabaret.jpg\" rel='prettyPhoto[gallery1]'><img loading=\"lazy\" class=\"alignleft size-medium wp-image-2975\" title=\"Cabaret\" src=\"http:\/\/www.uhu.es\/biblioteca\/labuhardilla\/wp-content\/uploads\/2015\/11\/Cabaret-211x300.jpg\" alt=\"\" width=\"211\" height=\"300\" srcset=\"https:\/\/www.uhu.es\/biblioteca\/labuhardilla\/wp-content\/uploads\/2015\/11\/Cabaret-211x300.jpg 211w, https:\/\/www.uhu.es\/biblioteca\/labuhardilla\/wp-content\/uploads\/2015\/11\/Cabaret.jpg 300w\" sizes=\"(max-width: 211px) 100vw, 211px\" \/><\/a><a title=\"Cabaret \" href=\"http:\/\/columbus.uhu.es\/record=b1716450~S1*spi\" target=\"_blank\">Cabaret <\/a>. Berl\u00edn, a\u00f1os 30. El partido nazi domina una ciudad donde el amor, el baile y la m\u00fasica se mezclan en la vida nocturna del Kit Kat Club. Un refugio m\u00e1gico donde la joven Sally Bowles y un divertido maestro de ceremonias hacen olvidar las tristezas de la vida. (FILMAFFINITY)<\/p>\n<p><a title=\"Adios Muchachos\" href=\"http:\/\/columbus.uhu.es\/record=b1379621~S1*spi\" target=\"_blank\">Adios Muchachos<\/a>.\u00a0Francia, durante\u00a0 la ocupaci\u00f3n nazi. Esta obra maestra retrata las relaciones entre los j\u00f3venes de un internado durante la Segunda Guerra Mundial lo que le sirve al director para trazar un bell\u00edsimo retrato no s\u00f3lo de la adolescencia, sino tambi\u00e9n de conceptos tales como la fidelidad o la traici\u00f3n. (FILMAFFINITY)<\/p>\n<p><a title=\"Los hijos de Hitler\" href=\"http:\/\/columbus.uhu.es\/record=b1766335~S1*spi\" target=\"_blank\">Los hijos de Hitler<\/a>.\u00a0En el Berl\u00edn de 1933 hay dos escuelas una al lado de otra. Una es una escuela americana donde ense\u00f1a el profesor Nichols (Kent Smith). La otra es una escuela de las juventudes hitlerianas, donde Karl Bruner es adiestrado junto a otros muchachos que han sido seleccionados. Anna Muller (Bonita Granville) es una estudiante de la escuela del profesor Nichols, y \u00e9ste empieza a interesarse por ella&#8230; (FILMAFFINITY)<\/p>\n<p><a title=\"La ladrona de libros \" href=\"http:\/\/columbus.uhu.es\/record=b1786152~S1*spi\" target=\"_blank\">La ladrona de libros\u00a0<\/a>.\u00a0Basada en la aclamada y exitosa novela, y dirigida por Brian Percival (Dowton Abbey) narra la historia de una ni\u00f1a que logra transformar la vida de aquellos que la rodean durante la Segunda Guerra Mundial en Alemania. Cuando su madre decide que no puede hacerse cargo de ella, Liesel (Sophie N\u00e9lisse) es adoptada por un matrimonio alem\u00e1n (el Ganador de un Oscar Geoffrey Rush y la nominada a dos Oscar Emily Watson). A pesar de que Liesel no sabe ni leer ni escribir cuando llega a su nuevo hogar, su padre adoptivo la anima a aprender a leer. Cuando el matrimonio acoge a Max (Ben Scnetzer), un jud\u00edo que huye de las tropas de Hitler, este se convierte en el mejor amigo de Liesel. A partir de entonces las palabras y la imaginaci\u00f3n ofrecen a los dos amigos una escapatoria a los dram\u00e1ticos acontecimiebntos que ocurren a su alrededor.<\/p>\n<p><a title=\"El hundimiento: los \u00faltimos d\u00edas de Hitler\" href=\"http:\/\/columbus.uhu.es\/record=b1548944~S1*spi\" target=\"_blank\">El hundimiento: los \u00faltimos d\u00edas de Hitler<\/a>.\u00a0Berl\u00edn, abril de 1945. En las calles de Berl\u00edn se libra una encarnizada batalla. Hitler (Bruno Ganz) y sus fieles se han atrincherado en un b\u00fanker. Entre ellos se encuentra Traudl Junge (Alexandra Maria Lara), la secretaria personal del F\u00fchrer. En el exterior, la situaci\u00f3n se recrudece. A pesar de que Berl\u00edn ya no puede resistir m\u00e1s, Hitler se niega a abandonar la ciudad y acompa\u00f1ado de Eva Braun (Juliane K\u00f6hler), prepara su despedida. (FILMAFFINITY)<\/p>\n<p><a title=\"Valkiria\" href=\"http:\/\/columbus.uhu.es\/record=b1567357~S1*spi\" target=\"_blank\">Valkiria<\/a>.\u00a0Gravemente herido en combate, el Coronel Claus von Stauffenberg (Cruise), un arist\u00f3crata alem\u00e1n, regresa de \u00c1frica y tras unirse a la resistencia alemana, se convierte en el cerebro dela Operaci\u00f3n Valkiria, cuyo objetivo era derrocar el r\u00e9gimen nazi y acabar con la guerra eliminando previamente a Hitler. El atentado, que fracas\u00f3 por diversas circunstancias, consisti\u00f3 en la colocaci\u00f3n de una bomba en el b\u00fanker del Fh\u00fcrer (1944). El plan preve\u00eda adem\u00e1s la creaci\u00f3n de un gobierno en la sombra que se har\u00eda cargo de Alemania tras la muerte del dictador. (FILMAFFINITY)<\/p>\n<p><a title=\"Alemania, a\u00f1o cero\" href=\"http:\/\/columbus.uhu.es\/record=b1548935~S1*spi\" target=\"_blank\">Alemania, a\u00f1o cero<\/a><strong>.\u00a0<\/strong>Edmund, un ni\u00f1o de 12 a\u00f1os, intenta sobrevivir y mantener a su familia en un Berl\u00edn derruido trasla II GuerraMundial. Piensa que uno de sus profesores le podr\u00e1 ayudar a salir de su pobre existencia. Pronto descubre que estaba equivocado. El maestro Rossellini crea una pel\u00edcula terrible, virulenta, amarga y a la par bell\u00edsima, reflexi\u00f3n de inaudita dureza sobre los horrores de la guerra.<\/p>\n<p><a title=\"El viaje de los malditos\" href=\"http:\/\/columbus.uhu.es\/record=b1761365~S1*spi\" target=\"_blank\">El viaje de los malditos<\/a>.\u00a0En 1939, un barco lleno de jud\u00edos alemanes que huyen del r\u00e9gimen nazi intentan refugiarse en La Habana. Algunos son v\u00edctimas de los primeros campos de concentraci\u00f3n, otros intentan reunirse con sus parientes en Cuba. Sin embargo, cuando llegan a su destino, las autoridades cubanas los obligan a volver a Alemania mientras el resto del mundo mira hacia otro lado. \u00c9sta es la historia del llamado &#8220;viaje de la verg\u00fcenza&#8221;. (FILMAFFINITY)<\/p>\n<p><a title=\"El ni\u00f1o con el pijama de rayas\" href=\"http:\/\/columbus.uhu.es\/record=b1548044~S1*spi\" target=\"_blank\">El ni\u00f1o con el pijama de rayas<\/a>.\u00a0Bruno es un inocente ni\u00f1o de 8 a\u00f1os que, aburrido e inquieto con su nuevo hogar, desoye las advertencias de su madre y se adentra en busca de aventuras m\u00e1s all\u00e1 del bosque. Muy pronto conoce a otro ni\u00f1o de su misma edad y ambos entrablan una soprendente amistad. Ambientada en la Segunda Guerra Mundial, y basada en el best seller de John Boyne<\/p>\n<p><a title=\"Good bye Lenin!\" href=\"http:\/\/columbus.uhu.es\/record=b1392805~S1*spi\" target=\"_blank\">Good bye Lenin!<\/a>.\u00a0La madre de Alex, una mujer orgullosa de sus ideas socialistas, despierta despu\u00e9s de haber pasado 8 meses en coma, concretamente desde 1989. Alex no se atreve a explicarle la ca\u00edda del Muro de Berl\u00edn y la instauraci\u00f3n del capitalismo en Alemania Oriental, as\u00ed que decide convertir su casa en una isla anclada en el pasado, una especie de museo del socialismo donde su madre viva creyendo que nada ha cambiado.<\/p>\n<p><a title=\"La vida de los otros\" href=\"http:\/\/150.214.167.10\/record=b1511653~S1*spi\" target=\"_blank\">La vida de los otros<\/a>.\u00a0El capit\u00e1n Gerd Wiesler (Ulrich M\u00fche) es un oficial extremadamente competente de la Stasi, la todopoderosa polic\u00eda secreta del r\u00e9gimen comunista de la antigua Rep\u00fablica Democr\u00e1tica Alemana. Pero, cuando en 1984 le encomiendan que esp\u00ede a la pareja formada por el prestigioso escritor Georg Dreyman (Sebastian Koch) y la popular actriz Christa-Maria Sieland (Martina Gedenk), no sabe hasta qu\u00e9 punto esa misi\u00f3n va a influir en su propia vida.<\/p>\n<h2><span style=\"color: #800080;\"><strong>\u00a0<\/strong><strong>Documentales<a href=\"http:\/\/www.uhu.es\/biblioteca\/labuhardilla\/wp-content\/uploads\/2015\/11\/La-noche-de-los-cristales-rotos.jpg\" rel='prettyPhoto[gallery1]'><img loading=\"lazy\" class=\"size-medium wp-image-2958 alignleft\" title=\"La noche de los cristales rotos\" src=\"http:\/\/www.uhu.es\/biblioteca\/labuhardilla\/wp-content\/uploads\/2015\/11\/La-noche-de-los-cristales-rotos-225x300.jpg\" alt=\"\" width=\"225\" height=\"300\" srcset=\"https:\/\/www.uhu.es\/biblioteca\/labuhardilla\/wp-content\/uploads\/2015\/11\/La-noche-de-los-cristales-rotos-225x300.jpg 225w, https:\/\/www.uhu.es\/biblioteca\/labuhardilla\/wp-content\/uploads\/2015\/11\/La-noche-de-los-cristales-rotos.jpg 240w\" sizes=\"(max-width: 225px) 100vw, 225px\" \/><\/a><\/strong><\/span><\/h2>\n<p><strong>\u00a0<\/strong><a title=\"Nazis: Un aviso de la historia\" href=\"http:\/\/columbus.uhu.es\/record=b1766336~S1*spi\" target=\"_blank\">Nazis: Un aviso de la historia<\/a>.\u00a0Documental que examina c\u00f3mo los nazis llegaron al poder, c\u00f3mo gobernaron, c\u00f3mo trataron los territorios ocupados y sobre todo, c\u00f3mo una naci\u00f3n con una cultura tan vasta pudo ser responsable de actos tan inhumanos. A trav\u00e9s de entrevistas e im\u00e1genes de archivo, la serie desvela la verdad que a veces esconden los falsos mitos sobre la sorprendente y a menudo desagradable imagen de los nazis. An\u00e1lisis contempor\u00e1neos de la extensi\u00f3n del poder de Hitler, testigos directos que describen el horror cometido en la frontera de este, una filmaci\u00f3n de Lituania que revela el desarrollo de la Soluci\u00f3n Final y civiles alemanes que arrojan nueva luz sobre las relaciones entre el Partido y el pueblo. (FILMAFFINITY)<\/p>\n<p><a title=\"El triunfo de la voluntad\" href=\"http:\/\/columbus.uhu.es\/record=b1716444~S1*spi\" target=\"_blank\">El triunfo de la voluntad<\/a>.\u00a0Importante pel\u00edcula considerada una obra maestra del arte cinematogr\u00e1fico inmortaliza el famoso congreso de Nurenberg de 1934, organizado por el triunfante nazismo tras haber llegado a poder. El triunfo de la voluntad, que obtuvo los elogios de Charlie Chaplin, no solo ofrece un valioso testimonio sobre las mentalidades y el sentir de una \u00e9poca o un pueblo, sino que proporciona escalofr\u00edos a los espectadores de hoy. Este film hoy, 65 a\u00f1os despu\u00e9s de su realizaci\u00f3n y lejos de doctrinas o ideolog\u00edas pol\u00edticas, resulta una gran obra cinematogr\u00e1fica y un gran documento hist\u00f3rico.<\/p>\n<p><a title=\"Dias que marcaron al mundo. La noche de los cristales rotos\" href=\"http:\/\/columbus.uhu.es\/record=b1554250~S1*spi\" target=\"_blank\">D\u00edas que marcaron al mundo. La noche de los cristales rotos<\/a>. En la noche del 9 de noviembre de 1938 hubo un estallido de violencia contra los jud\u00edos en todo el Reich. Aparentemente los altercados\u00a0 eran la respuesta espont\u00e1nea de la poblaci\u00f3n por el asesinato de un funcionario alem\u00e1n en Par\u00eds a manos de un adolescente jud\u00edo.\u00a0Estos asaltos fueron llevados a cabo por las\u00a0tropas de asalto de las SA\u00a0conjuntamente con la poblaci\u00f3n civil, las autoridades alemanas lejos de poner fin a la violencia miraron para otro lado. Dos d\u00edas que marcaron la vida del pueblo hebreo&#8230; La noche del 9 de noviembre de 1938 los nazis se lanzaron abiertamente contra los jud\u00edos y sus propiedades, dando un paso adelante en la pesadilla que culminar\u00eda en el Holocausto. En tres episodios independientes se revive (con horror, tristeza e incluso humor) la violencia de aquella noche conocida hoy como la Noche de los Cristales Rotos.<\/p>\n<p><a title=\"La Guerra Civil Espa\u00f1ola\" href=\"http:\/\/columbus.uhu.es\/record=b1440844~S1*spi\" target=\"_blank\">La Guerra Civil Espa\u00f1ola<\/a>.\u00a0Es una serie documental brit\u00e1nica que en Espa\u00f1a fue emitida por TVE. Entre 1936 y 1939 Espa\u00f1a sufri\u00f3 un tr\u00e1gico conflicto b\u00e9lico que ahond\u00f3 las diferencias en el seno de la sociedad, caus\u00f3 cientos de miles de v\u00edctimas, adem\u00e1s de llevar al pa\u00eds a una situaci\u00f3n de miseria generalizada. Tras varios a\u00f1os de lucha, el general Francisco Franco se convirti\u00f3 en caudillo del nuevo Estado autoritario que se prolong\u00f3 hasta su muerte en 1975. La Guerra Civil Espa\u00f1ola narra la historia de este conflicto en seis episodios con un an\u00e1lisis completo y pormenorizado de todos los acontecimientos que influyeron en el inicio, desarrollo y fin de la contienda.<\/p>\n<p><a title=\"Los a\u00f1os del nodo: Amistades peligrosas\" href=\"http:\/\/columbus.uhu.es\/record=b1382508~S1*spi\" target=\"_blank\">Los a\u00f1os del nodo: Amistades peligrosas<\/a>.\u00a0El NO-DO (Noticiarios y Documentales) es reflejo indiscutible de una \u00e9poca. En su momento, sirvi\u00f3 para difundir los valores franquistas y exaltar al dictador. Ahora, visto con la distancia, goza de un valor hist\u00f3rico extraordinario. Por lo que mostraba y tambi\u00e9n por lo que ocultaba.<\/p>\n<h2><span style=\"color: #800080;\"><strong>M\u00fasica<\/strong><\/span><\/h2>\n<p><a title=\"Tannh\u00e4user \/ Richard Wagner\" href=\"http:\/\/150.214.167.10\/record=b1218131~S1*spi\" target=\"_blank\">Tannh\u00e4user \/ Richard Wagner<\/a><\/p>\n<p><a title=\"Tristan und Isolde \" href=\"http:\/\/150.214.167.10\/record=b1218165~S1*spi\" target=\"_blank\">Tristan und Isolde \/ Richard Wagner<\/a><\/p>\n<p><strong>\u00a0<\/strong><a title=\"Wagner e Venezia \/ Wagner\" href=\"http:\/\/150.214.167.10\/record=b1524195~S1*spi\" target=\"_blank\">Wagner e Venezia \/ Wagner<\/a><\/p>\n<h2><span style=\"color: #800080;\"><strong>\u00a0<\/strong><strong>Revistas<a href=\"http:\/\/www.uhu.es\/biblioteca\/labuhardilla\/wp-content\/uploads\/2015\/11\/La-aventura-de-la-Historia.jpg\" rel='prettyPhoto[gallery1]'><img loading=\"lazy\" class=\"alignright size-medium wp-image-2960\" title=\"La aventura de la Historia\" src=\"http:\/\/www.uhu.es\/biblioteca\/labuhardilla\/wp-content\/uploads\/2015\/11\/La-aventura-de-la-Historia-225x300.jpg\" alt=\"\" width=\"225\" height=\"300\" srcset=\"https:\/\/www.uhu.es\/biblioteca\/labuhardilla\/wp-content\/uploads\/2015\/11\/La-aventura-de-la-Historia-225x300.jpg 225w, https:\/\/www.uhu.es\/biblioteca\/labuhardilla\/wp-content\/uploads\/2015\/11\/La-aventura-de-la-Historia.jpg 418w\" sizes=\"(max-width: 225px) 100vw, 225px\" \/><\/a><\/strong><\/span><\/h2>\n<p><strong>\u00a0<\/strong><strong>Franco y Hitler en Hendaya: las claves<\/strong>. <a title=\"La Aventura de la historia\" href=\"http:\/\/columbus.uhu.es\/record=b1349472~S1*spi\" target=\"_blank\">La Aventura de la historia<\/a>, N\u00ba. 84, 2005, p\u00e1gs. 18-30.<\/p>\n<p><strong>Mussolini. Un tr\u00e1gico y s\u00f3rdido ep\u00edlogo.<\/strong> <a title=\" La Aventura de la historia\" href=\"http:\/\/columbus.uhu.es\/record=b1349472~S1*spi\" target=\"_blank\">La Aventura de la historia<\/a>, N\u00ba. 78, 2005, p\u00e1gs. 24-35.<\/p>\n<p><strong>Alemania, 1933. La hora de Hitler.<\/strong> <a title=\" La Aventura de la historia\" href=\"http:\/\/columbus.uhu.es\/record=b1349472~S1*spi\" target=\"_blank\">La Aventura de la historia<\/a>, N\u00ba. 52, 2003, p\u00e1gs. 36-42.<\/p>\n<p><strong>Mussolini.<\/strong> La II Guerra Mundial como nunca se la hab\u00edan contado.<a title=\" La Aventura de la historia\" href=\"http:\/\/columbus.uhu.es\/record=b1349472~S1*spi\" target=\"_blank\">La Aventura de la historia<\/a>.<\/p>\n<p><strong>Adolf Hitler.<\/strong> La II Guerra Mundial como nunca se la hab\u00edan contado. <a title=\" La Aventura de la historia\" href=\"http:\/\/columbus.uhu.es\/record=b1349472~S1*spi\" target=\"_blank\">La Aventura de la historia<\/a><\/p>\n<p><strong>Stalin.<\/strong> La II Guerra Mundial como nunca se la hab\u00edan contado. <a title=\" La Aventura de la historia\" href=\"http:\/\/columbus.uhu.es\/record=b1349472~S1*spi\" target=\"_blank\">La Aventura de la historia<\/a><\/p>\n<h2><span style=\"color: #800080;\"><strong>\u00a0Libros<a href=\"http:\/\/www.uhu.es\/biblioteca\/labuhardilla\/wp-content\/uploads\/2015\/11\/ladronadelibros.jpg\" rel='prettyPhoto[gallery1]'><img loading=\"lazy\" class=\"alignleft size-medium wp-image-2961\" title=\"La ladrona de libros\" src=\"http:\/\/www.uhu.es\/biblioteca\/labuhardilla\/wp-content\/uploads\/2015\/11\/ladronadelibros-194x300.jpg\" alt=\"\" width=\"200\" height=\"320\" \/><\/a><\/strong><\/span><\/h2>\n<h2><a style=\"font-size: 13px; font-weight: normal;\" title=\"El ni\u00f1o con el pijama de rayas\" href=\"http:\/\/150.214.167.10\/record=b1438579~S1*spi\" target=\"_blank\">El ni\u00f1o con el pijama de rayas \/ John Boyne<\/a><\/h2>\n<p><a title=\"El Tambor de hojalata\" href=\"http:\/\/150.214.167.10\/record=b1357032~S1*spi\" target=\"_blank\">El Tambor de hojalata \/ G\u00fcnter Grass<\/a><\/p>\n<p><a title=\"El lector \" href=\"http:\/\/150.214.167.10\/record=b1793989~S1*spi\" target=\"_blank\">El lector \/ Bernhard Schlink<\/a><\/p>\n<p><a title=\"La ladrona de libros\" href=\"http:\/\/150.214.167.10\/record=b1520491~S1*spi\" target=\"_blank\">La ladrona de libros \/ Markus Zusack<\/a><\/p>\n<p><a title=\"1984\" href=\"http:\/\/150.214.167.10\/record=b1368271~S1*spi\" target=\"_blank\">1984 \/ George Orwell<\/a><\/p>\n<p><a title=\"Todo fluye\" href=\"http:\/\/150.214.167.10\/record=b1617133~S1*spi\" target=\"_blank\">Todo fluye \/ Vasili Grossman<\/a><\/p>\n<p><a title=\"Vida y destino\" href=\"http:\/\/150.214.167.10\/record=b1518219\" target=\"_blank\">Vida y destino \/ Vasili Grossman<\/a><\/p>\n<p><a title=\"Koba el temible : La risa y los veinte millones \" href=\"http:\/\/columbus.uhu.es\/record=b1352563~S1*spi\" target=\"_blank\">Koba el temible : La risa y los veinte millones \/ Martin Amis<\/a><\/p>\n<p><a title=\"El doctor Zhivago\" href=\"http:\/\/150.214.167.10\/record=b1793983\" target=\"_blank\">El doctor Zhivago \/ Bor\u00eds Pasternak<\/a><\/p>\n<p>&nbsp;<\/p>\n<p>&nbsp;<\/p>\n","protected":false},"excerpt":{"rendered":"<p>Se conoce como\u00a0totalitarismos\u00a0a las\u00a0ideolog\u00edas, los\u00a0movimientos\u00a0y los\u00a0reg\u00edmenes pol\u00edticos\u00a0donde la\u00a0libertad\u00a0est\u00e1 seriamente restringida y el\u00a0Estado\u00a0ejerce todo el poder\u00a0sin\u00a0divisiones\u00a0ni restricciones. Los totalitarismos o reg\u00edmenes totalitarios, se diferencian de otros reg\u00edmenes autocr\u00e1ticos\u00a0por ser dirigidos por un\u00a0partido pol\u00edtico\u00a0que pretende ser o se comporta en la pr\u00e1ctica como\u00a0partido \u00fanico\u00a0y se funde con las instituciones del Estado. Estos reg\u00edmenes, por lo general, exaltan&nbsp;<span class=\"excerpt_more\"><a href=\"https:\/\/www.uhu.es\/biblioteca\/labuhardilla\/?p=2944\">[Seguir leyendo&#8230;]<\/a><\/span><\/p>\n","protected":false},"author":4,"featured_media":2964,"comment_status":"open","ping_status":"open","sticky":false,"template":"","format":"standard","meta":{"_s2mail":"yes"},"categories":[3,6],"tags":[60,100,164],"_links":{"self":[{"href":"https:\/\/www.uhu.es\/biblioteca\/labuhardilla\/index.php?rest_route=\/wp\/v2\/posts\/2944"}],"collection":[{"href":"https:\/\/www.uhu.es\/biblioteca\/labuhardilla\/index.php?rest_route=\/wp\/v2\/posts"}],"about":[{"href":"https:\/\/www.uhu.es\/biblioteca\/labuhardilla\/index.php?rest_route=\/wp\/v2\/types\/post"}],"author":[{"embeddable":true,"href":"https:\/\/www.uhu.es\/biblioteca\/labuhardilla\/index.php?rest_route=\/wp\/v2\/users\/4"}],"replies":[{"embeddable":true,"href":"https:\/\/www.uhu.es\/biblioteca\/labuhardilla\/index.php?rest_route=%2Fwp%2Fv2%2Fcomments&post=2944"}],"version-history":[{"count":28,"href":"https:\/\/www.uhu.es\/biblioteca\/labuhardilla\/index.php?rest_route=\/wp\/v2\/posts\/2944\/revisions"}],"predecessor-version":[{"id":2980,"href":"https:\/\/www.uhu.es\/biblioteca\/labuhardilla\/index.php?rest_route=\/wp\/v2\/posts\/2944\/revisions\/2980"}],"wp:featuredmedia":[{"embeddable":true,"href":"https:\/\/www.uhu.es\/biblioteca\/labuhardilla\/index.php?rest_route=\/wp\/v2\/media\/2964"}],"wp:attachment":[{"href":"https:\/\/www.uhu.es\/biblioteca\/labuhardilla\/index.php?rest_route=%2Fwp%2Fv2%2Fmedia&parent=2944"}],"wp:term":[{"taxonomy":"category","embeddable":true,"href":"https:\/\/www.uhu.es\/biblioteca\/labuhardilla\/index.php?rest_route=%2Fwp%2Fv2%2Fcategories&post=2944"},{"taxonomy":"post_tag","embeddable":true,"href":"https:\/\/www.uhu.es\/biblioteca\/labuhardilla\/index.php?rest_route=%2Fwp%2Fv2%2Ftags&post=2944"}],"curies":[{"name":"wp","href":"https:\/\/api.w.org\/{rel}","templated":true}]}}