{"id":3160,"date":"2016-01-29T13:03:39","date_gmt":"2016-01-29T13:03:39","guid":{"rendered":"http:\/\/www.uhu.es\/biblioteca\/labuhardilla\/?p=3160"},"modified":"2016-03-07T12:35:24","modified_gmt":"2016-03-07T12:35:24","slug":"por-que-la-naranja-mecanica-por-que-los-puentes-de-madison","status":"publish","type":"post","link":"https:\/\/www.uhu.es\/biblioteca\/labuhardilla\/?p=3160","title":{"rendered":"\u00bfPor qu\u00e9 La naranja mec\u00e1nica? \u00bfPor qu\u00e9 Los puentes de Madison?&#8230;"},"content":{"rendered":"<h3><a href=\"http:\/\/www.uhu.es\/biblioteca\/labuhardilla\/wp-content\/uploads\/2016\/01\/Cartel.jpg\" rel='prettyPhoto[gallery1]'><img loading=\"lazy\" class=\"alignleft size-medium wp-image-3173\" title=\"Cartel Exposici\u00f3n enero-febrero 2016\" src=\"http:\/\/www.uhu.es\/biblioteca\/labuhardilla\/wp-content\/uploads\/2016\/01\/Cartel-300x227.jpg\" alt=\"\" width=\"300\" height=\"227\" srcset=\"https:\/\/www.uhu.es\/biblioteca\/labuhardilla\/wp-content\/uploads\/2016\/01\/Cartel-300x227.jpg 300w, https:\/\/www.uhu.es\/biblioteca\/labuhardilla\/wp-content\/uploads\/2016\/01\/Cartel-1024x777.jpg 1024w, https:\/\/www.uhu.es\/biblioteca\/labuhardilla\/wp-content\/uploads\/2016\/01\/Cartel.jpg 1062w\" sizes=\"(max-width: 300px) 100vw, 300px\" \/><\/a><strong><\/strong><\/h3>\n<h3><\/h3>\n<h3><strong><span style=\"color: #993366;\">\u00a1He aqu\u00ed todas las respuestas a vuestras preguntas!<\/span><\/strong><\/h3>\n<p>Empezamos el a\u00f1o con nueva exposici\u00f3n de nuestros fondos, est\u00e1 ubicada en el vest\u00edbulo de la Biblioteca Central \u00a0y el tema que hemos elegido en esta ocasi\u00f3n es la <em><strong>Arquitectura y las Artes Pl\u00e1sticas<\/strong><\/em> centr\u00e1ndonos en su reflejo en el cine y en la literatura.<\/p>\n<p>&nbsp;<\/p>\n<h2><\/h2>\n<p>&nbsp;<\/p>\n<h2><span style=\"color: #800080;\"><strong>Pel\u00edculas seleccionadas<\/strong><\/span><\/h2>\n<p><a title=\"El artista y la modelo\" href=\"http:\/\/150.214.167.10\/record=b1740878~S1*spi\" target=\"_blank\"><strong>El artista y la modelo<\/strong><\/a><\/p>\n<p>Verano de 1943. En un lugar de la Francia ocupada, no lejos de la frontera espa\u00f1ola, un viejo escultor de fama, cansado de la vida y de la locura de los hombres, reencuentra, gracias a la llegada de una joven espa\u00f1ola escapada de un campo de refugiados, el deseo de volver a trabajar y esculpir su \u00faltima obra. El argumento gira en torno a un concepto: el de la belleza. El director Fernando Trueba ha sabido \u00a0crear \u00a0una de las pel\u00edculas que con m\u00e1s sensibilidad y lucidez describen el proceso creador del artista<a href=\"http:\/\/www.uhu.es\/biblioteca\/labuhardilla\/wp-content\/uploads\/2016\/01\/artista-y-la-modelo.jpg\" rel='prettyPhoto[gallery1]'><img loading=\"lazy\" class=\"alignright size-medium wp-image-3176\" title=\"El artista y la modelo\" src=\"http:\/\/www.uhu.es\/biblioteca\/labuhardilla\/wp-content\/uploads\/2016\/01\/artista-y-la-modelo-213x300.jpg\" alt=\"\" width=\"213\" height=\"300\" srcset=\"https:\/\/www.uhu.es\/biblioteca\/labuhardilla\/wp-content\/uploads\/2016\/01\/artista-y-la-modelo-213x300.jpg 213w, https:\/\/www.uhu.es\/biblioteca\/labuhardilla\/wp-content\/uploads\/2016\/01\/artista-y-la-modelo.jpg 355w\" sizes=\"(max-width: 213px) 100vw, 213px\" \/><\/a><\/p>\n<p><a title=\"Blade Runner\" href=\"http:\/\/columbus.uhu.es\/record=b1645546~S1*spi\" target=\"_blank\"><strong>Blade Runner<\/strong><\/a><\/p>\n<p>Nos presenta una Megal\u00f3polis, una ciudad decadente compuesta de rascacielos, suburbios superpoblados, chimeneas humeantes, calles invadidas por la contaminaci\u00f3n, el ruido y la publicidad. \u00a0Se concibe una ciudad que trata de recrear el ambiente de cine negro, \u00a0la ciudad industrializada y sucia que crece sin orden \u00a0y la est\u00e9tica futurista y dist\u00f3pica.<\/p>\n<p><a title=\"La ciudad de los ni\u00f1os perdidos\" href=\"http:\/\/columbus.uhu.es\/record=b1440058~S1*spi%20\" target=\"_blank\"><strong>La ciudad de los ni\u00f1os perdidos<\/strong><\/a><\/p>\n<p>Una ciudad imaginaria sobre una plataforma marina perdida en la niebla en medio de un mundo fant\u00e1stico y tenebroso, en la que transcurre la historia del malvado Krank que envejece prematuramente pues le falta una dimensi\u00f3n esencial: la facultad de so\u00f1ar. Es por esto que rapta a los ni\u00f1os de la ciudad a fin de robarles sus sue\u00f1os&#8230;<\/p>\n<p><strong><a href=\"http:\/\/www.uhu.es\/biblioteca\/labuhardilla\/wp-content\/uploads\/2016\/01\/Con-la-muerte-en-los-talones.jpg\" rel='prettyPhoto[gallery1]'><img loading=\"lazy\" class=\"alignleft size-medium wp-image-3177\" title=\"Con la muerte en los talones\" src=\"http:\/\/www.uhu.es\/biblioteca\/labuhardilla\/wp-content\/uploads\/2016\/01\/Con-la-muerte-en-los-talones-219x300.jpg\" alt=\"\" width=\"219\" height=\"300\" srcset=\"https:\/\/www.uhu.es\/biblioteca\/labuhardilla\/wp-content\/uploads\/2016\/01\/Con-la-muerte-en-los-talones-219x300.jpg 219w, https:\/\/www.uhu.es\/biblioteca\/labuhardilla\/wp-content\/uploads\/2016\/01\/Con-la-muerte-en-los-talones.jpg 530w\" sizes=\"(max-width: 219px) 100vw, 219px\" \/><\/a><a title=\"Con la muerte en los talones\" href=\"http:\/\/columbus.uhu.es\/record=b1440212~S1*spi\" target=\"_blank\">Con la muerte en los talones<\/a><\/strong><\/p>\n<p>Quien haya visto esta magn\u00edfica pel\u00edcula seguro que sabe porque la hemos seleccionado, el motivo es \u201cla mansi\u00f3n Van Damme\u201d que aparece casi al final, una de las mejores casas de la historia del cine. El estilo modernista (influencia de primera mitad del siglo XX) de esta casa, junto con la decoraci\u00f3n interior, crearon tendencia en la \u00e9poca, pero la residencia Van Damme no es real y nunca lo fue, es un decorado que se inspira en la \u201cCasa de la Cascada&#8221; del arquitecto\u00a0<a title=\"Frank Lloyd Wright\" href=\"https:\/\/es.wikipedia.org\/wiki\/Frank_Lloyd_Wright\" target=\"_blank\">Frank Lloyd Wright<\/a><\/p>\n<p><a title=\"El gabinete del Doctor Caligari\" href=\"http:\/\/150.214.167.10\/record=b1521276~S1*spi\" target=\"_blank\"><strong>El gabinete del Doctor Caligari<\/strong><\/a><\/p>\n<p>Considerada como uno de los s\u00edmbolos del arte expresionista y m\u00e1s concretamente del expresionismo alem\u00e1n que se caracteriza por su distanciamiento radical del realismo cinematogr\u00e1fico burgu\u00e9s y as\u00ed se puede apreciar en sus irreales, estilizados e imposibles decorados, cobra gran importancia dram\u00e1tica la iluminaci\u00f3n, donde predomina el claroscuro y la tem\u00e1tica macabra. Es la primera pel\u00edcula de la historia que trata al cine como un arte.<\/p>\n<p><a title=\"Good bye Lenin!\" href=\"http:\/\/columbus.uhu.es\/record=b1392805~S1*spi\" target=\"_blank\"><strong>Good bye Lenin! <\/strong><\/a><\/p>\n<p>La ca\u00edda del muro de Berl\u00edn y la desaparici\u00f3n de la gigantesca estatua de Lenin son partes simb\u00f3licas de la pel\u00edcula, dicha estatua se encontraba en la plaza del mismo nombre donde se construyeron modernos y altos edificios de apartamentos colectivos en la d\u00e9cada de los setenta. La realidad fue menos espectacular que lo que cuenta la pel\u00edcula, el monumento fue troceado en 120 fragmentos y enterrado en secreto. Recientemente, veinticinco a\u00f1os despu\u00e9s, la cabeza de la escultura de Lenin ha sido desenterrada para formar parte de la exposici\u00f3n &#8220;Revelado. Berl\u00edn y sus Monumentos&#8221;.<\/p>\n<p><a title=\"El gran hotel Budapest\" href=\"http:\/\/150.214.167.10\/record=b1786153~S1*spi\" target=\"_blank\"><strong>El gran hotel Budapest<\/strong><\/a><strong><a href=\"http:\/\/www.uhu.es\/biblioteca\/labuhardilla\/wp-content\/uploads\/2016\/01\/Grand-Hotel-Budapest.jpg\" rel='prettyPhoto[gallery1]'><img loading=\"lazy\" class=\"alignright size-medium wp-image-3186\" title=\"Grand Hotel Budapest\" src=\"http:\/\/www.uhu.es\/biblioteca\/labuhardilla\/wp-content\/uploads\/2016\/01\/Grand-Hotel-Budapest-205x300.jpg\" alt=\"\" width=\"205\" height=\"300\" srcset=\"https:\/\/www.uhu.es\/biblioteca\/labuhardilla\/wp-content\/uploads\/2016\/01\/Grand-Hotel-Budapest-205x300.jpg 205w, https:\/\/www.uhu.es\/biblioteca\/labuhardilla\/wp-content\/uploads\/2016\/01\/Grand-Hotel-Budapest.jpg 564w\" sizes=\"(max-width: 205px) 100vw, 205px\" \/><\/a><\/strong><\/p>\n<p>El majestuoso y perfectamente sim\u00e9trico <strong>Grand Budapest Hotel<\/strong>, se encuentra situado sobre un paisaje alpino, se trata de una maqueta de 1.5 metros de alto \u00a0y para su dise\u00f1o se recurri\u00f3 a im\u00e1genes de la \u00e9poca de hoteles situados en los principales lugares de vacaciones en Europa. El dise\u00f1o arquitect\u00f3nico de la edificaci\u00f3n se caracteriza por tener un fuerte car\u00e1cter <em>vintage<\/em>, una est\u00e9tica exagerada referente a los a\u00f1os 30.<\/p>\n<p><a title=\"El gran Lebowski\" href=\"http:\/\/150.214.167.10\/record=b1418911~S1*spi\" target=\"_blank\"><strong>El gran Lebowski<\/strong><\/a><\/p>\n<p>Hemos seleccionado esta pel\u00edcula porque la casa que aparece en ella es una obra de arquitectura de los a\u00f1os sesenta, la residencia <a title=\"Sheats-Goldstein\" href=\"https:\/\/es.wikiarquitectura.com\/index.php\/Casa_Sheats\" target=\"_blank\"><em>Sheats-Goldstein<\/em><\/a>, construida como una vivienda-cueva en una ladera por el arquitecto estadounidense <a title=\"John Lautner\" href=\"https:\/\/es.wikiarquitectura.com\/index.php\/Categor%C3%ADa:Lautner,_John\" target=\"_blank\">John Lautner<\/a>. Con el paso del tiempo la Casa Sheats Goldstein se \u00a0ha convertido en un s\u00edmbolo arquitect\u00f3nico.<\/p>\n<p><a title=\"La joven de la perla\" href=\"http:\/\/150.214.167.10\/record=b1596059~S1*spi\" target=\"_blank\"><strong>La joven de la perla<\/strong><\/a><\/p>\n<p>Delft, Holanda, 1665. Griet entra a servir en casa de Johannes Vermeer, el cual, consciente de las dotes de la joven para percibir la luz y el color, ir\u00e1 introduci\u00e9ndola poco a poco en el mundo de su pintura. Maria Thins, la suegra de Vermeer, al ver que Griet se ha convertido en la musa del pintor, decide no inmiscuirse en su relaci\u00f3n con la esperanza de que su yerno pinte m\u00e1s cuadros.<\/p>\n<p><a title=\"El lobo de Wall Street\" href=\"http:\/\/150.214.167.10\/record=b1768997~S1*spi\" target=\"_blank\"><strong>El lobo de Wall Street<\/strong><\/a><\/p>\n<p>Una de las pel\u00edculas m\u00e1s premiadas de los \u00faltimos a\u00f1os y que narra una historia real de auge y ca\u00edda (y extremadamente vigente) es <em>El Lobo de Wall Street<\/em>, de Martin Scorsese. El apartamento de El Lobo-DiCaprio es deslumbrante, s\u00edmbolo de una \u00e9poca, y recoge algunos de los cl\u00e1sicos del dise\u00f1o de los ochenta, como las sillas Panton.<\/p>\n<p><a title=\"La naranja mec\u00e1nica\" href=\"http:\/\/150.214.167.10\/record=b1389737~S1*spi\" target=\"_blank\"><strong>La naranja mec\u00e1nica<\/strong><\/a><strong><a href=\"http:\/\/www.uhu.es\/biblioteca\/labuhardilla\/wp-content\/uploads\/2016\/01\/naranja-mec\u00e1nica.jpg\" rel='prettyPhoto[gallery1]'><img loading=\"lazy\" class=\"alignright size-medium wp-image-3178\" title=\"naranja mec\u00e1nica\" src=\"http:\/\/www.uhu.es\/biblioteca\/labuhardilla\/wp-content\/uploads\/2016\/01\/naranja-mec\u00e1nica-212x300.jpg\" alt=\"\" width=\"212\" height=\"300\" srcset=\"https:\/\/www.uhu.es\/biblioteca\/labuhardilla\/wp-content\/uploads\/2016\/01\/naranja-mec\u00e1nica-212x300.jpg 212w, https:\/\/www.uhu.es\/biblioteca\/labuhardilla\/wp-content\/uploads\/2016\/01\/naranja-mec\u00e1nica.jpg 564w\" sizes=\"(max-width: 212px) 100vw, 212px\" \/><\/a><\/strong><\/p>\n<p>Stanley Kubrick decide llevar a la pantalla grande la novela <em>&#8220;A Clockwork Orange&#8221;, <\/em>escrita por Anthony Burgess. \u00a0La novela y la pel\u00edcula ponen de manifiesto el choque entre la libertad y la moral de los individuos -y la corrupci\u00f3n del ser humano en base a la represi\u00f3n de los sistemas sociales y pol\u00edticos-, la obra presenta un futuro cercano dist\u00f3pico, fr\u00edo e inhumano, que se plasma en el espacio y la arquitectura que envuelve cada una de sus escenas.<\/p>\n<p>Una serie de edificios y lugares notables fueron incluidos en la pel\u00edcula, \u00a0el tel\u00f3n de fondo de sus escenas est\u00e1 formado por una serie de edificios modernos, como el <em>Tavy Bridge Centre<\/em> en <em>Thamesmead South<\/em>, el <em>Centro de Conferencias de la Universidad de Brunel<\/em> y los interiores de <em>Skybreak<\/em>, una casa de campo dise\u00f1ada por Norman Foster, Wendy Cheesman y Sir Richard Rogers. <em>Cine y Arquitectura: &#8220;La Naranja Mec\u00e1nica&#8221;. Jos\u00e9 Tom\u00e1s Franco<\/em><\/p>\n<p><a title=\"Los puentes de Madison\" href=\"http:\/\/150.214.167.10\/record=b1768007~S1*spi\" target=\"_blank\"><strong>Los puentes de Madison<\/strong><\/a><\/p>\n<p>En el cine adem\u00e1s de las ciudades, de los edificios, los puentes son, probablemente, las construcciones m\u00e1s utilizadas. En esta pel\u00edcula los puentes tienen una presencia m\u00e1s que testimonial en su desarrollo argumental. Un fot\u00f3grafo llega hasta Winterset con el prop\u00f3sito de captar con su c\u00e1mara unos curiosos puentes cubiertos de madera del siglo XIX.<\/p>\n<p><a title=\" El \u00faltimo emperador\" href=\"http:\/\/columbus.uhu.es\/record=b1440002~S1*spi\" target=\"_blank\">\u00a0<strong>El \u00faltimo emperador<\/strong><\/a><\/p>\n<p>En<em> \u201cEl \u00faltimo emperador\u201d<\/em>, de Bernardo Bertolucci, la Ciudad Prohibida de Beijing es una de los protagonistas. Un ni\u00f1o de tres a\u00f1os es coronado Emperador, \u00a0un ni\u00f1o solitario que va creciendo dentro del Palacio (Ciudad Prohibida) y que est\u00e1 condenado a no salir de ah\u00ed. Este palacio fue el centro desde donde China gobern\u00f3 su mundo. Es Patrimonio de la Humanidad, y cada uno de sus bell\u00edsimos detalles arquitect\u00f3nicos y decorativos realza la espiritualidad china y la idea de que el emperador es el centro de su Universo.<\/p>\n<p>&nbsp;<\/p>\n<h2><strong><span style=\"color: #800080;\">Documentales<\/span><\/strong><\/h2>\n<h2><span style=\"color: #800080;\"><strong><a href=\"http:\/\/www.uhu.es\/biblioteca\/labuhardilla\/wp-content\/uploads\/2016\/01\/Documentales.jpg\" rel='prettyPhoto[gallery1]'><img loading=\"lazy\" class=\"alignright size-large wp-image-3180\" title=\"Documentales\" src=\"http:\/\/www.uhu.es\/biblioteca\/labuhardilla\/wp-content\/uploads\/2016\/01\/Documentales-1024x931.jpg\" alt=\"\" width=\"550\" height=\"500\" srcset=\"https:\/\/www.uhu.es\/biblioteca\/labuhardilla\/wp-content\/uploads\/2016\/01\/Documentales-1024x931.jpg 1024w, https:\/\/www.uhu.es\/biblioteca\/labuhardilla\/wp-content\/uploads\/2016\/01\/Documentales-300x272.jpg 300w, https:\/\/www.uhu.es\/biblioteca\/labuhardilla\/wp-content\/uploads\/2016\/01\/Documentales.jpg 1366w\" sizes=\"(max-width: 550px) 100vw, 550px\" \/><\/a><br \/>\n<\/strong><\/span><\/h2>\n<p><a title=\"Caravaggio: el apogeo del naturalismo\" href=\"http:\/\/150.214.167.10\/record=b1440866~S1*spi\" target=\"_blank\"><strong>Caravaggio: el apogeo del naturalismo<\/strong><\/a><\/p>\n<p>Caravaggio fue un genio y sus cuadros as\u00ed lo demuestran, pero fue tambi\u00e9n un hombre problem\u00e1tico y violento. Pas\u00f3 su vida entre las riquezas de palacios y la m\u00e1s absoluta pobreza. Sin embargo, sus pinturas crearon un nuevo aspecto en el arte, conteniendo formas nunca vistas anteriormente. Es uno de los m\u00e1ximos exponentes del tenebrismo. Muri\u00f3 tr\u00e1gicamente en 1610, pero sus cuadros han hecho ver el arte desde otro punto de vista.<\/p>\n<p><a title=\"Giotto: la ra\u00edz de la pintura moderna\" href=\"http:\/\/150.214.167.10\/record=b1440852~S1*spi\" target=\"_blank\"><strong>Giotto: la ra\u00edz de la pintura moderna<\/strong><\/a><\/p>\n<p>Se conocen pocos datos fiables sobre Giotto di Bondone. Gracias a las cr\u00f3nicas de sus contempor\u00e1neos, sabemos sobre la gran revoluci\u00f3n que supuso su nueva concepci\u00f3n art\u00edstica, que se puede considerar como precursora de las innovaciones que cambiar\u00e1n la marcha de la pintura occidental, desde el Humanismo del Renacimiento hasta el siglo XX.<\/p>\n<p><a title=\"Miguel \u00c1ngel: el esp\u00edritu de la transgresi\u00f3n\" href=\"http:\/\/150.214.167.10\/record=b1440854~S1*spi\" target=\"_blank\"><strong>Miguel \u00c1ngel: el esp\u00edritu de la transgresi\u00f3n<\/strong><\/a><\/p>\n<p>Es uno de los artistas m\u00e1s poderosos y polifac\u00e9ticos del siglo XVI. Pas\u00f3 nueve a\u00f1os de &#8220;tormento y exaltaci\u00f3n&#8221;, reflej\u00e1ndose en todas sus figuras esculpidas en m\u00e1rmol.<\/p>\n<p><a title=\"Picasso y sus mujeres\" href=\"http:\/\/150.214.167.10\/record=b1440865~S1*spi\" target=\"_blank\"><strong>Picasso y sus mujeres<\/strong><\/a><\/p>\n<p>Ocho mujeres tuvieron una importancia fundamental en la vida y en la obra de Picasso. Sus rostros, sus almas est\u00e1n en muchos de los mejores cuadros del artista.<\/p>\n<p><a title=\"Tiziano\" href=\"http:\/\/150.214.167.10\/record=b1510698~S1*spi\" target=\"_blank\"><strong>Tiziano<\/strong><\/a><\/p>\n<p>Pintor italiano del Renacimiento, uno de los mayores exponentes de la Escuela Veneciana. Tuvo una larga y dilatada carrera, y su obra atraves\u00f3 muchas y diferentes etapas, en las que su estilo cambi\u00f3 tan dr\u00e1sticamente que algunos cr\u00edticos tienen problemas para creer que los cuadros de su primera etapa y los de las posteriores hayan salido de la misma mano.<\/p>\n<p><a title=\"\u00bfQu\u00e9 es una pintura mural?\" href=\"http:\/\/150.214.167.10\/record=b1437116~S1*spi\" target=\"_blank\"><strong>\u00bfQu\u00e9 es una pintura mural?<\/strong><\/a><\/p>\n<p>Este reportaje aporta un interesante acercamiento al concepto de pintura mural y a la composici\u00f3n y propiedades de sus materiales constituyentes. Aportando la informaci\u00f3n necesaria para identificar la obra en todas sus modalidades y t\u00e9cnicas, bajo los puntos de vista formal, conceptual y tecnol\u00f3gico, ofreci\u00e9ndonos un conocimiento profundo del mural, fundamental en el campo de la conservaci\u00f3n y restauraci\u00f3n.<\/p>\n<p><a title=\"T\u00e9rminos pict\u00f3ricos. Diccionarios visuales.\" href=\"http:\/\/150.214.167.10\/record=b1393337~S1*spi\" target=\"_blank\"><strong>T\u00e9rminos pict\u00f3ricos. Diccionarios visuales.<\/strong><\/a><\/p>\n<p>Contiene 250 t\u00e9rminos y 160 im\u00e1genes.<\/p>\n<p><a title=\" El Sol del membrillo\" href=\"http:\/\/columbus.uhu.es\/record=b1591987~S1*spi\" target=\"_blank\">\u00a0<strong>El Sol del membrillo<\/strong><\/a><strong><a href=\"http:\/\/www.uhu.es\/biblioteca\/labuhardilla\/wp-content\/uploads\/2016\/01\/El-sol-del-membrillo.jpg\" rel='prettyPhoto[gallery1]'><img loading=\"lazy\" class=\"alignright size-medium wp-image-3203\" title=\"El sol del membrillo\" src=\"http:\/\/www.uhu.es\/biblioteca\/labuhardilla\/wp-content\/uploads\/2016\/01\/El-sol-del-membrillo-300x201.jpg\" alt=\"\" width=\"300\" height=\"201\" srcset=\"https:\/\/www.uhu.es\/biblioteca\/labuhardilla\/wp-content\/uploads\/2016\/01\/El-sol-del-membrillo-300x200.jpg 300w, https:\/\/www.uhu.es\/biblioteca\/labuhardilla\/wp-content\/uploads\/2016\/01\/El-sol-del-membrillo-150x100.jpg 150w, https:\/\/www.uhu.es\/biblioteca\/labuhardilla\/wp-content\/uploads\/2016\/01\/El-sol-del-membrillo.jpg 564w\" sizes=\"(max-width: 300px) 100vw, 300px\" \/><\/a><\/strong><\/p>\n<p>\u00c9sta es la historia de un artista (Antonio L\u00f3pez) que trata de pintar, durante la \u00e9poca de maduraci\u00f3n de sus frutos, un \u00e1rbol \u2014un membrillero\u2014 que hace tiempo plant\u00f3 en el jard\u00edn de la casa que ahora le sirve de estudio. (FILMAFFINITY)<\/p>\n<p><a title=\"Las claves del rom\u00e1nico\" href=\"http:\/\/150.214.167.10\/record=b1440861~S1*spi\" target=\"_blank\"><strong>Las claves del rom\u00e1nico<\/strong><\/a><\/p>\n<p>Serie documental de 13 episodios emitida por TVE dirigida y presentada por el arquitecto y dibujante espa\u00f1ol Jos\u00e9 Mar\u00eda P\u00e9rez Gonz\u00e1lez, m\u00e1s conocido como Peridis. Se da una visi\u00f3n de este estilo arquitect\u00f3nico, no solo desde el aspecto t\u00e9cnico sino tambi\u00e9n como estilo de vida de la sociedad de su tiempo, con un especial enfoque en la zona de Castilla y Le\u00f3n. (FILMAFFINITY)<\/p>\n<p><a title=\"Los grandes monumentos de Grecia\" href=\"http:\/\/150.214.167.10\/record=b1797690~S1*spi\" target=\"_blank\"><strong>Los grandes monumentos de Grecia<\/strong><\/a><\/p>\n<p>Se trata de un documental de National Geographic sobre 7 monumentos de la Grecia de la Antig\u00fcedad. Varios especialistas comentan los distintos monumentos, su historia y los mitos de forma amena. Los monumentos comentados son el Palacio de Cnossos en Creta, el Or\u00e1culo de Delfos, el Teatro de Epidauro, el Coloso de Rodas (hoy d\u00eda est\u00e1 destruido), el Santuario de Olimpia, el Parten\u00f3n, y una menci\u00f3n a la mitolog\u00eda con la Atl\u00e1ntida, creaci\u00f3n literaria de Plat\u00f3n.<\/p>\n<p><a title=\"Los grandes monumentos de Roma\" href=\"http:\/\/150.214.167.10\/record=b1797692~S1*spi\" target=\"_blank\"><strong>Los grandes monumentos de Roma<\/strong><\/a><\/p>\n<p>Roma, la capital del mayor imperio de la antig\u00fcedad, alberg\u00f3 grandiosos monumentos. En este documental recreamos la construcci\u00f3n de siete de ellos, con visitas virtuales que los muestran en todo su esplendor y un recorrido f\u00edsico por sus impresionantes restos. Unos eran utilitarios, como los acueductos, las calzadas o el foro de Trajano; otros estaban dedicados al ocio, como el Circo M\u00e1ximo, el Coliseo o las Termas de Caracalla y un templo, el soberbio Pante\u00f3n.<\/p>\n<p><a title=\"Oscar Niemeyer: un arquitecto comprometido\" href=\"http:\/\/150.214.167.10\/record=b1510772~S1*spi\" target=\"_blank\"><strong>Oscar Niemeyer: un arquitecto comprometido<\/strong><\/a><\/p>\n<p>Se centra en el arquitecto m\u00e1s prol\u00edfico del siglo XX, uno de los creadores de Brasilia, nos explica su vida dedicada a la arquitectura en un siglo sacudido por las ideolog\u00edas pol\u00edticas y los movimientos art\u00edsticos. Es el testimonio de un artista que todav\u00eda cree en el ideal socialista; la historia de un hombre que ama a las mujeres; la aventura de una personalidad exigente que toda su vida ha batallado por su pa\u00eds, exiliado a Francia durante la dictadura militar brasile\u00f1a.<strong><\/strong><\/p>\n<h2><span style=\"color: #800080;\"><strong>Libros<a href=\"http:\/\/www.uhu.es\/biblioteca\/labuhardilla\/wp-content\/uploads\/2016\/01\/Libros.jpg\" rel='prettyPhoto[gallery1]'><img loading=\"lazy\" class=\"alignright size-medium wp-image-3193\" title=\"Libros\" src=\"http:\/\/www.uhu.es\/biblioteca\/labuhardilla\/wp-content\/uploads\/2016\/01\/Libros-287x300.jpg\" alt=\"\" width=\"287\" height=\"300\" srcset=\"https:\/\/www.uhu.es\/biblioteca\/labuhardilla\/wp-content\/uploads\/2016\/01\/Libros-287x300.jpg 287w, https:\/\/www.uhu.es\/biblioteca\/labuhardilla\/wp-content\/uploads\/2016\/01\/Libros-981x1024.jpg 981w, https:\/\/www.uhu.es\/biblioteca\/labuhardilla\/wp-content\/uploads\/2016\/01\/Libros.jpg 1644w\" sizes=\"(max-width: 287px) 100vw, 287px\" \/><\/a><\/strong><\/span><\/h2>\n<p><a title=\"Los pilares de la tierra \/ Ken Follett\" href=\"http:\/\/columbus.uhu.es\/record=b1364408~S1*spi\" target=\"_blank\"><strong>Los pilares de la tierra \/ Ken Follett<\/strong><\/a><\/p>\n<p>Novela hist\u00f3rica que analiza la evoluci\u00f3n del arte medieval del siglo XII y el tr\u00e1nsito del rom\u00e1nico al g\u00f3tico.<\/p>\n<p><a title=\"Un mundo sin fin \/ Ken Follett\" href=\"http:\/\/columbus.uhu.es\/record=b1439113~S1*spi\" target=\"_blank\"><strong>Un mundo sin fin \/ Ken Follett<\/strong><\/a><\/p>\n<p>Un mundo sin fin est\u00e1 ambientado en la misma ciudad de \u201c\u201cLos pilares dela Tierra\u201d,<\/p>\n<p>Kingsbridge, dos siglos despu\u00e9s.<\/p>\n<p><a title=\"La catedral del mar \/ Ildefonso Falcones\" href=\"http:\/\/columbus.uhu.es\/record=b1374950~S1*spi\" target=\"_blank\"><strong>La catedral del mar \/ Ildefonso Falcones<\/strong><\/a><\/p>\n<p>Una catedral construida por el pueblo y para el pueblo en la Barcelona medieval es el escenario de una apasionante historia de intriga, violencia y pasi\u00f3n.<\/p>\n<p><a title=\"Nuestra Se\u00f1ora de Par\u00eds \/ V\u00edctor Hugo\" href=\"http:\/\/150.214.167.10\/record=b1387487~S1*spi\" target=\"_blank\"><strong>Nuestra Se\u00f1ora de Par\u00eds \/ V\u00edctor Hugo<\/strong><\/a><\/p>\n<p>Victor Hugo, fue testigo de las apreciaciones negativas de sus contempor\u00e1neos respecto del Arte G\u00f3tico de la ciudad de Par\u00eds, donde se promov\u00edan (y ejecutaban) demoliciones de edificios y fachadas de la \u00e9poca medieval. As\u00ed, el escritor cre\u00f3 una historia de romances desdichados, aventuras emocionantes y personales marginales, pero ambientada en el Par\u00eds medieval y haciendo largas descripciones de la catedral g\u00f3tica de <em>Nuestra Se\u00f1ora de Par\u00eds<\/em>, que ser\u00eda escenario de la novela y le dar\u00eda nombre a \u00e9sta<\/p>\n<p><a title=\"Bomarzo \/ Manuel Mujica L\u00e1ine\" href=\"http:\/\/150.214.167.10\/record=b1333193~S1*spi\" target=\"_blank\"><strong>Bomarzo \/ Manuel Mujica L\u00e1inez<\/strong><\/a><\/p>\n<p>Recrea la vida de un noble italiano del siglo XVI: el duque Pier Francesco Orsini, el &#8220;contrahecho, c\u00ednico e intrigante&#8221;. Los numerosos personajes hist\u00f3ricos, evocados por las confesiones del duque, componen un minucioso fresco del Renacimiento italiano.<\/p>\n<p><a title=\"El retrato de Dorian Gray ; El retrato del se\u00f1or W.H. Oscar Wilde\" href=\"http:\/\/150.214.167.10\/record=b1387489~S1*spi\" target=\"_blank\"><strong>El retrato de Dorian Gray ; El retrato del se\u00f1or W.H. Oscar Wilde<\/strong><\/a><em><\/em><\/p>\n<p><em>El retrato de Dorian Gray<\/em> es considerada una de las \u00faltimas obras cl\u00e1sicas de la novela de terror g\u00f3tica. Muestra un pintor con afecto \u00edntimo y directo con el personaje principal Dorian Gray . El libro caus\u00f3 controversia cuando fue publicado por primera vez. Oscar Wilde\u00a0hab\u00eda querido hacer de la belleza un refinamiento de la inteligencia, y para ello sumi\u00f3 a su protagonista, Dorian Gray, en una atm\u00f3sfera de perversi\u00f3n dominada por el arte y los poderes de un misterio que est\u00e1n m\u00e1s all\u00e1 de la realidad.<\/p>\n<p><a title=\"Las Meninas \/ Santiago Garc\u00eda, Javier Olivares\" href=\"http:\/\/150.214.167.10\/record=b1790864~S1*spi\" target=\"_blank\"><strong>Las Meninas \/ Santiago Garc\u00eda, Javier Olivares<\/strong><\/a><\/p>\n<p>Diego Vel\u00e1zquez es uno de los pintores m\u00e1s misteriosos de su \u00e9poca, y Las Meninas, su obra maestra, cumbre de la pintura barroca espa\u00f1ola, es quiz\u00e1s tambi\u00e9n el m\u00e1s extra\u00f1o de los grandes cuadros de la pintura occidental. Despu\u00e9s de toda una vida en la corte al servicio de Felipe IV, Vel\u00e1zquez por fin fue nombrado caballero en 1658, alcanzando una dignidad ins\u00f3lita para un pintor en aquel momento. En torno a este acto de ennoblecimiento cortesano, Santiago Garc\u00eda y Javier Olivares construyen en la novela gr\u00e1fica, Las Meninas, una fantas\u00eda de largo alcance inspirada en hechos hist\u00f3ricos. \u00c9sta no es s\u00f3lo la historia de una obra de arte, sino la historia de c\u00f3mo una obra de arte se transforma en un s\u00edmbolo. (Fuente: Astiberri)<\/p>\n<p><a title=\"El C\u00f3digo da Vinci \/ Dan Brown\" href=\"http:\/\/150.214.167.10\/record=b1342307~S1*spi\" target=\"_blank\"><strong>El C\u00f3digo da Vinci \/ Dan Brown<\/strong><\/a><\/p>\n<p>El fresco de Leonardo da Vinci, <em>La \u00daltima <\/em>Cena sirve al autor para crear una novela que combina g\u00e9neros de suspenso y esoterismo, con una teor\u00eda de conspiraci\u00f3n relativa al Santo Grial y al papel de Mar\u00eda Magdalena en el cristianismo.<\/p>\n<p><a title=\"La Cultura del Barroco : an\u00e1lisis de una estructura hist\u00f3rica \/ Jos\u00e9 Antonio Maravall\" href=\"http:\/\/columbus.uhu.es\/record=b1275156~S1*spi\" target=\"_blank\"><strong>La Cultura del Barroco : an<\/strong><strong>\u00e1<\/strong><strong>lisis de una estructura hist<\/strong><strong>\u00f3<\/strong><strong>rica \/ Jos<\/strong><strong>\u00e9<\/strong><strong> Antonio Maravall<\/strong><\/a><\/p>\n<p>Quiz\u00e1 ning\u00fan otro per\u00edodo de la historia intelectual de Espa\u00f1a ha sido objeto de un estudio tan profundo y revelador como el ofrecido en este libro. Para Jos\u00e9 Antonio Maravall, la cultura del Barroco aparece fundamentalmente como la respuesta dada por los grupos activos de una sociedad que ha entrado en crisis, en relaci\u00f3n con las graves fluctuaciones en la econom\u00eda del siglo XVII.<strong><\/strong><\/p>\n<h2><span style=\"color: #800080;\"><strong><a href=\"http:\/\/www.uhu.es\/biblioteca\/labuhardilla\/wp-content\/uploads\/2016\/01\/Revistas.jpg\" rel='prettyPhoto[gallery1]'><img loading=\"lazy\" class=\"alignleft size-medium wp-image-3194\" title=\"Revistas\" src=\"http:\/\/www.uhu.es\/biblioteca\/labuhardilla\/wp-content\/uploads\/2016\/01\/Revistas-300x181.jpg\" alt=\"\" width=\"300\" height=\"181\" srcset=\"https:\/\/www.uhu.es\/biblioteca\/labuhardilla\/wp-content\/uploads\/2016\/01\/Revistas-300x181.jpg 300w, https:\/\/www.uhu.es\/biblioteca\/labuhardilla\/wp-content\/uploads\/2016\/01\/Revistas-1024x618.jpg 1024w, https:\/\/www.uhu.es\/biblioteca\/labuhardilla\/wp-content\/uploads\/2016\/01\/Revistas.jpg 1644w\" sizes=\"(max-width: 300px) 100vw, 300px\" \/><\/a>Revistas<\/strong><\/span><\/h2>\n<p><a title=\"L'\u00d2eil\" href=\"http:\/\/columbus.uhu.es\/record=b1347839~S1*spi\" target=\"_blank\"><strong>L&#8217;\u00d2eil<\/strong><\/a><\/p>\n<p>Revista mensual francesa sobre la actualidad art\u00edstica<strong>. <\/strong><\/p>\n<p><a title=\"Arquitectura viva\" href=\"http:\/\/columbus.uhu.es\/record=b1347533~S1*spi\" target=\"_blank\"><strong>Arquitectura viva<\/strong><\/a><\/p>\n<p>Revista espa\u00f1ola cuyos intereses van m\u00e1s all\u00e1 de la arquitectura para extenderse a otras disciplinas afines.<\/p>\n<p><a title=\"Archivo Espa\u00f1ol  de Arte\" href=\"http:\/\/columbus.uhu.es\/record=b1348152~S2*spi\" target=\"_blank\"><strong>Archivo Espa\u00f1ol \u00a0de Arte<\/strong><\/a><\/p>\n<p>Revista espa\u00f1ola dedicada a la investigaci\u00f3n dela Historia del Arte Espa\u00f1ol y extranjero en relaci\u00f3n con Espa\u00f1a, desde la Edad Media a nuestros d\u00edas.<\/p>\n<p>&nbsp;<\/p>\n<p>&nbsp;<\/p>\n<p>Im\u00e1genes Pinterest<\/p>\n<p><strong>\u00a0<\/strong><\/p>\n<p>&nbsp;<\/p>\n","protected":false},"excerpt":{"rendered":"<p>\u00a1He aqu\u00ed todas las respuestas a vuestras preguntas! Empezamos el a\u00f1o con nueva exposici\u00f3n de nuestros fondos, est\u00e1 ubicada en el vest\u00edbulo de la Biblioteca Central \u00a0y el tema que hemos elegido en esta ocasi\u00f3n es la Arquitectura y las Artes Pl\u00e1sticas centr\u00e1ndonos en su reflejo en el cine y en la literatura. &nbsp; &nbsp;&nbsp;<span class=\"excerpt_more\"><a href=\"https:\/\/www.uhu.es\/biblioteca\/labuhardilla\/?p=3160\">[Seguir leyendo&#8230;]<\/a><\/span><\/p>\n","protected":false},"author":4,"featured_media":3180,"comment_status":"open","ping_status":"open","sticky":false,"template":"","format":"standard","meta":{"_s2mail":"yes"},"categories":[3,6],"tags":[171,169,100,170],"_links":{"self":[{"href":"https:\/\/www.uhu.es\/biblioteca\/labuhardilla\/index.php?rest_route=\/wp\/v2\/posts\/3160"}],"collection":[{"href":"https:\/\/www.uhu.es\/biblioteca\/labuhardilla\/index.php?rest_route=\/wp\/v2\/posts"}],"about":[{"href":"https:\/\/www.uhu.es\/biblioteca\/labuhardilla\/index.php?rest_route=\/wp\/v2\/types\/post"}],"author":[{"embeddable":true,"href":"https:\/\/www.uhu.es\/biblioteca\/labuhardilla\/index.php?rest_route=\/wp\/v2\/users\/4"}],"replies":[{"embeddable":true,"href":"https:\/\/www.uhu.es\/biblioteca\/labuhardilla\/index.php?rest_route=%2Fwp%2Fv2%2Fcomments&post=3160"}],"version-history":[{"count":46,"href":"https:\/\/www.uhu.es\/biblioteca\/labuhardilla\/index.php?rest_route=\/wp\/v2\/posts\/3160\/revisions"}],"predecessor-version":[{"id":3213,"href":"https:\/\/www.uhu.es\/biblioteca\/labuhardilla\/index.php?rest_route=\/wp\/v2\/posts\/3160\/revisions\/3213"}],"wp:featuredmedia":[{"embeddable":true,"href":"https:\/\/www.uhu.es\/biblioteca\/labuhardilla\/index.php?rest_route=\/wp\/v2\/media\/3180"}],"wp:attachment":[{"href":"https:\/\/www.uhu.es\/biblioteca\/labuhardilla\/index.php?rest_route=%2Fwp%2Fv2%2Fmedia&parent=3160"}],"wp:term":[{"taxonomy":"category","embeddable":true,"href":"https:\/\/www.uhu.es\/biblioteca\/labuhardilla\/index.php?rest_route=%2Fwp%2Fv2%2Fcategories&post=3160"},{"taxonomy":"post_tag","embeddable":true,"href":"https:\/\/www.uhu.es\/biblioteca\/labuhardilla\/index.php?rest_route=%2Fwp%2Fv2%2Ftags&post=3160"}],"curies":[{"name":"wp","href":"https:\/\/api.w.org\/{rel}","templated":true}]}}