{"id":3263,"date":"2016-02-12T08:01:41","date_gmt":"2016-02-12T08:01:41","guid":{"rendered":"http:\/\/www.uhu.es\/biblioteca\/labuhardilla\/?p=3263"},"modified":"2016-02-12T10:01:32","modified_gmt":"2016-02-12T10:01:32","slug":"huelva-te-mira-ii-la-huelva-milenaria","status":"publish","type":"post","link":"https:\/\/www.uhu.es\/biblioteca\/labuhardilla\/?p=3263","title":{"rendered":"Huelva te mira (II): La Huelva milenaria"},"content":{"rendered":"<p><a href=\"http:\/\/www.uhu.es\/biblioteca\/labuhardilla\/wp-content\/uploads\/2016\/02\/\u00cddolos-prehist\u00f3ricos.jpg\" rel='prettyPhoto[gallery1]'><img loading=\"lazy\" class=\"size-medium wp-image-3323 alignleft\" title=\"\u00cddolos prehist\u00f3ricos\" src=\"http:\/\/www.uhu.es\/biblioteca\/labuhardilla\/wp-content\/uploads\/2016\/02\/\u00cddolos-prehist\u00f3ricos-300x225.jpg\" alt=\"\" width=\"400\" height=\"300\" srcset=\"https:\/\/www.uhu.es\/biblioteca\/labuhardilla\/wp-content\/uploads\/2016\/02\/\u00cddolos-prehist\u00f3ricos-300x225.jpg 300w, https:\/\/www.uhu.es\/biblioteca\/labuhardilla\/wp-content\/uploads\/2016\/02\/\u00cddolos-prehist\u00f3ricos.jpg 650w\" sizes=\"(max-width: 400px) 100vw, 400px\" \/><\/a>Esta es la primera vez que publicamos dos entradas tan seguidas, pero creemos que es importante hacerlo puesto que se trata de colaboraciones vuestras, de nuestros seguidores, y sobre un tema que sin duda merece reflexiones desde el mundo universitario. Si en la anterior entrada, Mar\u00eda, alumna en pr\u00e1cticas en nuestra biblioteca, se pronuncia sobre lo ocurrido en el yacimiento\u00a0de La Orden-Seminario de nuestra ciudad, en esta ocasi\u00f3n es la profesora de la UHU, Nuria de la O Vidal Teruel quien opina.<\/p>\n<p>Os agradecemos desde aqu\u00ed enormemente vuestras colaboraciones. Este blog est\u00e1 tan vivo gracias a vosotros. Os dejamos con la reflexi\u00f3n de Nuria de la O.<\/p>\n<p align=\"center\"><strong>&#8220;DE LA P\u00c9RDIDA DE LA MEMORIA PATRIMONIAL Y DE SUS CONSECUENCIAS PARA LA SOCIEDAD CONTEMPOR\u00c1NEA&#8221;<\/strong><\/p>\n<p align=\"right\"><strong>Dra. Nuria de la O Vidal Teruel<\/strong><\/p>\n<p align=\"right\"><strong>Universidad de Huelva<\/strong><\/p>\n<p>\u00a0&#8220;Existen frases a lo largo de la Historia, convertidas <em>quasi<\/em> en axiomas que, no por repetidas, pierden su actualidad. Desafortunadamente, aquellas que se refieren a las consecuencias que para los pueblos genera la p\u00e9rdida, consciente o inconsciente,\u00a0 de su memoria hist\u00f3rica, entendida como el legado completo de su evoluci\u00f3n como grupo, son de las m\u00e1s habituales.<\/p>\n<p>Sirva como ejemplo la que en 1880, D. Marcelino Men\u00e9ndez Pelayo incluyera en su obra <em>Historia de los heterodoxos espa\u00f1oles<\/em><em> sobre el particular y que de manera ciertamente po\u00e9tica, si bien obviamente acertada pon\u00eda de relieve la cuesti\u00f3n:<\/em><\/p>\n<p align=\"center\"><em>Pueblo que no sabe su historia es pueblo condenado a irrevocable muerte. Puede producir brillantes individualidades aisladas, rasgos de pasi\u00f3n de ingenio y hasta de g\u00e9nero, y ser\u00e1n como rel\u00e1mpagos que acrecentar\u00e1 m\u00e1s y m\u00e1s la lobreguez de la noche.<\/em><\/p>\n<p>Pasado m\u00e1s de un siglo desde que fuese pronunciada, no podemos por menos que dolernos de la rabiosa actualidad de su contenido para nuestra ciudad cuando observamos como \u201cde nuevo\u201d\u00a0 el patrimonio hist\u00f3rico que deber\u00eda enorgullecernos queda reducido a la nada, bien por desconocimiento, bien por dejadez, bien por\u2026.<\/p>\n<p>El \u00faltimo episodio de esta \u201cnovela negra\u201d ha tenido lugar hace pocos d\u00edas cuando ha sido denunciada la p\u00e9rdida de registro arqueol\u00f3gico que \u201cpresumiblemente\u201d se ha producido en el Sector PP8 del Yacimiento Huelva como consecuencia del vaciado de tierras, \u201cno controlado\u201d, de una de las parcelas del mismo, a\u00fan pendiente de intervenciones arqueol\u00f3gicas, tal y como determinan las instrucciones particulares de la Declaraci\u00f3n de la <em>Zona Arqueol\u00f3gica de Huelva<\/em>, producida en el a\u00f1o 2001.<\/p>\n<p>Sea como fuere, la realidad se impone, y frente a la existencia de un marco jur\u00eddico y normativo de \u201cobligado cumplimiento\u201d que deber\u00eda asegurar la permanencia del Patrimonio Hist\u00f3rico y Cultural en las mejores condiciones para ser legado a las generaciones futuras, queda de manifiesto la tremenda vulnerabilidad y fragilidad de un\u00a0 conjunto de elementos \u2013tangibles o intangibles, visibles u ocultos, austeros o magnificentes- que se erigen en testigos de la Historia que nos ha generado tal y como somos actualmente, pero que pasan desapercibidos para la mayor parte de nosotros.<\/p>\n<p>Solemos \u201crasgarnos las vestiduras\u201d cuando se produce el da\u00f1o irreparable, pero no nos preguntamos qu\u00e9 permite que ello ocurra. Falta de sensibilidad, desconocimiento,\u00a0\u00a0 negligencia, abandono, desinter\u00e9s, desidia, incuria, indolencia, apat\u00eda\u2026, podr\u00edamos seguir sumando t\u00e9rminos para intentar \u201cjustificar lo injustificable\u201d, pero la experiencia acumulada a lo largo de nuestra historia reciente indica que, pasados unos d\u00edas, las portadas de los diarios cambiar\u00e1n, la actualidad se impondr\u00e1 y el asunto pasar\u00e1 a engrosar el archivo del \u201cpatrimonio onubense perdido y olvidado\u201d.\u00a0 La indignaci\u00f3n inicial dejar\u00e1 paso al \u201cqu\u00e9 se le va a hacer\u201d y seguiremos a la cabeza de los lugares cuya \u201cgran Historia\u201d se defiende a capa y espada\u201d, pero no as\u00ed sus testimonios materiales.<\/p>\n<p>Esperemos que esta vez \u201cla memoria no nos falle\u201d y seamos plenamente conscientes de lo que perdemos junto con ese patrimonio destruido\u2026. Para algunos, algo irrelevante; para otros, ni m\u00e1s ni menos que nuestra propia identidad. Es el momento de pararse a reflexionar y comprometerse: La \u201cHuelva Milenaria\u201d es algo m\u00e1s que una frase.&#8221;<\/p>\n<p><a href=\"http:\/\/www.uhu.es\/biblioteca\/labuhardilla\/wp-content\/uploads\/2016\/02\/Moneda-Onuba.jpg\" rel='prettyPhoto[gallery1]'><img loading=\"lazy\" class=\"aligncenter size-full wp-image-3313\" title=\"Moneda Onuba\" src=\"http:\/\/www.uhu.es\/biblioteca\/labuhardilla\/wp-content\/uploads\/2016\/02\/Moneda-Onuba.jpg\" alt=\"\" width=\"220\" height=\"227\" \/><\/a><\/p>\n<p>Enlaces interesantes para conocer m\u00e1s sobre Historia Antigua de Huelva:<\/p>\n<p><a title=\"Ciudades romanas\" href=\"http:\/\/www.uhu.es\/ciudadesromanas\/galeriaonuba.html\" target=\"_blank\">Ciudades romanas del territorio onubense<\/a><\/p>\n<p title=\"PaleoramaEnRed\"><a title=\"PaleoramaEnRed\" href=\"http:\/\/arqueologia-paleoramaenred.blogspot.com.es\/2015\/11\/el-yacimiento-arqueologico-de-la-orden.html\" target=\"_blank\">PaleoramaEnRed<\/a><\/p>\n<p>&nbsp;<\/p>\n<p>Im\u00e1genes:<\/p>\n<p><a title=\"Huelva 24\" href=\"http:\/\/huelva24.com\/\" target=\"_blank\">http:\/\/huelva24.com\/<\/a><\/p>\n<p>wikipedia<\/p>\n","protected":false},"excerpt":{"rendered":"<p>Esta es la primera vez que publicamos dos entradas tan seguidas, pero creemos que es importante hacerlo puesto que se trata de colaboraciones vuestras, de nuestros seguidores, y sobre un tema que sin duda merece reflexiones desde el mundo universitario. Si en la anterior entrada, Mar\u00eda, alumna en pr\u00e1cticas en nuestra biblioteca, se pronuncia sobre&nbsp;<span class=\"excerpt_more\"><a href=\"https:\/\/www.uhu.es\/biblioteca\/labuhardilla\/?p=3263\">[Seguir leyendo&#8230;]<\/a><\/span><\/p>\n","protected":false},"author":2,"featured_media":3323,"comment_status":"open","ping_status":"open","sticky":false,"template":"","format":"standard","meta":{"_s2mail":"yes"},"categories":[6,5],"tags":[173,105,74,172,12],"_links":{"self":[{"href":"https:\/\/www.uhu.es\/biblioteca\/labuhardilla\/index.php?rest_route=\/wp\/v2\/posts\/3263"}],"collection":[{"href":"https:\/\/www.uhu.es\/biblioteca\/labuhardilla\/index.php?rest_route=\/wp\/v2\/posts"}],"about":[{"href":"https:\/\/www.uhu.es\/biblioteca\/labuhardilla\/index.php?rest_route=\/wp\/v2\/types\/post"}],"author":[{"embeddable":true,"href":"https:\/\/www.uhu.es\/biblioteca\/labuhardilla\/index.php?rest_route=\/wp\/v2\/users\/2"}],"replies":[{"embeddable":true,"href":"https:\/\/www.uhu.es\/biblioteca\/labuhardilla\/index.php?rest_route=%2Fwp%2Fv2%2Fcomments&post=3263"}],"version-history":[{"count":36,"href":"https:\/\/www.uhu.es\/biblioteca\/labuhardilla\/index.php?rest_route=\/wp\/v2\/posts\/3263\/revisions"}],"predecessor-version":[{"id":3336,"href":"https:\/\/www.uhu.es\/biblioteca\/labuhardilla\/index.php?rest_route=\/wp\/v2\/posts\/3263\/revisions\/3336"}],"wp:featuredmedia":[{"embeddable":true,"href":"https:\/\/www.uhu.es\/biblioteca\/labuhardilla\/index.php?rest_route=\/wp\/v2\/media\/3323"}],"wp:attachment":[{"href":"https:\/\/www.uhu.es\/biblioteca\/labuhardilla\/index.php?rest_route=%2Fwp%2Fv2%2Fmedia&parent=3263"}],"wp:term":[{"taxonomy":"category","embeddable":true,"href":"https:\/\/www.uhu.es\/biblioteca\/labuhardilla\/index.php?rest_route=%2Fwp%2Fv2%2Fcategories&post=3263"},{"taxonomy":"post_tag","embeddable":true,"href":"https:\/\/www.uhu.es\/biblioteca\/labuhardilla\/index.php?rest_route=%2Fwp%2Fv2%2Ftags&post=3263"}],"curies":[{"name":"wp","href":"https:\/\/api.w.org\/{rel}","templated":true}]}}