{"id":3555,"date":"2016-04-07T11:14:12","date_gmt":"2016-04-07T11:14:12","guid":{"rendered":"http:\/\/www.uhu.es\/biblioteca\/labuhardilla\/?p=3555"},"modified":"2016-04-07T11:17:47","modified_gmt":"2016-04-07T11:17:47","slug":"refugiados","status":"publish","type":"post","link":"https:\/\/www.uhu.es\/biblioteca\/labuhardilla\/?p=3555","title":{"rendered":"Refugiados"},"content":{"rendered":"<p><a href=\"http:\/\/www.uhu.es\/biblioteca\/labuhardilla\/wp-content\/uploads\/2016\/04\/zapatos.jpg\" rel='prettyPhoto[gallery1]'><img loading=\"lazy\" class=\"alignleft size-full wp-image-3561\" title=\"zapatos\" src=\"http:\/\/www.uhu.es\/biblioteca\/labuhardilla\/wp-content\/uploads\/2016\/04\/zapatos.jpg\" alt=\"\" width=\"400\" height=\"400\" srcset=\"https:\/\/www.uhu.es\/biblioteca\/labuhardilla\/wp-content\/uploads\/2016\/04\/zapatos.jpg 564w, https:\/\/www.uhu.es\/biblioteca\/labuhardilla\/wp-content\/uploads\/2016\/04\/zapatos-150x150.jpg 150w, https:\/\/www.uhu.es\/biblioteca\/labuhardilla\/wp-content\/uploads\/2016\/04\/zapatos-300x300.jpg 300w, https:\/\/www.uhu.es\/biblioteca\/labuhardilla\/wp-content\/uploads\/2016\/04\/zapatos-85x85.jpg 85w\" sizes=\"(max-width: 400px) 100vw, 400px\" \/><\/a>\u201c<em>Antes de 1914, la Tierra era de todos. Todo el mundo iba donde quer\u00eda y permanec\u00eda all\u00ed el tiempo que quer\u00eda. No se exig\u00edan permisos ni autorizaciones (&#8230;) La gente sub\u00eda y bajaba de los trenes y barcos sin preguntar ni ser preguntada, no ten\u00eda que rellenar ni uno de los centenares de papeles que se exigen hoy en d\u00eda<\/em>\u201d (Stefan Zweig, extracto de sus memorias\u00a0<a title=\"mundo de ayer\" href=\"http:\/\/columbus.uhu.es\/record=b1337860~S1*spi\" target=\"_blank\">El mundo de ayer : memorias de un europeo)<\/a><\/p>\n<p>De aquella Europa anterior a 1914 descrita por Zweig parece que hoy queda poco, y en nuestro nuevo mundo globalizado vivimos con naturalidad la llamada &#8220;crisis de los refugiados&#8221;, \u00a0sin conocer sus proporciones.<\/p>\n<p>Estamos viviendo el mayor \u00e9xodo de refugiados desde la Segunda Guerra Mundial, \u00a0una de las mayores crisis humanitarias de nuestro tiempo. \u00a0Hombres, mujeres, ni\u00f1os, ancianos, enfermos&#8230; han huido de un terrible conflicto que ha generado ya m\u00e1s de 4 millones de refugiados.<\/p>\n<p>Te proponemos esta bibliograf\u00eda para profundizar en c\u00f3mo hemos llegado en el siglo de la globalizaci\u00f3n a estas\u00a0\u00a0restricciones a la circulaci\u00f3n de los refugiados y para entender c\u00f3mo la globalizaci\u00f3n econ\u00f3mica est\u00e1 limitando el libre movimiento de las personas.<\/p>\n<p><strong>Textos interesantes en nuestra biblioteca:<\/strong><\/p>\n<p><a title=\"Declaraci\u00f3n universal\" href=\"http:\/\/columbus.uhu.es\/record=b1232067~S1*spi\" target=\"_blank\">Declaraci\u00f3n Universal de los Derechos Humanos<\/a> (ART. 14: <em>&#8220;Toda persona tiene derecho a buscar asilo, y a disfrutar de \u00e9l, en cualquier pa\u00eds, en caso de persecuci\u00f3n&#8221;<\/em>)<\/p>\n<p><a title=\"Refugiados - Europa\" href=\"http:\/\/columbus.uhu.es\/search*spi\/X?d:(refugiados%20paises%20de%20la%20union%20europea)&amp;searchscope=1&amp;Da=&amp;Db=&amp;SORT=D\" target=\"_blank\">Refugiados &#8211; \u00a0Europa<\/a><\/p>\n<p><a title=\"Refugiados Europa\" href=\"http:\/\/uhu.summon.serialssolutions.com\/search?q=refugiados%20euroopa#!\/search?ho=t&amp;fvf=IsFullText,true,f&amp;l=es-ES&amp;q=refugiados%20europa&amp;sort=PublicationDate:desc\" target=\"_blank\">Refugiados &#8211; Europa<\/a> (textos completos)<\/p>\n<p><a title=\"Refugiados - Derecho\" href=\"http:\/\/columbus.uhu.es\/search~S1*spi?\/dRefugiados+--+Derecho\/drefugiados+derecho\/-3%2C-1%2C0%2CB\/exact&amp;FF=drefugiados+derecho&amp;1%2C49%2C\" target=\"_blank\">Refugiados &#8211; Derecho<\/a><\/p>\n<p><a title=\"Derecho de asilo\" href=\"http:\/\/columbus.uhu.es\/search~S1*spi?\/dderecho+de+asilo\/dderecho+de+asilo\/1%2C9%2C83%2CB\/exact&amp;FF=dderecho+de+asilo&amp;1%2C-1%2C\/indexsort=r\" target=\"_blank\">Derecho de asilo<\/a><\/p>\n<p><a title=\"Aspecto social de la globalizaci\u00f3n\" href=\"http:\/\/columbus.uhu.es\/search~S1*spi?\/dglobalizaci{226}on+-+Aspecto+social\/dglobalizacion+aspecto+social\/1%2C6%2C72%2CB\/exact&amp;FF=dglobalizacion+aspecto+social&amp;1%2C-1%2C\/indexsort=r\" target=\"_blank\">Aspecto social de la globalizaci\u00f3n<\/a><\/p>\n<p><a title=\"brill\" href=\"http:\/\/columbus.uhu.es\/search*spi\/s?SEARCH=Immigration+and+Asylum+Law+and+Policy+in+Europe&amp;SORT=D&amp;searchscope=1&amp;submit=Buscar\" target=\"_blank\">Serie Inmigration and asylum\u00a0Law and Policy in Europe<\/a>\u00a0(libros sobre la inmigraci\u00f3n en Europa y el derecho y las pol\u00edticas de asilo)<\/p>\n<p>&nbsp;<\/p>\n<p><strong>Interesante en la web:<\/strong><\/p>\n<p><a title=\"juego\" href=\"http:\/\/www.contravientoymarea.org\/\" target=\"_blank\">Juego &#8220;Contra viento y marea&#8221;<\/a><\/p>\n<p><a title=\"acnur espa\u00f1a\" href=\"http:\/\/acnur.es\/\" target=\"_blank\">ACNUR Espa\u00f1a<\/a><\/p>\n<p>&nbsp;<\/p>\n<p>Estos zapatos pertenecen a Musa Shep, un ni\u00f1o de 2 a\u00f1os de edad, de Gabanit, cuya familia viaj\u00f3 20 d\u00edas a la frontera.<\/p>\n<p>Imagen de Shannon Jensen\u00a0pinterest.com<\/p>\n<p>&nbsp;<\/p>\n<p>&nbsp;<\/p>\n<p>&nbsp;<\/p>\n","protected":false},"excerpt":{"rendered":"<p>\u201cAntes de 1914, la Tierra era de todos. Todo el mundo iba donde quer\u00eda y permanec\u00eda all\u00ed el tiempo que quer\u00eda. No se exig\u00edan permisos ni autorizaciones (&#8230;) La gente sub\u00eda y bajaba de los trenes y barcos sin preguntar ni ser preguntada, no ten\u00eda que rellenar ni uno de los centenares de papeles que&nbsp;<span class=\"excerpt_more\"><a href=\"https:\/\/www.uhu.es\/biblioteca\/labuhardilla\/?p=3555\">[Seguir leyendo&#8230;]<\/a><\/span><\/p>\n","protected":false},"author":2,"featured_media":3561,"comment_status":"open","ping_status":"open","sticky":false,"template":"","format":"standard","meta":{"_s2mail":"yes"},"categories":[6,5],"tags":[75,178],"_links":{"self":[{"href":"https:\/\/www.uhu.es\/biblioteca\/labuhardilla\/index.php?rest_route=\/wp\/v2\/posts\/3555"}],"collection":[{"href":"https:\/\/www.uhu.es\/biblioteca\/labuhardilla\/index.php?rest_route=\/wp\/v2\/posts"}],"about":[{"href":"https:\/\/www.uhu.es\/biblioteca\/labuhardilla\/index.php?rest_route=\/wp\/v2\/types\/post"}],"author":[{"embeddable":true,"href":"https:\/\/www.uhu.es\/biblioteca\/labuhardilla\/index.php?rest_route=\/wp\/v2\/users\/2"}],"replies":[{"embeddable":true,"href":"https:\/\/www.uhu.es\/biblioteca\/labuhardilla\/index.php?rest_route=%2Fwp%2Fv2%2Fcomments&post=3555"}],"version-history":[{"count":48,"href":"https:\/\/www.uhu.es\/biblioteca\/labuhardilla\/index.php?rest_route=\/wp\/v2\/posts\/3555\/revisions"}],"predecessor-version":[{"id":3607,"href":"https:\/\/www.uhu.es\/biblioteca\/labuhardilla\/index.php?rest_route=\/wp\/v2\/posts\/3555\/revisions\/3607"}],"wp:featuredmedia":[{"embeddable":true,"href":"https:\/\/www.uhu.es\/biblioteca\/labuhardilla\/index.php?rest_route=\/wp\/v2\/media\/3561"}],"wp:attachment":[{"href":"https:\/\/www.uhu.es\/biblioteca\/labuhardilla\/index.php?rest_route=%2Fwp%2Fv2%2Fmedia&parent=3555"}],"wp:term":[{"taxonomy":"category","embeddable":true,"href":"https:\/\/www.uhu.es\/biblioteca\/labuhardilla\/index.php?rest_route=%2Fwp%2Fv2%2Fcategories&post=3555"},{"taxonomy":"post_tag","embeddable":true,"href":"https:\/\/www.uhu.es\/biblioteca\/labuhardilla\/index.php?rest_route=%2Fwp%2Fv2%2Ftags&post=3555"}],"curies":[{"name":"wp","href":"https:\/\/api.w.org\/{rel}","templated":true}]}}