{"id":384,"date":"2013-03-07T11:46:44","date_gmt":"2013-03-07T11:46:44","guid":{"rendered":"http:\/\/www.uhu.es\/biblioteca\/labuhardilla\/?p=384"},"modified":"2013-03-07T11:53:17","modified_gmt":"2013-03-07T11:53:17","slug":"antonio-jacobo-del-barco-y-el-terremoto-de-lisboa-de-1755","status":"publish","type":"post","link":"https:\/\/www.uhu.es\/biblioteca\/labuhardilla\/?p=384","title":{"rendered":"Antonio Jacobo del Barco y el Terremoto de Lisboa de 1755"},"content":{"rendered":"<p><strong id=\"internal-source-marker_0.8382007002364844\"><br \/>\n<a href=\"http:\/\/www.uhu.es\/biblioteca\/labuhardilla\/wp-content\/uploads\/2013\/03\/descarga.jpg\" rel='prettyPhoto[gallery1]'><img loading=\"lazy\" class=\"alignleft size-full wp-image-385\" title=\"descarga\" src=\"http:\/\/www.uhu.es\/biblioteca\/labuhardilla\/wp-content\/uploads\/2013\/03\/descarga.jpg\" alt=\"\" width=\"189\" height=\"267\" \/><\/a><\/strong><em>\u201cEsto temo est\u00e9 sucediendo en la explicaci\u00f3n del fluxo y refluxo del mar. Nos cansamos de buscar su causa en el Cielo, y quiz\u00e1s estar\u00e1 escondida en los senos de la Tierra\u201d<\/em><br \/>\n<em> (Antonio Jacobo del Barco\u00a0y Gasca)<\/em><\/p>\n<p>El terremoto de Lisboa de 1755 tuvo lugar sobre las 9.30 del 1 de noviembre de 1755\u00a0y se caracteriz\u00f3 por su gran duraci\u00f3n, dividida en varias fases, y por su virulencia, causando la muerte de entre 60.000 y 100.000 personas. El se\u00edsmo fue seguido por un maremoto\u00a0y un incendio que causaron la destrucci\u00f3n casi total deLisboa.<br \/>\nLas costas de las provincias de Huelva y C\u00e1diz\u00a0fueron afectadas gravemente por el maremoto posterior: s\u00f3lo en Ayamonte\u00a0murieron 1.000 personas.<br \/>\nMuchos autores de la \u00e9poca se hicieron eco de este hecho, entre ellos, Antonio Jacobo del Barco y Gasca (Huelva, 1 de junio\u00a0de1716 -Huelva, 1784), sacerdote y cient\u00edfico dedicado a los estudios cient\u00edficos y geogr\u00e1ficos.<br \/>\nAntonio Jacobo del Barco fue testigo privilegiado del terremoto, y los da\u00f1os que ocasion\u00f3 en Huelva los describi\u00f3 en su obra \u00a0\u201cSobre el terremoto de primero de noviembre de 1755\u201d.<br \/>\nEn la biblioteca encontrar\u00e1s una <a title=\"edici\u00f3n facs\u00edmil\" href=\"http:\/\/columbus.uhu.es\/record=b1227572~S1*spi\" target=\"_blank\">edici\u00f3n facs\u00edmil<\/a> de dicha obra.<\/p>\n<p>En nuestra \u00a0Secci\u00f3n de Fondo Antiguo disponemos tambi\u00e9n de este interesante texto sobre los efectos del terremoto en Huelva: <a title=\"Relaci\u00f3n del terremoto....\" href=\"http:\/\/columbus.uhu.es\/record=b1658450~S1*spi#.UThMhjffVxM\" target=\"_blank\">\u201cRelaci\u00f3n del terremoto acaecido en Huelva y lugares circunvecinos el dia primero de este mes\u201d<\/a><\/p>\n<p>M\u00e1s informaci\u00f3n sobre Antonio Jacobo del Barco:<br \/>\n&#8211;<a title=\"Antonio Jacobo del Barco\" href=\"http:\/\/columbus.uhu.es\/record=b1365564~S1*spi \" target=\"_blank\">\u201cAntonio Jacobo del Barco y el Terremoto de Lisboa de 1755\u201d<\/a><\/p>\n<p><strong id=\"internal-source-marker_0.8382007002364844\">&#8211;<\/strong> <a title=\"Antonio Jacobo del Barco\" href=\"http:\/\/dialnet.unirioja.es\/servlet\/articulo?codigo=573007 \" target=\"_blank\">\u201cAntonio Jacobo del Barco y los or\u00edgenes de Huelva : debate historiogr\u00e1fico\u201d<\/a>\u00a0 en Dialnet<\/p>\n<p>Adem\u00e1s, en nuestro Repositorio Arias Montano encontrar\u00e1s digitalizada esta obra de Antonio Jacobo del Barco, interesante para conocer los or\u00edgenes de la actual ciudad de Huelva : \u00a0<a title=\" Disertaci\u00f3n hist\u00f3rico-geogr\u00e1fica sobre reducir la antigua Onuba a la Villa de Huelva&quot;.\" href=\"http:\/\/rabida.uhu.es\/dspace\/bitstream\/handle\/10272\/55\/11053082.pdf?sequence=1\" target=\"_blank\">Dissertacion historico-geografica, sobre reducir la antigua Onuba a la villa de Huelva<\/a>.<\/p>\n","protected":false},"excerpt":{"rendered":"<p>\u201cEsto temo est\u00e9 sucediendo en la explicaci\u00f3n del fluxo y refluxo del mar. Nos cansamos de buscar su causa en el Cielo, y quiz\u00e1s estar\u00e1 escondida en los senos de la Tierra\u201d (Antonio Jacobo del Barco\u00a0y Gasca) El terremoto de Lisboa de 1755 tuvo lugar sobre las 9.30 del 1 de noviembre de 1755\u00a0y se&nbsp;<span class=\"excerpt_more\"><a href=\"https:\/\/www.uhu.es\/biblioteca\/labuhardilla\/?p=384\">[Seguir leyendo&#8230;]<\/a><\/span><\/p>\n","protected":false},"author":4,"featured_media":385,"comment_status":"open","ping_status":"open","sticky":false,"template":"","format":"standard","meta":{"_s2mail":"yes"},"categories":[6,4],"tags":[86,43,87,74,44,89,88,45],"_links":{"self":[{"href":"https:\/\/www.uhu.es\/biblioteca\/labuhardilla\/index.php?rest_route=\/wp\/v2\/posts\/384"}],"collection":[{"href":"https:\/\/www.uhu.es\/biblioteca\/labuhardilla\/index.php?rest_route=\/wp\/v2\/posts"}],"about":[{"href":"https:\/\/www.uhu.es\/biblioteca\/labuhardilla\/index.php?rest_route=\/wp\/v2\/types\/post"}],"author":[{"embeddable":true,"href":"https:\/\/www.uhu.es\/biblioteca\/labuhardilla\/index.php?rest_route=\/wp\/v2\/users\/4"}],"replies":[{"embeddable":true,"href":"https:\/\/www.uhu.es\/biblioteca\/labuhardilla\/index.php?rest_route=%2Fwp%2Fv2%2Fcomments&post=384"}],"version-history":[{"count":9,"href":"https:\/\/www.uhu.es\/biblioteca\/labuhardilla\/index.php?rest_route=\/wp\/v2\/posts\/384\/revisions"}],"predecessor-version":[{"id":393,"href":"https:\/\/www.uhu.es\/biblioteca\/labuhardilla\/index.php?rest_route=\/wp\/v2\/posts\/384\/revisions\/393"}],"wp:featuredmedia":[{"embeddable":true,"href":"https:\/\/www.uhu.es\/biblioteca\/labuhardilla\/index.php?rest_route=\/wp\/v2\/media\/385"}],"wp:attachment":[{"href":"https:\/\/www.uhu.es\/biblioteca\/labuhardilla\/index.php?rest_route=%2Fwp%2Fv2%2Fmedia&parent=384"}],"wp:term":[{"taxonomy":"category","embeddable":true,"href":"https:\/\/www.uhu.es\/biblioteca\/labuhardilla\/index.php?rest_route=%2Fwp%2Fv2%2Fcategories&post=384"},{"taxonomy":"post_tag","embeddable":true,"href":"https:\/\/www.uhu.es\/biblioteca\/labuhardilla\/index.php?rest_route=%2Fwp%2Fv2%2Ftags&post=384"}],"curies":[{"name":"wp","href":"https:\/\/api.w.org\/{rel}","templated":true}]}}