{"id":3927,"date":"2016-06-02T11:59:20","date_gmt":"2016-06-02T11:59:20","guid":{"rendered":"http:\/\/www.uhu.es\/biblioteca\/labuhardilla\/?p=3927"},"modified":"2016-06-02T12:50:48","modified_gmt":"2016-06-02T12:50:48","slug":"los-matrimonios-son-cosa-de-dos","status":"publish","type":"post","link":"https:\/\/www.uhu.es\/biblioteca\/labuhardilla\/?p=3927","title":{"rendered":"Los matrimonios son cosa de dos"},"content":{"rendered":"<h3><strong><br \/>\n<a href=\"http:\/\/alfonsovargassanchez.blogspot.com.es\/2016\/04\/oportunidades-en-el-turismo-del-siglo.html\" target=\"_blank\"><img loading=\"lazy\" class=\"alignleft size-medium wp-image-3937\" title=\"Imagen de Alfonso Vargas\" src=\"http:\/\/www.uhu.es\/biblioteca\/labuhardilla\/wp-content\/uploads\/2016\/05\/DSC_01141-300x185.png\" alt=\"Alfonso Vargas S\u00e1nchez\" width=\"300\" height=\"185\" srcset=\"https:\/\/www.uhu.es\/biblioteca\/labuhardilla\/wp-content\/uploads\/2016\/05\/DSC_01141-300x185.png 300w, https:\/\/www.uhu.es\/biblioteca\/labuhardilla\/wp-content\/uploads\/2016\/05\/DSC_01141-1024x632.png 1024w, https:\/\/www.uhu.es\/biblioteca\/labuhardilla\/wp-content\/uploads\/2016\/05\/DSC_01141.png 1600w\" sizes=\"(max-width: 300px) 100vw, 300px\" \/><\/a><span style=\"color: #800000;\">Nuestra investigaci\u00f3n en Turismo, por Alfonso Vargas<\/span><\/strong><\/h3>\n<h4 style=\"text-align: justify;\"><span style=\"color: #003366;\"><em>&#8220;Del mismo modo que una buhardilla, seg\u00fan precisa el Diccionario de la Lengua Espa\u00f1ola,\u00a0 \u201csirve para dar luz a los desvanes o para salir por ella a los tejados\u201d, el grupo de investigaci\u00f3n SEJ437, conocido por sus siglas GEIDETUR, tom\u00f3 forma hace m\u00e1s de 12 a\u00f1os para aportar alguna luz al incipiente, a la vez que prometedor, crecimiento del turismo en la provincia, as\u00ed como para lanzarnos al ruedo de la investigaci\u00f3n cient\u00edfica en turismo, a nivel nacional e internacional, a trav\u00e9s de la integraci\u00f3n y sistematizaci\u00f3n de los esfuerzos investigadores dispersos que en el campo de la gesti\u00f3n de empresas tur\u00edsticas y destinos ya hab\u00edan surgido desde la implantaci\u00f3n en la UHU de la entonces Diplomatura de Turismo (ahora grado).<\/em><\/span><\/h4>\n<h4 style=\"text-align: justify;\"><span style=\"color: #003366;\"><em>Tuvimos claro en todo momento que, en el siglo XXI, el despegue del turismo, y m\u00e1s siendo tard\u00edo, no pod\u00eda concebirse sin un apoyo en la\u00a0 investigaci\u00f3n cient\u00edfica, es decir, en la generaci\u00f3n de conocimiento. \u00c9ste acompa\u00f1ar\u00eda el desarrollo del tejido empresarial, ayudando a abrir segmentos nuevos, m\u00e1s all\u00e1 del sol y playa,\u00a0 como el del turismo industrial (minero, enol\u00f3gico, de visita a empresas en general), a entender mejor la importancia de la sostenibilidad (desde la gesti\u00f3n ambiental y, en general, los comportamientos socialmente responsables), a asumir el desaf\u00edo de la internacionalizaci\u00f3n, etc. Por otro lado, est\u00e1 claro que en este mundo fluido la innovaci\u00f3n ha de estar en el centro de la arquitectura estrat\u00e9gica de las empresas y destinos. De ah\u00ed nacieron las l\u00edneas de investigaci\u00f3n que hemos venido desarrollando y que nos dieron nombre. Y tambi\u00e9n vio la luz, en 2011, nuestra revista especializada en turismo, \u00fanica en su g\u00e9nero en Espa\u00f1a: \u201cEnlightening Tourism. A Pathmaking Journal\u201d.<\/em><\/span><\/h4>\n<h4 style=\"text-align: justify;\"><span style=\"color: #003366;\"><em>Los progresos en el \u00e1mbito acad\u00e9mico han sido notorios: todos sus miembros doctores, con publicaciones en las revistas mejor posicionadas en los rankings internacionales, varios sexenios de investigaci\u00f3n,\u2026 \u00bfY en la imbricaci\u00f3n con los agentes p\u00fablicos y privados? Los matrimonios son cosa de dos.&#8221;\u00a0<\/em><\/span><\/h4>\n<dl id=\"attachment_3936\" class=\"wp-caption alignright\" style=\"width: 310px;\">\n<dt class=\"wp-caption-dt\"><a href=\"http:\/\/alfonsovargassanchez.blogspot.com.es\/2016\/04\/oportunidades-en-el-turismo-del-siglo.html\"><img loading=\"lazy\" class=\"size-medium wp-image-3936\" title=\"Imagen de Alfonso Vargas\" src=\"http:\/\/www.uhu.es\/biblioteca\/labuhardilla\/wp-content\/uploads\/2016\/05\/DSC_0112-300x181.png\" alt=\"\" width=\"300\" height=\"181\" srcset=\"https:\/\/www.uhu.es\/biblioteca\/labuhardilla\/wp-content\/uploads\/2016\/05\/DSC_0112-300x181.png 300w, https:\/\/www.uhu.es\/biblioteca\/labuhardilla\/wp-content\/uploads\/2016\/05\/DSC_0112-1024x618.png 1024w, https:\/\/www.uhu.es\/biblioteca\/labuhardilla\/wp-content\/uploads\/2016\/05\/DSC_0112.png 1600w\" sizes=\"(max-width: 300px) 100vw, 300px\" \/><\/a><\/dt>\n<dd class=\"wp-caption-dd\">Imagen : Blog de Alfonso Vargas S\u00e1nchez<\/dd>\n<\/dl>\n<h5><strong><span style=\"color: #333333;\"><a title=\"Alfonso Vargas\" href=\"http:\/\/www.uhu.es\/alfonso_vargas\/index.htm\" target=\"_blank\"><span style=\"color: #333333;\">Alfonso Vargas<\/span><\/a> es\u00a0\u00a0Catedr\u00e1tico de la Universidad de Huelva, en el \u00e1rea de conocimiento de Organizaci\u00f3n de Empresas, Licenciado y Doctor en Ciencias Empresariales por la Universidad de Sevilla, tambi\u00e9n posee el Diploma en Alta Direcci\u00f3n de Universidades que otorgan las Universidades Antonio de Nebrija y Polit\u00e9cnica de Catalu\u00f1a, y el Certificado de Especializaci\u00f3n en Planificaci\u00f3n de Destinos Tur\u00edsticos de la UOC.<\/span><\/strong><\/h5>\n<h5><strong><span style=\"color: #333333;\">Desde 2004 es I.P. del Grupo de Investigaci\u00f3n &#8220;Estrategias de Innovaci\u00f3n y Desarrollo en la Empresa Tur\u00edstica&#8221; (<a title=\"Geidetur\" href=\"http:\/\/www.uhu.es\/GEIDETUR\/\" target=\"_blank\"><span style=\"color: #333333;\">GEIDETUR<\/span><\/a>, SEJ-437) del Plan Andaluz de Investigaci\u00f3n, Desarrollo e Innovaci\u00f3n (PAIDI).<\/span><\/strong><\/h5>\n<p>&nbsp;<\/p>\n<h5><strong><span style=\"color: #333333;\"><a href=\"http:\/\/www.uhu.es\/biblioteca\/labuhardilla\/wp-content\/uploads\/2016\/05\/Screenshot.png\" rel='prettyPhoto[gallery1]'><span style=\"color: #333333;\"><img loading=\"lazy\" class=\"alignleft size-full wp-image-3929\" title=\"Screenshot\" src=\"http:\/\/www.uhu.es\/biblioteca\/labuhardilla\/wp-content\/uploads\/2016\/05\/Screenshot.png\" alt=\"\" width=\"610\" height=\"104\" srcset=\"https:\/\/www.uhu.es\/biblioteca\/labuhardilla\/wp-content\/uploads\/2016\/05\/Screenshot.png 610w, https:\/\/www.uhu.es\/biblioteca\/labuhardilla\/wp-content\/uploads\/2016\/05\/Screenshot-300x51.png 300w\" sizes=\"(max-width: 610px) 100vw, 610px\" \/><\/span><\/a><\/span><\/strong><\/h5>\n<p>&nbsp;<\/p>\n<h5><strong><span style=\"color: #333333;\">Director de la revista\u00a0<a title=\"Enlightening tourism : a pathmaking journal\" href=\"http:\/\/www.uhu.es\/publicaciones\/ojs\/index.php\/et\/index\" target=\"_blank\"><span style=\"color: #333333;\">Enlightening tourism : a pathmaking journal<\/span><\/a>, revista internacional y\u00a0multidisciplinaria, arbitrada (peer-reviewed) y en acceso abierto. Tiene como objetivos promover y mejorar la investigaci\u00f3n en todos los campos del turismo.<\/span><\/strong><\/h5>\n<p><strong><a href=\"http:\/\/www.uhu.es\/biblioteca\/labuhardilla\/wp-content\/uploads\/2016\/05\/Screenshot.png\" rel='prettyPhoto[gallery1]'><br \/>\n<\/a><\/strong><\/p>\n<h3><strong><span style=\"color: #800000;\">Sus publicaciones:<\/span><\/strong><\/h3>\n<p><strong>&#8211; <a title=\"cat\u00e1logo\" href=\"http:\/\/columbus.uhu.es\/search~S1*spi?\/aVargas+S{u00E1}nchez,+Alfonso\/avargas+sanchez+alfonso\/1%2C1%2C67%2CB\/exact&amp;FF=avargas+sanchez+alfonso&amp;1%2C-1%2C\/indexsort=r\" target=\"_blank\">en nuestro cat\u00e1logo<\/a><\/strong><\/p>\n<p><strong>&#8211; <a title=\"Repositorio Arias mONTANO\" href=\"http:\/\/rabida.uhu.es\/dspace\/discover?filtertype_1=author&amp;filter_relational_operator_1=contains&amp;filter_1=Vargas+S%C3%A1nchez&amp;submit_apply_filter=Aplicar&amp;query=Vargas+S%C3%A1nchez&amp;scope=\" target=\"_blank\">en nuestro repositorio Arias Montano<\/a><\/strong><\/p>\n<p><strong>&#8211; <a title=\"Alfonso Vargas en Dialnet\" href=\"https:\/\/dialnet.unirioja.es\/servlet\/autor?codigo=2624\" target=\"_blank\">en Dialnet<\/a><\/strong><\/p>\n<p>&nbsp;<\/p>\n<p>&nbsp;<\/p>\n","protected":false},"excerpt":{"rendered":"<p>Nuestra investigaci\u00f3n en Turismo, por Alfonso Vargas &#8220;Del mismo modo que una buhardilla, seg\u00fan precisa el Diccionario de la Lengua Espa\u00f1ola,\u00a0 \u201csirve para dar luz a los desvanes o para salir por ella a los tejados\u201d, el grupo de investigaci\u00f3n SEJ437, conocido por sus siglas GEIDETUR, tom\u00f3 forma hace m\u00e1s de 12 a\u00f1os para aportar&nbsp;<span class=\"excerpt_more\"><a href=\"https:\/\/www.uhu.es\/biblioteca\/labuhardilla\/?p=3927\">[Seguir leyendo&#8230;]<\/a><\/span><\/p>\n","protected":false},"author":4,"featured_media":3940,"comment_status":"open","ping_status":"open","sticky":false,"template":"","format":"standard","meta":{"_s2mail":"yes"},"categories":[6,4],"tags":[188,154],"_links":{"self":[{"href":"https:\/\/www.uhu.es\/biblioteca\/labuhardilla\/index.php?rest_route=\/wp\/v2\/posts\/3927"}],"collection":[{"href":"https:\/\/www.uhu.es\/biblioteca\/labuhardilla\/index.php?rest_route=\/wp\/v2\/posts"}],"about":[{"href":"https:\/\/www.uhu.es\/biblioteca\/labuhardilla\/index.php?rest_route=\/wp\/v2\/types\/post"}],"author":[{"embeddable":true,"href":"https:\/\/www.uhu.es\/biblioteca\/labuhardilla\/index.php?rest_route=\/wp\/v2\/users\/4"}],"replies":[{"embeddable":true,"href":"https:\/\/www.uhu.es\/biblioteca\/labuhardilla\/index.php?rest_route=%2Fwp%2Fv2%2Fcomments&post=3927"}],"version-history":[{"count":38,"href":"https:\/\/www.uhu.es\/biblioteca\/labuhardilla\/index.php?rest_route=\/wp\/v2\/posts\/3927\/revisions"}],"predecessor-version":[{"id":3971,"href":"https:\/\/www.uhu.es\/biblioteca\/labuhardilla\/index.php?rest_route=\/wp\/v2\/posts\/3927\/revisions\/3971"}],"wp:featuredmedia":[{"embeddable":true,"href":"https:\/\/www.uhu.es\/biblioteca\/labuhardilla\/index.php?rest_route=\/wp\/v2\/media\/3940"}],"wp:attachment":[{"href":"https:\/\/www.uhu.es\/biblioteca\/labuhardilla\/index.php?rest_route=%2Fwp%2Fv2%2Fmedia&parent=3927"}],"wp:term":[{"taxonomy":"category","embeddable":true,"href":"https:\/\/www.uhu.es\/biblioteca\/labuhardilla\/index.php?rest_route=%2Fwp%2Fv2%2Fcategories&post=3927"},{"taxonomy":"post_tag","embeddable":true,"href":"https:\/\/www.uhu.es\/biblioteca\/labuhardilla\/index.php?rest_route=%2Fwp%2Fv2%2Ftags&post=3927"}],"curies":[{"name":"wp","href":"https:\/\/api.w.org\/{rel}","templated":true}]}}