{"id":3973,"date":"2016-06-09T09:41:28","date_gmt":"2016-06-09T09:41:28","guid":{"rendered":"http:\/\/www.uhu.es\/biblioteca\/labuhardilla\/?p=3973"},"modified":"2016-06-09T09:46:55","modified_gmt":"2016-06-09T09:46:55","slug":"el-idomeni-de-ana-barquero-en-busca-de-un-mundo-mejor","status":"publish","type":"post","link":"https:\/\/www.uhu.es\/biblioteca\/labuhardilla\/?p=3973","title":{"rendered":"El Idomeni de Ana Barquero&#8230; en busca de un mundo mejor"},"content":{"rendered":"<div id=\"attachment_3976\" style=\"width: 310px\" class=\"wp-caption alignleft\"><a href=\"http:\/\/www.uhu.es\/biblioteca\/labuhardilla\/wp-content\/uploads\/2016\/06\/CIMG4557.png\" rel='prettyPhoto[gallery1]'><img aria-describedby=\"caption-attachment-3976\" loading=\"lazy\" class=\"size-medium wp-image-3976\" title=\"Ana Barquero\" src=\"http:\/\/www.uhu.es\/biblioteca\/labuhardilla\/wp-content\/uploads\/2016\/06\/CIMG4557-300x225.png\" alt=\"\" width=\"300\" height=\"225\" srcset=\"https:\/\/www.uhu.es\/biblioteca\/labuhardilla\/wp-content\/uploads\/2016\/06\/CIMG4557-300x225.png 300w, https:\/\/www.uhu.es\/biblioteca\/labuhardilla\/wp-content\/uploads\/2016\/06\/CIMG4557.png 800w\" sizes=\"(max-width: 300px) 100vw, 300px\" \/><\/a><p id=\"caption-attachment-3976\" class=\"wp-caption-text\">Ana Barquero en Idomeni<\/p><\/div>\n<p>Ana Barquero Gonz\u00e1lez, es enfermera y profesora honoraria de la Universidad de Huelva en la Facultad de Enfermer\u00eda. Hace un mes que regres\u00f3 del campo de refugiados de Idomeni, en\u00a0 Grecia. Hace una semana que \u00e9ste\u00a0 ha sido \u00a0desalojado y desmantelado. Seg\u00fan cifras del gobierno griego, son aproximadamente 8.500 personas las que han sido trasladarlas a otros campamentos oficiales habilitados por el ej\u00e9rcito.<\/p>\n<p><span style=\"color: #000000;\">Ana \u00a0Barquero nos cuenta c\u00f3mo est\u00e1 viviendo esta experiencia, y nos invita a reflexionar sobre el tema e intentar ayudar.<\/span><\/p>\n<p><span style=\"color: #000080;\"><em><strong>\u00a0\u00bfC\u00f3mo me embarco en esta aventura?<\/strong><\/em><\/span><\/p>\n<p>Mi preocupaci\u00f3n por la crisis de los refugiados que est\u00e1n llegando a Europa, y las noticias en las condiciones que llegan, las muertes en el Mediterr\u00e1neo y la manera en la que est\u00e1n siendo tratados por la Uni\u00f3n Europea, me impuls\u00f3 a colaborar con la Asociaci\u00f3n de Ayuda al Refugiado (AYRE), Organizaci\u00f3n No Gubernamental, sin \u00e1nimo de lucro e independiente de toda organizaci\u00f3n pol\u00edtica, sindical o religiosa.<\/p>\n<p>Durante nuestra estancia, nuestro principal objetivo ha sido el de ayudar a subsanar aquellos problemas relacionados con la salud que aquejaban a los refugiados, teniendo en cuenta las condiciones inh\u00f3spitas, insalubres y de precariedad en las que estaban viviendo, hacinados en tiendas de campa\u00f1a, rodeadas de barro, empapados por la lluvia o abrasados por el sol durante meses.<\/p>\n<p><em style=\"color: #000080;\"><strong>\u00bfD\u00f3nde llev\u00e1bamos a cabo nuestra asistencia?<\/strong><\/em><\/p>\n<p>La atenci\u00f3n sanitaria se dispensaba en una tienda de campa\u00f1a (<em>Yellow Tent<\/em>) instalada y proporcionada por la ONG de Bomberos en Acci\u00f3n.<a href=\"http:\/\/www.uhu.es\/biblioteca\/labuhardilla\/wp-content\/uploads\/2016\/06\/13118973_631580570341505_6741075581453110816_n.png\" rel='prettyPhoto[gallery1]'><img loading=\"lazy\" class=\"alignright size-medium wp-image-3977\" title=\"Yellow Tent\" src=\"http:\/\/www.uhu.es\/biblioteca\/labuhardilla\/wp-content\/uploads\/2016\/06\/13118973_631580570341505_6741075581453110816_n-300x168.png\" alt=\"\" width=\"300\" height=\"168\" srcset=\"https:\/\/www.uhu.es\/biblioteca\/labuhardilla\/wp-content\/uploads\/2016\/06\/13118973_631580570341505_6741075581453110816_n-300x168.png 300w, https:\/\/www.uhu.es\/biblioteca\/labuhardilla\/wp-content\/uploads\/2016\/06\/13118973_631580570341505_6741075581453110816_n.png 800w\" sizes=\"(max-width: 300px) 100vw, 300px\" \/><\/a><\/p>\n<p>El equipo estaba conformado por tres m\u00e9dicos, dos enfermeras y un fisioterapeuta de Huelva. Posteriormente se nos unieron otros m\u00e9dicos, enfermeras de diferentes provincias espa\u00f1olas y bomberos de la ONG de Bomberos en Acci\u00f3n.<\/p>\n<p>La tienda contaba con tres boxes donde se pasaba consulta, uno de ellos lo adaptamos para atender a los ni\u00f1os. En la parte posterior de la tienda estaba instalada la farmacia. Ten\u00edamos establecidos dos turnos de trabajo, de 10 a 15 h el primer turno, y de 15 a 20 h el segundo. Cada uno de ellos estaba compuesto por dos m\u00e9dicos y dos enfermeras y una cooperante, que se encargaba del orden y de los pedidos de farmacia.<\/p>\n<p>En horario de ma\u00f1ana, otro grupo de sanitarios compuesto por m\u00e9dico, enfermera y bomberos se desplazaba en una furgoneta (la cual se adapt\u00f3 para visitar a los pacientes) a unas gasolineras cercanas donde tambi\u00e9n estaban asentados numerosos refugiados para dar asistencia sanitaria.<\/p>\n<p>La patolog\u00eda atendida era parecida a la que aqu\u00ed se trata en Atenci\u00f3n Primaria (afecciones respiratorias, conjuntivitis, quemaduras, heridas, sarna, toma de tensi\u00f3n, test de embarazo, etc.), pero la mayor\u00eda lo que m\u00e1s demandaba era la escucha y la atenci\u00f3n humana.<\/p>\n<p>Dar estos servicios era posible gracias al material que no escaseaba, sino al contrario, era el necesario para ofrecer una buena asistencia. \u00a0Tanto las ONGs espa\u00f1olas como la ciudadan\u00eda en general han sido muy generosas y han donado medicaci\u00f3n, ropa, zapatos, alimentos, etc.<\/p>\n<p><em style=\"color: #000080;\"><strong>\u00bfQu\u00e9 otras acciones llev\u00e1bamos a cabo?<\/strong><\/em><\/p>\n<p><a href=\"http:\/\/www.uhu.es\/biblioteca\/labuhardilla\/wp-content\/uploads\/2016\/06\/CIMG4614.png\" rel='prettyPhoto[gallery1]'><img loading=\"lazy\" class=\"alignleft size-medium wp-image-3978\" title=\"Los ni\u00f1os de Idomeni\" src=\"http:\/\/www.uhu.es\/biblioteca\/labuhardilla\/wp-content\/uploads\/2016\/06\/CIMG4614-225x300.png\" alt=\"\" width=\"225\" height=\"300\" srcset=\"https:\/\/www.uhu.es\/biblioteca\/labuhardilla\/wp-content\/uploads\/2016\/06\/CIMG4614-225x300.png 225w, https:\/\/www.uhu.es\/biblioteca\/labuhardilla\/wp-content\/uploads\/2016\/06\/CIMG4614.png 600w\" sizes=\"(max-width: 225px) 100vw, 225px\" \/><\/a>Cuando no est\u00e1bamos trabajando como sanitarias, ayud\u00e1bamos a otras ONGs en diferentes tareas como ba\u00f1ar ni\u00f1os (se aseaban y desparasitaban unos 140 ni\u00f1os diarios), repartir comida, o le\u00f1a con los bomberos, ordenar lo donado (medicaci\u00f3n, ropa y dem\u00e1s donaciones), etc.<\/p>\n<p><em style=\"color: #000080;\"><strong>\u00bfC\u00f3mo transcurre la vida en un campamento improvisado de estas caracter\u00edsticas?<\/strong><\/em><\/p>\n<p>La vida de estas personas se ha visto reducida durante muchos meses a dormir y esperar. Los refugiados se sienten en la mayor\u00eda de los casos abandonados. Salieron de un pa\u00eds en guerra buscando un mundo mejor, para ello, tuvieron que vencer todo tipo de dificultades, poniendo su vida en peligro para llegar a Europa, so\u00f1ando con ser acogidos y esperando comenzar una vida digna. Se han encontrado con unos gobiernos que los han hacinado en campos de refugiados inh\u00f3spitos, insalubres, viviendo en condiciones infrahumanas, con familias destrozadas, fragmentadas, \u00a0con toda especie de trabas para pedir asilo pol\u00edtico, y explotados por las mafias.<\/p>\n<p>Europa les ha dado la espalda y se lava su conciencia envi\u00e1ndolos a Turqu\u00eda, para lo cual le pasa un dinero. Mientras, los pol\u00edticos debaten in\u00fatilmente la cantidad de cifras que a cada pa\u00eds le corresponder\u00eda aceptar, como si de ganado se tratara.<\/p>\n<p>Esta situaci\u00f3n cuando la vives con ellos, \u00a0principalmente lo que te produce \u00a0es impotencia, dolor, mucho dolor y rabia. Pero, el ant\u00eddoto contra estos sentimientos es seguir luchando por los derechos humanos de estas personas.<\/p>\n<p><em style=\"color: #000080;\"><strong>\u00bfQu\u00e9 es lo que pedimos?<\/strong><\/em><\/p>\n<p>En primer lugar, es urgente que las autoridades griegas autoricen seguir prestando asistencia a las ONGs y voluntarios en estos nuevos campos, de lo contrario el drama se ir\u00e1 agravando ya que hasta ahora, la situaci\u00f3n para estas personas hab\u00eda sido m\u00e1s llevadera gracias a la labor llevada a cabo por dichas ONGs y\u00a0 voluntarios. Si se les deniega el acceso a ellos creo que estos campos se ver\u00e1n desbordados ya que, seg\u00fan las fotograf\u00edas que nos env\u00edan algunos de los refugiados y las condiciones de vida que nos relatan relacionadas con las infraestructuras dejan mucho que desear, no hay personal suficiente para asistirlos y\u00a0la comida es insuficiente y de mala calidad.<\/p>\n<p>Es fundamental el respeto y el cumplimiento de los derechos de los refugiados para ello,\u00a0 hay que proporcionarles condiciones de habitabilidad digna, con casas, escuelas, centros de asistencia sanitaria\u2026 No se puede tener a estas personas viviendo en tiendas de campa\u00f1a rodeadas de barro, empapados por la lluvia o abrasados por el sol, \u00a0como han estado, separadas de sus familias y cuya actividad diaria ha sido esperar en la cola para la comida, esperar para ir al ba\u00f1o, esperar para cargar los tel\u00e9fonos, y esperar que la llamada a trav\u00e9s de Skype sea atendida con la esperanza de poder solicitar asilo pol\u00edtico.<\/p>\n<p>Otra de las principales acciones a realizar desde los distintos gobiernos ser\u00eda\u00a0poner en marcha gabinetes de abogados para facilitar el asesoramiento a los refugiados sobre las diversas situaciones que est\u00e1n viviendo, para poder agilizar los tr\u00e1mites en la solicitud de asilo, la reunificaci\u00f3n familiar o la reubicaci\u00f3n, con el fin de que su vida se normalice m\u00e1s pronto que tarde.<\/p>\n<p>Es urgente que se cambie el actual sistema instaurado, que s\u00f3lo permite hacer peticiones de asilo a la oficina de asilo griego \u00a0a trav\u00e9s de una llamada de Skype que nunca es atendida, y que se sustituya este por un servicio de atenci\u00f3n \u00a0personal en los campos de refugiados.<\/p>\n<p>No m\u00e1s muertes de ni\u00f1os y personas tratando de alcanzar nuestras fronteras. Son las autoridades europeas las que deben atajar de una vez por toda esta situaci\u00f3n. El problema principal para erradicar dicha situaci\u00f3n, no est\u00e1 en la insuficiencia de recursos, el problema desde mi punto de vista est\u00e1 en la voluntad pol\u00edtica de querer solucionarlo, que por razones principalmente pol\u00edticas y de intereses econ\u00f3micos (no olvidemos que Siria es un pa\u00eds rico en petr\u00f3leo y gas natural) no se est\u00e1n llevando a cabo.<\/p>\n<p>No le demos la espalda, nosotros somos sus ojos y su voz, si no lo hacemos ellos, no podr\u00e1n salir solos de esto.<\/p>\n<p>Nushun, un compa\u00f1ero refugiado nos ayudaba traduciendo del sirio al ingl\u00e9s el d\u00eda que desmantelaron el campo escribi\u00f3 diciendo: \u201cIdomeni est\u00e1 muriendo como nuestros sue\u00f1os. Idomeni est\u00e1 siendo destruida como nuestro hogar\u201d.<\/p>\n<div id=\"attachment_3982\" style=\"width: 410px\" class=\"wp-caption aligncenter\"><a title=\"Ayre Asociaci\u00f3n de Ayuda al Refugiado\" href=\"https:\/\/www.facebook.com\/Ayre2016\/\" target=\"_blank\"><img aria-describedby=\"caption-attachment-3982\" loading=\"lazy\" class=\"size-medium wp-image-3982\" title=\"Voluntarios de Ayre \" src=\"http:\/\/www.uhu.es\/biblioteca\/labuhardilla\/wp-content\/uploads\/2016\/06\/IMG-20160427-WA0005-300x168.png\" alt=\"\" width=\"400\" height=\"200\" \/><\/a><p id=\"caption-attachment-3982\" class=\"wp-caption-text\">Voluntarios de Ayre en Idomeni<\/p><\/div>\n<p>&nbsp;<\/p>\n<h4><span style=\"color: #339966;\"><a title=\"Publicaciones de Ana Barquero\" href=\"http:\/\/columbus.uhu.es\/search~S1*spi\/a?Barquero+Gonz{u00E1}lez%2C+Ana&amp;search_code=a\" target=\"_blank\"><span style=\"color: #339966;\">Sus publicaciones en nuestro cat\u00e1logo<\/span><\/a><\/span><\/h4>\n<h4><span style=\"color: #808000;\">Otros enlaces relacionados en <a title=\"Refugiados\" href=\"http:\/\/www.uhu.es\/biblioteca\/labuhardilla\/?p=3555\" target=\"_blank\"><span style=\"color: #808000;\">La Buhardilla<\/span><\/a><\/span><\/h4>\n","protected":false},"excerpt":{"rendered":"<p>Ana Barquero Gonz\u00e1lez, es enfermera y profesora honoraria de la Universidad de Huelva en la Facultad de Enfermer\u00eda. Hace un mes que regres\u00f3 del campo de refugiados de Idomeni, en\u00a0 Grecia. Hace una semana que \u00e9ste\u00a0 ha sido \u00a0desalojado y desmantelado. Seg\u00fan cifras del gobierno griego, son aproximadamente 8.500 personas las que han sido trasladarlas&nbsp;<span class=\"excerpt_more\"><a href=\"https:\/\/www.uhu.es\/biblioteca\/labuhardilla\/?p=3973\">[Seguir leyendo&#8230;]<\/a><\/span><\/p>\n","protected":false},"author":4,"featured_media":3984,"comment_status":"open","ping_status":"open","sticky":false,"template":"","format":"standard","meta":{"_s2mail":"yes"},"categories":[6,5],"tags":[190,189,178],"_links":{"self":[{"href":"https:\/\/www.uhu.es\/biblioteca\/labuhardilla\/index.php?rest_route=\/wp\/v2\/posts\/3973"}],"collection":[{"href":"https:\/\/www.uhu.es\/biblioteca\/labuhardilla\/index.php?rest_route=\/wp\/v2\/posts"}],"about":[{"href":"https:\/\/www.uhu.es\/biblioteca\/labuhardilla\/index.php?rest_route=\/wp\/v2\/types\/post"}],"author":[{"embeddable":true,"href":"https:\/\/www.uhu.es\/biblioteca\/labuhardilla\/index.php?rest_route=\/wp\/v2\/users\/4"}],"replies":[{"embeddable":true,"href":"https:\/\/www.uhu.es\/biblioteca\/labuhardilla\/index.php?rest_route=%2Fwp%2Fv2%2Fcomments&post=3973"}],"version-history":[{"count":26,"href":"https:\/\/www.uhu.es\/biblioteca\/labuhardilla\/index.php?rest_route=\/wp\/v2\/posts\/3973\/revisions"}],"predecessor-version":[{"id":4007,"href":"https:\/\/www.uhu.es\/biblioteca\/labuhardilla\/index.php?rest_route=\/wp\/v2\/posts\/3973\/revisions\/4007"}],"wp:featuredmedia":[{"embeddable":true,"href":"https:\/\/www.uhu.es\/biblioteca\/labuhardilla\/index.php?rest_route=\/wp\/v2\/media\/3984"}],"wp:attachment":[{"href":"https:\/\/www.uhu.es\/biblioteca\/labuhardilla\/index.php?rest_route=%2Fwp%2Fv2%2Fmedia&parent=3973"}],"wp:term":[{"taxonomy":"category","embeddable":true,"href":"https:\/\/www.uhu.es\/biblioteca\/labuhardilla\/index.php?rest_route=%2Fwp%2Fv2%2Fcategories&post=3973"},{"taxonomy":"post_tag","embeddable":true,"href":"https:\/\/www.uhu.es\/biblioteca\/labuhardilla\/index.php?rest_route=%2Fwp%2Fv2%2Ftags&post=3973"}],"curies":[{"name":"wp","href":"https:\/\/api.w.org\/{rel}","templated":true}]}}