{"id":4009,"date":"2016-06-16T10:39:19","date_gmt":"2016-06-16T10:39:19","guid":{"rendered":"http:\/\/www.uhu.es\/biblioteca\/labuhardilla\/?p=4009"},"modified":"2016-06-16T10:39:19","modified_gmt":"2016-06-16T10:39:19","slug":"la-guerra-de-las-naranjas","status":"publish","type":"post","link":"https:\/\/www.uhu.es\/biblioteca\/labuhardilla\/?p=4009","title":{"rendered":"La &#8220;Guerra de las Naranjas&#8221;"},"content":{"rendered":"<p><a href=\"http:\/\/www.uhu.es\/biblioteca\/labuhardilla\/wp-content\/uploads\/2016\/06\/Godoy.png\" rel='prettyPhoto[gallery1]'><img loading=\"lazy\" class=\"alignleft size-medium wp-image-4010\" title=\"Godoy\" src=\"http:\/\/www.uhu.es\/biblioteca\/labuhardilla\/wp-content\/uploads\/2016\/06\/Godoy-300x168.png\" alt=\"Godoy como ganador de la Guerra de las Naranjas, pintado por Goya\" width=\"300\" height=\"168\" srcset=\"https:\/\/www.uhu.es\/biblioteca\/labuhardilla\/wp-content\/uploads\/2016\/06\/Godoy-300x168.png 300w, https:\/\/www.uhu.es\/biblioteca\/labuhardilla\/wp-content\/uploads\/2016\/06\/Godoy.png 644w\" sizes=\"(max-width: 300px) 100vw, 300px\" \/><\/a><span style=\"color: #003366;\">\u201c\u2026<em>Las tropas que atacaron al momento de o\u00edr mi voz luego que llegu\u00e9 \u00e1 la vanguardia, me han regalado de los jardines de Elvas dos ramos de naranjas, que yo presento \u00e1 S. M. la Reina<\/em>.\u201d<\/span>. Carta de Godoy a S.M.<\/p>\n<p><span style=\"color: #ff6600;\"><em><strong>La Guerra de la Naranjas<\/strong><\/em><\/span> fue un corto enfrentamiento b\u00e9lico entre Espa\u00f1a y Portugal, provocado por el inter\u00e9s de <a title=\"Napole\u00f3n\" href=\"http:\/\/columbus.uhu.es\/search~S1*spi?\/dNapole{u00F3}n+I+%2C+Emperador+de+Francia\/dnapoleon+i+emperador+de+francia\/-3%2C-1%2C0%2CB\/exact&amp;FF=dnapoleon+i+emperador+de+francia&amp;1%2C19%2C\" target=\"_blank\">Napole\u00f3n<\/a> en atacar a Inglaterra.<br \/>\nMediante el\u00a0tratado de amistad firmado el a\u00f1o anterior con Francia, <a title=\"Tratado de Madrid\" href=\"https:\/\/es.wikipedia.org\/wiki\/Tratado_de_Madrid_(1801)\" target=\"_blank\">Tratado de Madrid de 1801<\/a>, Espa\u00f1a se compromet\u00eda a declarar la guerra a Portugal si esta manten\u00eda su apoyo a los ingleses. <span style=\"color: #333399;\">Godoy<\/span> pidi\u00f3 a Portugal que cumpliera dos exigencias: deb\u00eda romper relaciones con Gran Breta\u00f1a y ceder provisionalmente una parte de su territorio a Espa\u00f1a. Ante la negativa portuguesa a someterse a las pretensiones franco-espa\u00f1olas, se desencaden\u00f3, el d\u00eda <em>27 de febrero de 1801,\u00a0<\/em>\u00a0la llamada\u00a0<span style=\"color: #ff6600;\"><strong><em>Guerra de las Naranjas.\u00a0<\/em><\/strong><\/span><\/p>\n<p>Los primeros choques armados se produjeron en mayo, entre el 20 de mayo y el 6 de junio,\u00a0con la r\u00e1pida ocupaci\u00f3n por parte de Espa\u00f1a de diversas poblaciones portuguesas. La contienda s\u00f3lo dur\u00f3 dieciocho d\u00edas y la guerra termin\u00f3 con el <span style=\"color: #99cc00;\"><a title=\"Tratado de Badajoz\" href=\"https:\/\/es.wikipedia.org\/wiki\/Tratado_de_Badajoz_(1801)\" target=\"_blank\"><span style=\"color: #99cc00;\">Tratado de Badajoz<\/span><\/a><\/span>, firmado el 8 de junio, con el que Portugal acept\u00f3 cerrar sus puertos a los barcos brit\u00e1nicos, entregar a Espa\u00f1a la ciudad de Olivenza (la nueva frontera en esa zona se fij\u00f3 en el r\u00edo Guadiana), as\u00ed como un territorio cercano a la Guayana a Francia. Adem\u00e1s, Portugal se comprometi\u00f3 a firmar con la Rep\u00fablica francesa un nuevo tratado comercial y pagar una indemnizaci\u00f3n de 15 millones de libras.<\/p>\n<p>El hecho m\u00e1s<span style=\"color: #000000;\">\u00a0anecd\u00f3tico<\/span>\u00a0y del que surgi\u00f3 el nombre de la contienda, \u00a0fue cuando el ej\u00e9rcito espa\u00f1ol siti\u00f3 la ciudad de\u00a0<strong>Elv\u00e1s<\/strong>\u00a0y los soldados recogieron unas cuantas ramas de naranjas, que\u00a0<strong><a title=\"Godoy\" href=\"http:\/\/columbus.uhu.es\/search~S1*spi?\/dGodoy%2C+Manuel+de+%2C+Pr{u00ED}ncipe+de+la+Paz+%281767-1851%29\/dgodoy+manuel+de+principe+de+la+paz+++++1767+++++1851\/-3%2C-1%2C0%2CB\/exact&amp;FF=dgodoy+manuel+de+principe+de+la+paz+++++1767+++++1851&amp;1%2C3%2C\" target=\"_blank\">Manuel de Godoy<\/a><\/strong>, ministro de\u00a0<span style=\"color: #ff6600;\"><strong><a title=\"Carlos IV\" href=\"http:\/\/uhu.summon.serialssolutions.com\/search?q=%22Maria%20Luisa%20de%20Parma%22#!\/search?ho=t&amp;fvf=SourceType,Library%20Catalog,f&amp;l=es-ES&amp;q=%22Carlos%20IV%22\" target=\"_blank\">Carlos IV<\/a><\/strong><\/span>, hizo llegar a\u00a0<strong><a title=\"Mar\u00eda Luisa de Parma\" href=\"http:\/\/uhu.summon.serialssolutions.com\/search?q=%22Maria%20Luisa%20de%20Parma%22#!\/search?ho=t&amp;fvf=SourceType,Library%20Catalog,f&amp;l=es-ES&amp;q=%22Maria%20Luisa%20de%20Parma%22\" target=\"_blank\">Mar\u00eda Luisa de Parma<\/a><\/strong>, esposa del monarca y a la vez amante del pol\u00edtico.<\/p>\n<p>En\u00a01801\u00a0, a trav\u00e9s del\u00a0<span style=\"color: #99cc00;\"><span>Tratado de Badajoz<\/span><\/span>\u00a0, denunciada en\u00a01808\u00a0por Portugal, el territorio fue anexado por\u00a0Espa\u00f1a\u00a0.\u00a0La gesti\u00f3n y la soberan\u00eda espa\u00f1ola de Olivenza y los territorios adyacentes no son reconocidas\u00a0por\u00a0Portugal.\u00a0En\u00a01815\u00a0, al cierre del <span style=\"color: #008080;\"><a title=\"Congreso de Viena\" href=\"https:\/\/es.wikipedia.org\/wiki\/Congreso_de_Viena\" target=\"_blank\"><span style=\"color: #008080;\">Congreso de Viena<\/span><\/a><\/span>, en virtud del art\u00edculo 105 del Acta final, se reconoci\u00f3 el derecho portugu\u00e9s en el territorio de Olivenza. A pesar de su resistencia inicial a esta disposici\u00f3n, Espa\u00f1a finalmente ratifica el tratado \u00a0el 7 de mayo de 1817, comprometi\u00e9ndose a la retrocesi\u00f3n del territorio antes posible.\u00a0Sin embargo, esto nunca ocurri\u00f3.<\/p>\n<p>&nbsp;<\/p>\n<div id=\"attachment_4016\" style=\"width: 560px\" class=\"wp-caption aligncenter\"><a href=\"http:\/\/www.uhu.es\/biblioteca\/labuhardilla\/wp-content\/uploads\/2016\/06\/Olivenza.png\" rel='prettyPhoto[gallery1]'><img aria-describedby=\"caption-attachment-4016\" loading=\"lazy\" class=\"size-full wp-image-4016\" title=\"Olivenza\" src=\"http:\/\/www.uhu.es\/biblioteca\/labuhardilla\/wp-content\/uploads\/2016\/06\/Olivenza.png\" alt=\"Mapa espa\u00f1ol de 1773, por el cart\u00f3grafo Tom\u00e1s L\u00f3pez de Vargas Machuca\" width=\"550\" height=\"300\" \/><\/a><p id=\"caption-attachment-4016\" class=\"wp-caption-text\">Olivenza se indica como territorio portugu\u00e9s<\/p><\/div>\n<p>Para ampliar informaci\u00f3n:<\/p>\n<p><a title=\"Proyecci\u00f3n americana de la Guerra de las Naranjas\" href=\"http:\/\/www.dip-badajoz.es\/cultura\/ceex\/reex_digital\/reex_LVII\/2001\/T.%20LVII%20n.%203%202001%20sept.-dic\/RV11358.pdf\" target=\"_blank\">Proyecci\u00f3n americana de la Guerra de las Naranjas y Tratado de Badajoz<\/a><\/p>\n<p><a title=\"Guerras napole\u00f3nicas\" href=\"http:\/\/columbus.uhu.es\/search~S1*spi?\/dGuerras+napole{u00F3}nicas%2C+1800-1815\/dguerras+napoleonicas+++++1800+++++1815\/-3%2C-1%2C0%2CB\/exact&amp;FF=dguerras+napoleonicas+++++1800+++++1815&amp;1%2C3%2C\" target=\"_blank\">Guerras napole\u00f3nicas<\/a><\/p>\n<p><a title=\"Historia de Espa\u00f1a 1788-1808\" href=\"http:\/\/columbus.uhu.es\/search~S1*spi?\/dEspa{u00F1}a+--+Historia+--+1788-1808+%28Carlos+IV%29\/despan~aa+historia+++++1788+++++1808+carlos+iv\/-3%2C-1%2C0%2CB\/exact&amp;FF=despan~aa+historia+++++1788+++++1808+carlos+iv&amp;1%2C40%2C\" target=\"_blank\">Historia de Espa\u00f1a \u00a01788-1808 (Carlos IV)<\/a><\/p>\n<p>&nbsp;<\/p>\n<p>Fuentes:<\/p>\n<p><a href=\"http:\/\/blogs.20minutos.es\/yaestaellistoquetodolosabe\/por-que-la-guerra-de-las-naranjas-se-llamo-asi\/\">http:\/\/blogs.20minutos.es\/yaestaellistoquetodolosabe\/por-que-la-guerra-de-las-naranjas-se-llamo-asi\/<\/a><\/p>\n<p>http:\/\/historia09-10.blogspot.com.es\/2010\/10\/la-guerra-de-las-naranjas.html<\/p>\n<p><a href=\"http:\/\/www.artehistoria.com\/v2\/contextos\/6862.htm\">http:\/\/www.artehistoria.com\/v2\/contextos\/6862.htm<\/a><\/p>\n<p>http:\/\/historiasdebadajoz.blogspot.com.es\/2011\/01\/la-guerra-de-las-naranjas-de-1801.html<\/p>\n<p>&nbsp;<\/p>\n<p>&nbsp;<\/p>\n<p>&nbsp;<\/p>\n<p>&nbsp;<\/p>\n<p>&nbsp;<\/p>\n<p>&nbsp;<\/p>\n<p>&nbsp;<\/p>\n<p>&nbsp;<\/p>\n<p>&nbsp;<\/p>\n","protected":false},"excerpt":{"rendered":"<p>\u201c\u2026Las tropas que atacaron al momento de o\u00edr mi voz luego que llegu\u00e9 \u00e1 la vanguardia, me han regalado de los jardines de Elvas dos ramos de naranjas, que yo presento \u00e1 S. M. la Reina.\u201d. Carta de Godoy a S.M. La Guerra de la Naranjas fue un corto enfrentamiento b\u00e9lico entre Espa\u00f1a y Portugal,&nbsp;<span class=\"excerpt_more\"><a href=\"https:\/\/www.uhu.es\/biblioteca\/labuhardilla\/?p=4009\">[Seguir leyendo&#8230;]<\/a><\/span><\/p>\n","protected":false},"author":4,"featured_media":4016,"comment_status":"open","ping_status":"open","sticky":false,"template":"","format":"standard","meta":{"_s2mail":"yes"},"categories":[6,5],"tags":[192,191,105],"_links":{"self":[{"href":"https:\/\/www.uhu.es\/biblioteca\/labuhardilla\/index.php?rest_route=\/wp\/v2\/posts\/4009"}],"collection":[{"href":"https:\/\/www.uhu.es\/biblioteca\/labuhardilla\/index.php?rest_route=\/wp\/v2\/posts"}],"about":[{"href":"https:\/\/www.uhu.es\/biblioteca\/labuhardilla\/index.php?rest_route=\/wp\/v2\/types\/post"}],"author":[{"embeddable":true,"href":"https:\/\/www.uhu.es\/biblioteca\/labuhardilla\/index.php?rest_route=\/wp\/v2\/users\/4"}],"replies":[{"embeddable":true,"href":"https:\/\/www.uhu.es\/biblioteca\/labuhardilla\/index.php?rest_route=%2Fwp%2Fv2%2Fcomments&post=4009"}],"version-history":[{"count":34,"href":"https:\/\/www.uhu.es\/biblioteca\/labuhardilla\/index.php?rest_route=\/wp\/v2\/posts\/4009\/revisions"}],"predecessor-version":[{"id":4045,"href":"https:\/\/www.uhu.es\/biblioteca\/labuhardilla\/index.php?rest_route=\/wp\/v2\/posts\/4009\/revisions\/4045"}],"wp:featuredmedia":[{"embeddable":true,"href":"https:\/\/www.uhu.es\/biblioteca\/labuhardilla\/index.php?rest_route=\/wp\/v2\/media\/4016"}],"wp:attachment":[{"href":"https:\/\/www.uhu.es\/biblioteca\/labuhardilla\/index.php?rest_route=%2Fwp%2Fv2%2Fmedia&parent=4009"}],"wp:term":[{"taxonomy":"category","embeddable":true,"href":"https:\/\/www.uhu.es\/biblioteca\/labuhardilla\/index.php?rest_route=%2Fwp%2Fv2%2Fcategories&post=4009"},{"taxonomy":"post_tag","embeddable":true,"href":"https:\/\/www.uhu.es\/biblioteca\/labuhardilla\/index.php?rest_route=%2Fwp%2Fv2%2Ftags&post=4009"}],"curies":[{"name":"wp","href":"https:\/\/api.w.org\/{rel}","templated":true}]}}