{"id":4051,"date":"2016-06-27T10:58:18","date_gmt":"2016-06-27T10:58:18","guid":{"rendered":"http:\/\/www.uhu.es\/biblioteca\/labuhardilla\/?p=4051"},"modified":"2016-06-27T10:58:18","modified_gmt":"2016-06-27T10:58:18","slug":"comunicar-revista-cientifica-jcr-q1-editada-en-huelva","status":"publish","type":"post","link":"https:\/\/www.uhu.es\/biblioteca\/labuhardilla\/?p=4051","title":{"rendered":"\u00abComunicar\u00bb: revista cient\u00edfica JCR-Q1,  editada en Huelva"},"content":{"rendered":"<div>\n<h4 style=\"text-align: justify;\" align=\"center\"><a href=\"http:\/\/www.uhu.es\/biblioteca\/labuhardilla\/wp-content\/uploads\/2016\/06\/Comunicar.png\" rel='prettyPhoto[gallery1]'><img loading=\"lazy\" class=\"alignleft size-full wp-image-4052\" title=\"Comunicar\" src=\"http:\/\/www.uhu.es\/biblioteca\/labuhardilla\/wp-content\/uploads\/2016\/06\/Comunicar.png\" alt=\"\" width=\"400\" height=\"300\" \/><br \/>\n<\/a><strong style=\"font-size: 1em; color: #008000;\">Historia<\/strong><\/h4>\n<\/div>\n<p>La revista biling\u00fce trimestral \u00abComunicar\u00bb fue fundada en 1993, como buque insignia del Grupo Comunicar, por el actual director de la misma, el Catedr\u00e1tico de la Universidad de Huelva, Dr. Ignacio Aguaded. La gesti\u00f3n fundamental recae sobre su editor jefe, sus editores adjuntos y su t\u00e9cnico de gesti\u00f3n, pero el <a title=\"Organigrama\" href=\"http:\/\/www.revistacomunicar.com\/index.php?contenido=organigrama\" target=\"_blank\">organigrama<\/a> de \u00abComunicar\u00bb revela una amplia red internacional de expertos colaboradores en sus Comit\u00e9s Cient\u00edfico, de Redacci\u00f3n y de Revisores Internacionales. Este organigrama se complementa con las <a title=\"Coediciones internacionales\" href=\"http:\/\/www.revistacomunicar.com\/index.php?contenido=coediciones\" target=\"_blank\">coediciones internacionales<\/a> inglesa, china, brasile\u00f1a y ecuatoriana.<\/p>\n<h4><span style=\"color: #008000;\"><strong>Tem\u00e1tica<\/strong><\/span><\/h4>\n<p>\u00abComunicar\u00bb recoge una problem\u00e1tica de car\u00e1cter internacional, interdisciplinar y notable incidencia en la sociedad actual, como es la presencia de los medios de comunicaci\u00f3n y las tecnolog\u00edas de la informaci\u00f3n en el contexto contempor\u00e1neo y la necesidad de una educaci\u00f3n para su consumo inteligente desde cualquier \u00e1rea del saber. En sus dos secciones, monograf\u00eda y miscel\u00e1nea, prevalece la investigaci\u00f3n sobre tem\u00e1ticas espec\u00edficas de este campo de estudio que favorecen la discusi\u00f3n y el debate entre la comunidad cient\u00edfica. En sus p\u00e1ginas, los autores cuentan en <a title=\"espa\u00f1ol\" href=\"http:\/\/www.revistacomunicar.com\/index.php?contenido=revista&amp;numero=actual\" target=\"_blank\">espa\u00f1ol<\/a> y en <a title=\"ingl\u00e9s\" href=\"http:\/\/www.revistacomunicar.com\/index.php?contenido=revista&amp;numero=actual&amp;idioma=en\" target=\"_blank\">ingl\u00e9s<\/a> con un foro de reflexi\u00f3n cr\u00edtica de alta calificaci\u00f3n cient\u00edfica que recoge el estado de la cuesti\u00f3n con el fin de fomentar una ciudadan\u00eda m\u00e1s responsable con los medios y las tecnolog\u00edas de la comunicaci\u00f3n. Este foro de debate internacional se ve especialmente en los distintos blogs en <a title=\"espa\u00f1ol\" href=\"https:\/\/revistacomunicar.wordpress.com\/\" target=\"_blank\">espa\u00f1ol<\/a>, <a title=\"ingl\u00e9s\" href=\"https:\/\/comunicarjournal.wordpress.com\/\" target=\"_blank\">ingl\u00e9s<\/a>, <a title=\"chino\" href=\"http:\/\/www.weibo.com\/grupocomunicar?is_hot=1\" target=\"_blank\">chino<\/a> y <a title=\"portugu\u00e9s\" href=\"https:\/\/revistacomunicarbrasil.wordpress.com\/\" target=\"_blank\">portugu\u00e9s<\/a> donde colaboran expertos desde los continentes europeo, asi\u00e1tico y americano.<\/p>\n<h4><strong style=\"font-size: 1em; color: #008000;\">Presentaci\u00f3n<\/strong><\/h4>\n<p>\u00abComunicar\u00bb es editada por Grupo Comunicar Ediciones y mantiene su publicaci\u00f3n de n\u00fameros con una rigurosa periodicidad desde su nacimiento en 1993. En 23 a\u00f1os se han editado 48 n\u00fameros de manera totalmente regular. Digitalmente y de forma gratuita, es accesible a texto completo en ingl\u00e9s y espa\u00f1ol, con t\u00edtulos, abstracts y palabras clave tambi\u00e9n en <a title=\"chino\" href=\"http:\/\/www.revistacomunicar.com\/index.php?idioma=cn\" target=\"_blank\">chino<\/a> y en <a title=\"portugu\u00e9s\" href=\"http:\/\/www.revistacomunicar.com\/index.php?&amp;idioma=pt\" target=\"_blank\">portugu\u00e9s<\/a>. Sus ediciones impresas son en espa\u00f1ol e ingl\u00e9s. \u00abComunicar\u00bb est\u00e1 presente en sus distintas versiones multiling\u00fces en redes sociales comunes como Facebook, Twitter, LinKedin, y cient\u00edficas como ResearchGate, Cosis, Mendeley y Academia.Edu. Cuenta adem\u00e1s con la sindicaci\u00f3n de contenidos en RSS y con un canal audiovisual propio en Youtube en el que se publican fundamentalmente los distintos <a title=\"Call for papers\" href=\"http:\/\/www.revistacomunicar.com\/index.php?contenido=proximos\" target=\"_blank\">Call for Papers<\/a>.<\/p>\n<p>En cuanto a indexaciones, \u00abComunicar\u00bb est\u00e1 en las categor\u00edas de educaci\u00f3n, comunicaci\u00f3n y estudios culturales en 312 plataformas de evaluaci\u00f3n de revistas, directorios selectivos, portales especializados, cat\u00e1logos hemerogr\u00e1ficos y <a title=\"bases de datos selectivas\" href=\"http:\/\/www.revistacomunicar.com\/index.php?contenido=indexaciones\" target=\"_blank\">bases de datos selectivas<\/a> entre las que destacan Social Sciences Citation Index y Scopus. Recientemente \u00abComunicar\u00bb ha recibido el reconocimiento m\u00e1s alto de valoraci\u00f3n en el Journal Citation Reports, pasando a ser parte del club selectivo del JCR-Q1 (primer cuartil) con un factor de impacto de 1.438. Este posicionamiento se alcanza tanto en Education &amp; Educational Research como en Communication (dos \u00e1reas diferenciadas).<\/p>\n<p>La revista \u201cComunicar\u201d pasa a ser la \u00fanica revista en Ciencias Sociales de Espa\u00f1a y de todo el \u00e1mbito latinoamericano que ostenta esta alta indexaci\u00f3n. Todo ello ha sido posible desde una pol\u00edtica de Open Access y de construcci\u00f3n colectiva y solidaria de la ciencia, con el m\u00e1ximo rigor y c\u00f3digo \u00e9tico de puntualidad y transparencia.<\/p>\n<p>Los lectores que deseen encontrar alguna tem\u00e1tica espec\u00edfica relacionada con la educaci\u00f3n en medios tienen a su disposici\u00f3n de forma gratuita <a title=\"hemeroteca\" href=\"http:\/\/www.revistacomunicar.com\/index.php?contenido=buscar\" target=\"_blank\">nuestra hemeroteca<\/a> con m\u00e1s de 1600 art\u00edculos tanto en espa\u00f1ol como en ingl\u00e9s.<\/p>\n<p>&nbsp;<\/p>\n<p style=\"text-align: right;\">\u00a0<strong><em>Dra. M.Carmen Fonseca Mora, coeditora internacional<\/em><\/strong><\/p>\n<p><iframe loading=\"lazy\" src=\"https:\/\/www.youtube.com\/embed\/dmjfP1NJxeo?feature=player_embedded\" frameborder=\"0\" width=\"640\" height=\"360\"><\/iframe><\/p>\n<div class=\"mceTemp\">\n<dl id=\"attachment_4065\" class=\"wp-caption alignleft\" style=\"width: 216px;\">\n<dt class=\"wp-caption-dt\"><\/dt>\n<dd class=\"wp-caption-dd\">Imagen revistacomunicar.com<\/dd>\n<\/dl>\n<\/div>\n","protected":false},"excerpt":{"rendered":"<p>Historia La revista biling\u00fce trimestral \u00abComunicar\u00bb fue fundada en 1993, como buque insignia del Grupo Comunicar, por el actual director de la misma, el Catedr\u00e1tico de la Universidad de Huelva, Dr. Ignacio Aguaded. La gesti\u00f3n fundamental recae sobre su editor jefe, sus editores adjuntos y su t\u00e9cnico de gesti\u00f3n, pero el organigrama de \u00abComunicar\u00bb revela&nbsp;<span class=\"excerpt_more\"><a href=\"https:\/\/www.uhu.es\/biblioteca\/labuhardilla\/?p=4051\">[Seguir leyendo&#8230;]<\/a><\/span><\/p>\n","protected":false},"author":4,"featured_media":4065,"comment_status":"open","ping_status":"open","sticky":false,"template":"","format":"standard","meta":{"_s2mail":"yes"},"categories":[6,5],"tags":[194,193,195,12],"_links":{"self":[{"href":"https:\/\/www.uhu.es\/biblioteca\/labuhardilla\/index.php?rest_route=\/wp\/v2\/posts\/4051"}],"collection":[{"href":"https:\/\/www.uhu.es\/biblioteca\/labuhardilla\/index.php?rest_route=\/wp\/v2\/posts"}],"about":[{"href":"https:\/\/www.uhu.es\/biblioteca\/labuhardilla\/index.php?rest_route=\/wp\/v2\/types\/post"}],"author":[{"embeddable":true,"href":"https:\/\/www.uhu.es\/biblioteca\/labuhardilla\/index.php?rest_route=\/wp\/v2\/users\/4"}],"replies":[{"embeddable":true,"href":"https:\/\/www.uhu.es\/biblioteca\/labuhardilla\/index.php?rest_route=%2Fwp%2Fv2%2Fcomments&post=4051"}],"version-history":[{"count":34,"href":"https:\/\/www.uhu.es\/biblioteca\/labuhardilla\/index.php?rest_route=\/wp\/v2\/posts\/4051\/revisions"}],"predecessor-version":[{"id":4095,"href":"https:\/\/www.uhu.es\/biblioteca\/labuhardilla\/index.php?rest_route=\/wp\/v2\/posts\/4051\/revisions\/4095"}],"wp:featuredmedia":[{"embeddable":true,"href":"https:\/\/www.uhu.es\/biblioteca\/labuhardilla\/index.php?rest_route=\/wp\/v2\/media\/4065"}],"wp:attachment":[{"href":"https:\/\/www.uhu.es\/biblioteca\/labuhardilla\/index.php?rest_route=%2Fwp%2Fv2%2Fmedia&parent=4051"}],"wp:term":[{"taxonomy":"category","embeddable":true,"href":"https:\/\/www.uhu.es\/biblioteca\/labuhardilla\/index.php?rest_route=%2Fwp%2Fv2%2Fcategories&post=4051"},{"taxonomy":"post_tag","embeddable":true,"href":"https:\/\/www.uhu.es\/biblioteca\/labuhardilla\/index.php?rest_route=%2Fwp%2Fv2%2Ftags&post=4051"}],"curies":[{"name":"wp","href":"https:\/\/api.w.org\/{rel}","templated":true}]}}