{"id":4237,"date":"2016-10-27T10:58:15","date_gmt":"2016-10-27T10:58:15","guid":{"rendered":"http:\/\/www.uhu.es\/biblioteca\/labuhardilla\/?p=4237"},"modified":"2016-10-27T10:58:51","modified_gmt":"2016-10-27T10:58:51","slug":"juan-pedro-bolivar-raya","status":"publish","type":"post","link":"https:\/\/www.uhu.es\/biblioteca\/labuhardilla\/?p=4237","title":{"rendered":"Juan Pedro Bol\u00edvar Raya"},"content":{"rendered":"<p><a href=\"http:\/\/www.uhu.es\/biblioteca\/labuhardilla\/wp-content\/uploads\/2016\/10\/14825666_1191877760855525_1632966464_n.jpg\" rel='prettyPhoto[gallery1]'><img loading=\"lazy\" class=\"alignleft size-full wp-image-4243\" title=\"Juan Pedro Bol\u00edvar Raya\" src=\"http:\/\/www.uhu.es\/biblioteca\/labuhardilla\/wp-content\/uploads\/2016\/10\/14825666_1191877760855525_1632966464_n.jpg\" alt=\"\" width=\"180\" height=\"180\" srcset=\"https:\/\/www.uhu.es\/biblioteca\/labuhardilla\/wp-content\/uploads\/2016\/10\/14825666_1191877760855525_1632966464_n.jpg 180w, https:\/\/www.uhu.es\/biblioteca\/labuhardilla\/wp-content\/uploads\/2016\/10\/14825666_1191877760855525_1632966464_n-150x150.jpg 150w, https:\/\/www.uhu.es\/biblioteca\/labuhardilla\/wp-content\/uploads\/2016\/10\/14825666_1191877760855525_1632966464_n-85x85.jpg 85w\" sizes=\"(max-width: 180px) 100vw, 180px\" \/><\/a>En esta entrada queremos difundir la labor investigadora del profesor Juan Pedro Bol\u00edvar Raya as\u00ed como sus publicaciones sobre la misma.<\/p>\n<p><strong><span style=\"color: #333399;\">Juan Pedro Bol\u00edvar<\/span><\/strong> es Doctor en F\u00edsica por la Universidad de Sevilla, y profesor del Departamento de F\u00edsica Aplicada de la Facultad de Ciencias Experimentales de la Universidad de Huelva. Miembro del Grupo de Investigaci\u00f3n\u00a0<strong>F\u00edsica de Radiaciones y Medio Ambiente,\u00a0<\/strong>grupo responsable del \u201cLaboratorio de Radiactividad Ambiental de \u00a0la Universidad de Huelva&#8221;, el cual est\u00e1 adscrito a los Servicios Generales de Investigaci\u00f3n de la UHU, y presta servicios externos para la medida de radionucleidos en diferentes tipos de muestras (aguas, s\u00f3lidas, filtros atmosf\u00e9ricos, etc.) y en protecci\u00f3n radiol\u00f3gica, tanto a empresas como instituciones externas a la UHU.<\/p>\n<p><a href=\"http:\/\/www.uhu.es\/biblioteca\/labuhardilla\/wp-content\/uploads\/2016\/10\/radiaciones-12-638.jpg\" rel='prettyPhoto[gallery1]'><img loading=\"lazy\" class=\"alignright size-medium wp-image-4245\" title=\"radiaciones-12-638\" src=\"http:\/\/www.uhu.es\/biblioteca\/labuhardilla\/wp-content\/uploads\/2016\/10\/radiaciones-12-638-300x225.jpg\" alt=\"\" width=\"300\" height=\"225\" srcset=\"https:\/\/www.uhu.es\/biblioteca\/labuhardilla\/wp-content\/uploads\/2016\/10\/radiaciones-12-638-300x225.jpg 300w, https:\/\/www.uhu.es\/biblioteca\/labuhardilla\/wp-content\/uploads\/2016\/10\/radiaciones-12-638.jpg 638w\" sizes=\"(max-width: 300px) 100vw, 300px\" \/><\/a>Es uno de los mayores expertos de la UHU en <strong><span style=\"color: #ff6600;\">radiactividad natural y residuos industriales<\/span><\/strong>. Recientemente ha sido reconocido con el <span style=\"color: #008000;\"><strong><a title=\"Premio a la investigaci\u00f3n\" href=\"http:\/\/aiqbe.es\/novedad\/la-catedra-aiqbe-reconoce-la-trayectoria-investigadora-de-los-profesores-bolivar-y-aguaded\/6\" target=\"_blank\">Premio a la Investigaci\u00f3n Cient\u00edfico- Tecnol\u00f3gica de la C\u00e1tedra AIQBE<\/a><\/strong><\/span>. En esta l\u00ednea, se encuentra al frente de un nuevo proyecto de investigaci\u00f3n concedido por la Secretar\u00eda de Estado de Investigaci\u00f3n, Desarrollo e Innovaci\u00f3n del Ministerio de Econom\u00eda y Competitividad (Mineco) y titulado\u00a0<strong>\u2018Flujos de radionucleidos emitidos por las balsas de fosfoyesos de Huelva; evaluaci\u00f3n de su dispersi\u00f3n, riesgos radiol\u00f3gicos y propuestas de restauraci\u00f3n\u2019<\/strong>. El objetivo de este proyecto ser\u00eda\u00a0<strong>evaluar la cantidad total de radioactividad que se libera al cabo de un a\u00f1o en las balsas a partir de sus par\u00e1metros hidrodin\u00e1micos<\/strong>. Tras ello se evaluar\u00e1n qu\u00e9 condiciones de restauraci\u00f3n o sellado pueden ser las mejores. \u00a0Este estudio es una continuaci\u00f3n de un proyecto anterior que tambi\u00e9n dirigi\u00f3 Bol\u00edvar Raya entre los a\u00f1os 2011 y 2014 y que llevaba por nombre \u2018Caracterizaci\u00f3n de las balsas de fosfoyesos de Huelva para su gesti\u00f3n y control ambiental\u2019 y\u00a0su conclusi\u00f3n m\u00e1s destacada fue que\u00a0<strong>la radiactividad de las balsas que llega a Huelva es indistinguible de su fondo radiactivo natural.<a href=\"http:\/\/www.uhu.es\/biblioteca\/labuhardilla\/wp-content\/uploads\/2016\/10\/Fosfoyesos-300x174.jpg\" rel='prettyPhoto[gallery1]'><img loading=\"lazy\" class=\"alignleft size-full wp-image-4244\" title=\"Fosfoyesos-300x174\" src=\"http:\/\/www.uhu.es\/biblioteca\/labuhardilla\/wp-content\/uploads\/2016\/10\/Fosfoyesos-300x174.jpg\" alt=\"\" width=\"300\" height=\"174\" \/><\/a><br \/>\n<\/strong><\/p>\n<p>En los 24 a\u00f1os de carrera investigadora ha publicado m\u00e1s de cien trabajos en revistas internacionales (<em>Web of Science<\/em> de <em>Thomson Reuters<\/em>), junto a otras tantas comunicaciones a congresos (tanto internacionales como de car\u00e1cter nacional), que versan sobre radiactividad natural y sus aplicaciones, contaminaci\u00f3n atmosf\u00e9rica y caracterizaci\u00f3n y valorizaci\u00f3n de residuos (entre ellos los residuos NORM). Ha dirigido unos 7 proyectos competitivos de car\u00e1cter nacional y\/o auton\u00f3mico, y m\u00e1s de 20 proyectos con empresas y\/o instituciones.<\/p>\n<p>Pod\u00e9is encontrar sus publicaciones aqu\u00ed:<\/p>\n<p><a title=\"Juan Pedro Bol\u00edvar en Columbus\" href=\"http:\/\/columbus.uhu.es\/search~S1*spi?\/aBol%7bu00ED%7dvar+Raya,+Juan+Pedro\/abolivar+raya+juan+pedro\/1%2C1%2C43%2CB\/exact&amp;FF=abolivar+raya+juan+pedro&amp;1%2C-1%2C\/indexsort=r\" target=\"_blank\">Juan Pedro Bol\u00edvar en nuestro cat\u00e1logo Columbus<\/a><\/p>\n<p><a title=\"Juan Pedro Bol\u00edvar en dialnet\" href=\"https:\/\/dialnet.unirioja.es\/servlet\/autor?codigo=1007288\" target=\"_blank\">Publicaciones de Juan Pedro Bol\u00edvar en Dialnet<\/a><\/p>\n<p>&nbsp;<\/p>\n<p>&nbsp;<\/p>\n<p>Im\u00e1genes:<\/p>\n<p><a href=\"http:\/\/huelvabuenasnoticias.com\/2016\/07\/05\/juan-pedro-bolivar-dirige-un-nuevo-proyecto-de-investigacion-en-torno-a-las-balsas-de-fosfoyesos\/\" target=\"_blank\">huelvabuenasnoticias.es<\/a><\/p>\n<p><a href=\"https:\/\/www.researchgate.net\/profile\/Juan_Bolivar\" target=\"_blank\">researchgate.net\/profile\/Juan_Bolivar<\/a><\/p>\n<p><a tabindex=\"0\" href=\"https:\/\/www.google.es\/url?sa=i&amp;rct=j&amp;q=&amp;esrc=s&amp;source=images&amp;cd=&amp;cad=rja&amp;uact=8&amp;ved=&amp;url=http%3A%2F%2Fradiactividadatualcance.blogspot.com%2F2014%2F02%2Festamos-expuestos-la-radiacion.html&amp;psig=AFQjCNGQS1-dxsYsTM3OKx5ig1-Jp_Bk4g&amp;ust=1477649743361682\" rel=\"noopener\" target=\"_blank\" data-noload=\"\" data-href=\"http:\/\/radiactividadatualcance.blogspot.com\/2014\/02\/estamos-expuestos-la-radiacion.html\">radiactividadatualcance.blogspot.com<\/a><\/p>\n<p>slidesharecdn.com<\/p>\n<p>&nbsp;<\/p>\n<p>&nbsp;<\/p>\n<p>&nbsp;<\/p>\n<p>&nbsp;<\/p>\n<div><\/div>\n","protected":false},"excerpt":{"rendered":"<p>En esta entrada queremos difundir la labor investigadora del profesor Juan Pedro Bol\u00edvar Raya as\u00ed como sus publicaciones sobre la misma. Juan Pedro Bol\u00edvar es Doctor en F\u00edsica por la Universidad de Sevilla, y profesor del Departamento de F\u00edsica Aplicada de la Facultad de Ciencias Experimentales de la Universidad de Huelva. Miembro del Grupo de&nbsp;<span class=\"excerpt_more\"><a href=\"https:\/\/www.uhu.es\/biblioteca\/labuhardilla\/?p=4237\">[Seguir leyendo&#8230;]<\/a><\/span><\/p>\n","protected":false},"author":2,"featured_media":4246,"comment_status":"open","ping_status":"open","sticky":false,"template":"","format":"standard","meta":{"_s2mail":"yes"},"categories":[6,4],"tags":[11,13,198,12],"_links":{"self":[{"href":"https:\/\/www.uhu.es\/biblioteca\/labuhardilla\/index.php?rest_route=\/wp\/v2\/posts\/4237"}],"collection":[{"href":"https:\/\/www.uhu.es\/biblioteca\/labuhardilla\/index.php?rest_route=\/wp\/v2\/posts"}],"about":[{"href":"https:\/\/www.uhu.es\/biblioteca\/labuhardilla\/index.php?rest_route=\/wp\/v2\/types\/post"}],"author":[{"embeddable":true,"href":"https:\/\/www.uhu.es\/biblioteca\/labuhardilla\/index.php?rest_route=\/wp\/v2\/users\/2"}],"replies":[{"embeddable":true,"href":"https:\/\/www.uhu.es\/biblioteca\/labuhardilla\/index.php?rest_route=%2Fwp%2Fv2%2Fcomments&post=4237"}],"version-history":[{"count":16,"href":"https:\/\/www.uhu.es\/biblioteca\/labuhardilla\/index.php?rest_route=\/wp\/v2\/posts\/4237\/revisions"}],"predecessor-version":[{"id":4258,"href":"https:\/\/www.uhu.es\/biblioteca\/labuhardilla\/index.php?rest_route=\/wp\/v2\/posts\/4237\/revisions\/4258"}],"wp:featuredmedia":[{"embeddable":true,"href":"https:\/\/www.uhu.es\/biblioteca\/labuhardilla\/index.php?rest_route=\/wp\/v2\/media\/4246"}],"wp:attachment":[{"href":"https:\/\/www.uhu.es\/biblioteca\/labuhardilla\/index.php?rest_route=%2Fwp%2Fv2%2Fmedia&parent=4237"}],"wp:term":[{"taxonomy":"category","embeddable":true,"href":"https:\/\/www.uhu.es\/biblioteca\/labuhardilla\/index.php?rest_route=%2Fwp%2Fv2%2Fcategories&post=4237"},{"taxonomy":"post_tag","embeddable":true,"href":"https:\/\/www.uhu.es\/biblioteca\/labuhardilla\/index.php?rest_route=%2Fwp%2Fv2%2Ftags&post=4237"}],"curies":[{"name":"wp","href":"https:\/\/api.w.org\/{rel}","templated":true}]}}