{"id":4316,"date":"2016-11-25T12:03:15","date_gmt":"2016-11-25T12:03:15","guid":{"rendered":"http:\/\/www.uhu.es\/biblioteca\/labuhardilla\/?p=4316"},"modified":"2016-11-25T13:27:41","modified_gmt":"2016-11-25T13:27:41","slug":"casa-de-isla-negra","status":"publish","type":"post","link":"https:\/\/www.uhu.es\/biblioteca\/labuhardilla\/?p=4316","title":{"rendered":"Casa de Isla Negra"},"content":{"rendered":"<p><em><a href=\"http:\/\/www.uhu.es\/biblioteca\/labuhardilla\/wp-content\/uploads\/2016\/11\/Playa1.jpg\" rel='prettyPhoto[gallery1]'><img loading=\"lazy\" class=\"alignleft size-medium wp-image-4326\" title=\"Isla Negra\" src=\"http:\/\/www.uhu.es\/biblioteca\/labuhardilla\/wp-content\/uploads\/2016\/11\/Playa1-300x210.jpg\" alt=\"\" width=\"300\" height=\"210\" srcset=\"https:\/\/www.uhu.es\/biblioteca\/labuhardilla\/wp-content\/uploads\/2016\/11\/Playa1-300x210.jpg 300w, https:\/\/www.uhu.es\/biblioteca\/labuhardilla\/wp-content\/uploads\/2016\/11\/Playa1-1024x718.jpg 1024w\" sizes=\"(max-width: 300px) 100vw, 300px\" \/><\/a>\u201cEl oc\u00e9ano Pac\u00edfico se sal\u00eda del mapa. No hab\u00eda d\u00f3nde ponerlo. Era tan grande, desordenado y azul que no cab\u00eda en ninguna parte. Por eso lo dejaron frente a mi ventana\u201d<\/em>. Pablo Neruda<\/p>\n<p>Seguimos visitando las casas de Pablo Neruda, empezamos con<a title=\"La Sebastiana\" href=\"http:\/\/www.uhu.es\/biblioteca\/labuhardilla\/?p=4118\" target=\"_blank\"> La Sebastiana<\/a> y vamos a continuar con la Casa de Isla Negra.<\/p>\n<p>Est\u00e1 situada en la comuna de <a title=\"El Quisco\" href=\"https:\/\/es.wikipedia.org\/wiki\/El_Quisco\" target=\"_blank\">El Quisco<\/a>, <a href=\"https:\/\/es.wikipedia.org\/wiki\/Provincia_de_San_Antonio\">provincia de San Antonio<\/a>, <a href=\"https:\/\/es.wikipedia.org\/wiki\/V_Regi%C3%B3n_de_Valpara%C3%ADso\">Regi\u00f3n de Valpara\u00edso<\/a>.<\/p>\n<p>Neruda compr\u00f3 esta casa en 1939 a Don Eladio Sobrino ,viejo capit\u00e1n de nav\u00edo espa\u00f1ol, luego ampliada por el arquitecto catal\u00e1n Germ\u00e1n Rodr\u00edguez Arias.<\/p>\n<p>Fue su casa favorita y el lugar donde \u00e9l y su tercera esposa, <a title=\"Matilde Urrutia\" href=\"https:\/\/es.wikipedia.org\/wiki\/Matilde_Urrutia\" target=\"_blank\">Matilde Urrutia<\/a>, pasaron la mayor parte de su tiempo en Chile y donde yacen los restos del poeta junto a los de su esposa.<a href=\"http:\/\/www.uhu.es\/biblioteca\/labuhardilla\/wp-content\/uploads\/2016\/11\/Pablo-y-Matilde.jpg\" rel='prettyPhoto[gallery1]'><img loading=\"lazy\" class=\"alignright size-medium wp-image-4327\" title=\"Pablo y Matilde\" src=\"http:\/\/www.uhu.es\/biblioteca\/labuhardilla\/wp-content\/uploads\/2016\/11\/Pablo-y-Matilde-300x217.jpg\" alt=\"\" width=\"300\" height=\"217\" srcset=\"https:\/\/www.uhu.es\/biblioteca\/labuhardilla\/wp-content\/uploads\/2016\/11\/Pablo-y-Matilde-300x217.jpg 300w, https:\/\/www.uhu.es\/biblioteca\/labuhardilla\/wp-content\/uploads\/2016\/11\/Pablo-y-Matilde-1024x740.jpg 1024w\" sizes=\"(max-width: 300px) 100vw, 300px\" \/><\/a><\/p>\n<p>Pablo Neruda se instal\u00f3 en esta zona cuando regres\u00f3 de uno de sus viajes fuera del pa\u00eds, en el a\u00f1o 1937, en busca de un lugar id\u00f3neo para escribir su <em><a title=\"Canto General\" href=\"http:\/\/columbus.uhu.es\/record=b1242694~S1*spi\" target=\"_blank\">Canto General,<\/a><\/em> libro sobre la historia y la naturaleza americana.<\/p>\n<p>En la casa se exhiben una gran cantidad de objetos que \u00a0reuni\u00f3 durante toda su vida, entre las que destaca la colecci\u00f3n de barcos en botellas, conchas y <a title=\"Mascarones de proa\" href=\"https:\/\/es.wikipedia.org\/wiki\/Mascar%C3%B3n_de_proa\" target=\"_blank\">mascarones de proa<\/a>.<br \/>\n<a href=\"http:\/\/www.uhu.es\/biblioteca\/labuhardilla\/wp-content\/uploads\/2016\/11\/Botellas.jpg\" rel='prettyPhoto[gallery1]'><img loading=\"lazy\" class=\"alignleft size-medium wp-image-4330\" title=\"Colecci\u00f3n de botellas\" src=\"http:\/\/www.uhu.es\/biblioteca\/labuhardilla\/wp-content\/uploads\/2016\/11\/Botellas-300x195.jpg\" alt=\"\" width=\"300\" height=\"195\" srcset=\"https:\/\/www.uhu.es\/biblioteca\/labuhardilla\/wp-content\/uploads\/2016\/11\/Botellas-300x195.jpg 300w, https:\/\/www.uhu.es\/biblioteca\/labuhardilla\/wp-content\/uploads\/2016\/11\/Botellas-1024x668.jpg 1024w\" sizes=\"(max-width: 300px) 100vw, 300px\" \/><\/a><\/p>\n<p>&nbsp;<\/p>\n<p>&#8220;<em>La casa &#8230; No s\u00e9 cuando me naci\u00f3.. Era a media tarde, llegamos a caballo por aquellas soledades &#8230; Don Eladio iba delante, vadeando el estero de C\u00f3rdoba que se hab\u00eda crecido &#8230;Por primera vez sent\u00ed como una punzada este olor a invierno marino, mezcla de boldo y arena salada, algas y cardos&#8230;Aqu\u00ed, dijo don Eladio Sobrino (navegante) y all\u00ed nos quedamos. Luego la casa fue creciendo, como la gente, como los \u00e1rboles.&#8221;\u00a0<a title=\"Una casa en la arena\" href=\"http:\/\/columbus.uhu.es\/record=b1226919~S1*spi\" target=\"_blank\">Una casa en la arena<\/a><\/em><\/p>\n<p><a title=\"Pablo Neruda\" href=\"http:\/\/bit.ly\/2fy6vJv\" target=\"_blank\">M\u00e1s sobre Pablo Neruda en la BUH\u00a0<\/a><\/p>\n<p>&nbsp;<\/p>\n<p><a href=\"http:\/\/www.uhu.es\/biblioteca\/labuhardilla\/wp-content\/uploads\/2016\/11\/Isla-negra.jpg\" rel='prettyPhoto[gallery1]'><img loading=\"lazy\" class=\"aligncenter size-large wp-image-4332\" title=\"Isla negra\" src=\"http:\/\/www.uhu.es\/biblioteca\/labuhardilla\/wp-content\/uploads\/2016\/11\/Isla-negra-1024x568.jpg\" alt=\"Im\u00e1genes de Pinterest\" width=\"624\" height=\"468\" \/><\/a><\/p>\n<p>&nbsp;<\/p>\n","protected":false},"excerpt":{"rendered":"<p>\u201cEl oc\u00e9ano Pac\u00edfico se sal\u00eda del mapa. No hab\u00eda d\u00f3nde ponerlo. Era tan grande, desordenado y azul que no cab\u00eda en ninguna parte. Por eso lo dejaron frente a mi ventana\u201d. Pablo Neruda Seguimos visitando las casas de Pablo Neruda, empezamos con La Sebastiana y vamos a continuar con la Casa de Isla Negra. Est\u00e1&nbsp;<span class=\"excerpt_more\"><a href=\"https:\/\/www.uhu.es\/biblioteca\/labuhardilla\/?p=4316\">[Seguir leyendo&#8230;]<\/a><\/span><\/p>\n","protected":false},"author":4,"featured_media":4343,"comment_status":"open","ping_status":"open","sticky":false,"template":"","format":"standard","meta":{"_s2mail":"yes"},"categories":[6,5],"tags":[200,197],"_links":{"self":[{"href":"https:\/\/www.uhu.es\/biblioteca\/labuhardilla\/index.php?rest_route=\/wp\/v2\/posts\/4316"}],"collection":[{"href":"https:\/\/www.uhu.es\/biblioteca\/labuhardilla\/index.php?rest_route=\/wp\/v2\/posts"}],"about":[{"href":"https:\/\/www.uhu.es\/biblioteca\/labuhardilla\/index.php?rest_route=\/wp\/v2\/types\/post"}],"author":[{"embeddable":true,"href":"https:\/\/www.uhu.es\/biblioteca\/labuhardilla\/index.php?rest_route=\/wp\/v2\/users\/4"}],"replies":[{"embeddable":true,"href":"https:\/\/www.uhu.es\/biblioteca\/labuhardilla\/index.php?rest_route=%2Fwp%2Fv2%2Fcomments&post=4316"}],"version-history":[{"count":26,"href":"https:\/\/www.uhu.es\/biblioteca\/labuhardilla\/index.php?rest_route=\/wp\/v2\/posts\/4316\/revisions"}],"predecessor-version":[{"id":4351,"href":"https:\/\/www.uhu.es\/biblioteca\/labuhardilla\/index.php?rest_route=\/wp\/v2\/posts\/4316\/revisions\/4351"}],"wp:featuredmedia":[{"embeddable":true,"href":"https:\/\/www.uhu.es\/biblioteca\/labuhardilla\/index.php?rest_route=\/wp\/v2\/media\/4343"}],"wp:attachment":[{"href":"https:\/\/www.uhu.es\/biblioteca\/labuhardilla\/index.php?rest_route=%2Fwp%2Fv2%2Fmedia&parent=4316"}],"wp:term":[{"taxonomy":"category","embeddable":true,"href":"https:\/\/www.uhu.es\/biblioteca\/labuhardilla\/index.php?rest_route=%2Fwp%2Fv2%2Fcategories&post=4316"},{"taxonomy":"post_tag","embeddable":true,"href":"https:\/\/www.uhu.es\/biblioteca\/labuhardilla\/index.php?rest_route=%2Fwp%2Fv2%2Ftags&post=4316"}],"curies":[{"name":"wp","href":"https:\/\/api.w.org\/{rel}","templated":true}]}}