{"id":4843,"date":"2017-03-09T13:35:15","date_gmt":"2017-03-09T13:35:15","guid":{"rendered":"http:\/\/www.uhu.es\/biblioteca\/labuhardilla\/?p=4843"},"modified":"2017-03-09T13:35:15","modified_gmt":"2017-03-09T13:35:15","slug":"mujeres-de-cine","status":"publish","type":"post","link":"https:\/\/www.uhu.es\/biblioteca\/labuhardilla\/?p=4843","title":{"rendered":"Mujeres de cine"},"content":{"rendered":"<h2 style=\"text-align: center;\"><strong><a href=\"http:\/\/www.uhu.es\/biblioteca\/labuhardilla\/wp-content\/uploads\/2017\/03\/expomarzoabril.jpg\" rel='prettyPhoto[gallery1]'><img loading=\"lazy\" class=\"alignleft size-medium wp-image-4844\" title=\"Mujer y cine\" src=\"http:\/\/www.uhu.es\/biblioteca\/labuhardilla\/wp-content\/uploads\/2017\/03\/expomarzoabril-300x180.jpg\" alt=\"\" width=\"300\" height=\"180\" srcset=\"https:\/\/www.uhu.es\/biblioteca\/labuhardilla\/wp-content\/uploads\/2017\/03\/expomarzoabril-300x180.jpg 300w, https:\/\/www.uhu.es\/biblioteca\/labuhardilla\/wp-content\/uploads\/2017\/03\/expomarzoabril.jpg 1024w\" sizes=\"(max-width: 300px) 100vw, 300px\" \/><\/a><span style=\"color: #008000;\">Cine hecho por Mujeres <\/span><\/strong><\/h2>\n<p>&nbsp;<\/p>\n<p><strong><span style=\"color: #339966;\">Iciar Bolla\u00edn<\/span>.\u00a0<\/strong>Actriz y directora espa\u00f1ola, al igual que Coixet hace un buen cine, que no es de g\u00e9nero y \u00a0ser\u00eda dif\u00edcil decir, sin saberlo, si detr\u00e1s de la c\u00e1mara hay un hombre o una mujer. Gan\u00f3 un premio Goya como mejor directora por la cinta \u201c<em>Te doy mis ojos<\/em>\u201d donde aborda el tema de los malos tratos. En 2006 fund\u00f3, junto con otras cineastas, CIMA (Asociaci\u00f3n de mujeres cineastas y de medios audiovisuales)<\/p>\n<p><a title=\"Flores de otro mundo\" href=\"http:\/\/columbus.uhu.es\/record=b1551260~S1*spi\" target=\"_blank\"><strong>Flores de otro mundo<\/strong><\/a><\/p>\n<p><a title=\"Te doy mis ojos\" href=\"http:\/\/columbus.uhu.es\/record=b1767649~S1*spi\" target=\"_blank\"><strong>Te doy mis ojos<\/strong><\/a><\/p>\n<p><a title=\"Katmandu\" href=\"http:\/\/columbus.uhu.es\/record=b1692326~S1*spi\" target=\"_blank\"><strong>Katmandu<\/strong><\/a><\/p>\n<p>&nbsp;<\/p>\n<p><span style=\"color: #339966;\"><strong>Isabel Coixet.\u00a0<\/strong><\/span>Directora y guionista espa\u00f1ola ganadora de cuatro premios Goya por \u201c<em>La vida secreta de las palabras\u201d.<\/em> Posee un universo propio y el amor y la incomunicaci\u00f3n es uno de sus grandes temas. Sus historias est\u00e1n protagonizadas por personajes solitarios.<\/p>\n<p><a title=\"La vida secreta de las palabras\" href=\"http:\/\/pinzon1.uhu.es\/record=b1594438~S1*spi\" target=\"_blank\"><strong>La vida secreta de las palabras<\/strong><\/a><\/p>\n<p><a title=\"Mapa de los sonidos de Tokio\" href=\"http:\/\/columbus.uhu.es\/record=b1594441~S1*spi\" target=\"_blank\"><strong>Mapa de los sonidos de Tokio<\/strong><\/a><\/p>\n<p><a title=\"Nadie quiere la noche\" href=\"http:\/\/columbus.uhu.es\/record=b1819416~S1*spi\" target=\"_blank\"><strong>Nadie quiere la noche<\/strong><\/a><\/p>\n<p>&nbsp;<\/p>\n<p><span style=\"color: #339966;\"><strong>Sophia Coppola.\u00a0<\/strong><\/span>Directora, actriz, productora y guionista de cine estadounidense. En 2003 gan\u00f3 un Premio \u00d3scar a mejor gui\u00f3n original por <em>\u201cLost in Translation\u201d,<\/em> adem\u00e1s de ser la tercera mujer en la historia en ser nominada a mejor director porla Academia.<\/p>\n<p><span style=\"color: #000000;\"><a title=\"Lost in translation\" href=\"http:\/\/columbus.uhu.es\/record=b1838496~S1*spi\" target=\"_blank\"><span style=\"color: #000000;\"><strong>Lost in translation<\/strong><\/span><\/a><\/span><\/p>\n<p>&nbsp;<\/p>\n<p><span style=\"color: #339966;\"><strong>Barbra <\/strong><\/span><strong><span style=\"color: #339966;\">Streisand<\/span>.\u00a0<\/strong>Actriz, cantante, compositora, productora, y directora de cine estadounidense. La mirada de Streisand ha sido m\u00e1s plural siendo capaz de producir, componer la banda sonora, escribir el gui\u00f3n y dirigir sus pel\u00edculas.<\/p>\n<p><a title=\" El Amor tiene dos caras\" href=\"http:\/\/columbus.uhu.es\/record=b1619931~S1*spi\" target=\"_blank\">\u00a0<strong>El Amor tiene dos caras<\/strong><\/a><\/p>\n<p><a title=\"El pr\u00edncipe de las mareas\" href=\"http:\/\/pinzon1.uhu.es\/record=b1370964~S1*spi\" target=\"_blank\"><strong>El pr\u00edncipe de las mareas <\/strong><\/a><\/p>\n<p>&nbsp;<\/p>\n<p><span style=\"color: #339966;\"><strong>Kathryn Bigelow.\u00a0<\/strong><\/span>Directora de cine, guionista y productora estadounidense, su caso es especialmente significativo, se le considera una directora at\u00edpica, pues sus temas de inter\u00e9s pertenecen al cine de acci\u00f3n. Es la primera y \u00fanica mujer en la historia que ha ganado un premio \u00d3scar como directora por \u201cEn Tierra hostil\u201d.<\/p>\n<p><a title=\"En tierra hostil\" href=\"http:\/\/pinzon1.uhu.es\/record=b1647083~S1*spi\" target=\"_blank\"><strong>En tierra hostil<\/strong><\/a><\/p>\n<p><a title=\"La Noche m\u00e1s Oscura\" href=\"http:\/\/columbus.uhu.es\/record=b1838504~S1*spi\" target=\"_blank\"><strong>La Noche m\u00e1s Oscura<\/strong><\/a><\/p>\n<p><a href=\"http:\/\/www.uhu.es\/biblioteca\/labuhardilla\/wp-content\/uploads\/2017\/03\/Collage-directoras.jpg\" rel='prettyPhoto[gallery1]'><img loading=\"lazy\" class=\"alignright size-medium wp-image-4855\" title=\"Directoras\" src=\"http:\/\/www.uhu.es\/biblioteca\/labuhardilla\/wp-content\/uploads\/2017\/03\/Collage-directoras-141x300.jpg\" alt=\"\" width=\"241\" height=\"400\" \/><\/a><\/p>\n<p><span style=\"color: #339966;\"><strong>Jane Campion.\u00a0<\/strong><\/span>Directora de cine neozelandesa. Es una de las cuatro mujeres que han sido nominadas al \u00d3scar como directoras de cine. El reconocimiento internacional le lleg\u00f3 con su pel\u00edcula \u201c<em>El Piano\u201d<\/em>. Con esta pel\u00edcula, gan\u00f3 la Palma de Oro en el Festival de Cannes de 1993 y el \u00d3scar al mejor gui\u00f3n original en 1994<strong>.<\/strong><\/p>\n<p><a title=\"El piano\" href=\"http:\/\/columbus.uhu.es\/record=b1838501~S1*spi\" target=\"_blank\"><strong>El piano<\/strong><\/a><\/p>\n<p>&nbsp;<\/p>\n<p><span style=\"color: #339966;\"><strong>Sarah Gavron.<\/strong><\/span> Directora de cine brit\u00e1nica que comenz\u00f3 su carrera realizando documentales, en 2007 estren\u00f3 su primer largometraje <em>\u201cBrick Lane\u201d<\/em>. <em>\u201cSufragistas\u201d<\/em> es su \u00faltima pel\u00edcula.<\/p>\n<p><a title=\"Sufragistas\" href=\"http:\/\/columbus.uhu.es\/record=b1838503~S1*spi\" target=\"_blank\"><strong>Sufragistas<\/strong><\/a><\/p>\n<p>&nbsp;<\/p>\n<h4><span style=\"color: #8b2c65;\">Hay que decir que en los pa\u00edses en v\u00edas de desarrollo el cine hecho por mujeres es m\u00e1s militante quiz\u00e1 porque la situaci\u00f3n de la mujer es mucho m\u00e1s precaria.<\/span><\/h4>\n<p><span style=\"color: #339966;\"><strong>Marjane Satrapi.<\/strong><\/span> De origen iran\u00ed destaca en el g\u00e9nero del c\u00f3mic y el cine. Se dio a conocer con el c\u00f3mic <em>\u201cPers\u00e9polis\u201d,<\/em> obra autobiogr\u00e1fica que arranca en los momentos finales del r\u00e9gimen del Sha y relata las dificultades de vivir bajo un estado teocr\u00e1tico. La obra alcanz\u00f3 un gran \u00e9xito de cr\u00edtica y p\u00fablico y fue adaptada por ella misma y Vincent Paronnaud al cine.<\/p>\n<p><a title=\"Pers\u00e9polis\" href=\"http:\/\/columbus.uhu.es\/record=b1699228~S1*spi\" target=\"_blank\"><strong>Pers\u00e9polis<\/strong><\/a><\/p>\n<p>&nbsp;<\/p>\n<p><span style=\"color: #339966;\"><strong>Haifaa al-Mansour.<\/strong><\/span> Directora de cine de Arabia Saud\u00ed, es la primera mujer directora de cine de su pa\u00eds. Con el documental <em>\u201cWomen without shadows\u201d<\/em> puso de relieve la invisibilidad de las mujeres en los Pa\u00edses del Golfo P\u00e9rsico. Es conocida por su opera prima, &#8220;La bicicleta verde&#8221;.<\/p>\n<p><a title=\"La bicicleta verde\" href=\"http:\/\/pinzon1.uhu.es\/record=b1853962~S1*spi\" target=\"_blank\"><strong>La bicicleta verde<\/strong><\/a><\/p>\n<p>&nbsp;<\/p>\n<p><span style=\"color: #339966;\"><strong>Hana Makhmalbaf.\u00a0<\/strong><\/span>Directora de cine iran\u00ed, su primer largometraje, <em>\u201cBuda explot\u00f3 por verg\u00fcenza\u201d<\/em> fue rodado en 2007 con actores no profesionales en un pueblo de la provincia de Bamiyan, en Afganist\u00e1n. La pel\u00edcula cosech\u00f3 un gran \u00e9xito y fue galardonada en diversos festivales internacionales de cine como el Festival de Cine de Berl\u00edn y el Festival de San Sebasti\u00e1n.<\/p>\n<p><a title=\"Buda explot\u00f3 por verg\u00fcenza\" href=\"http:\/\/columbus.uhu.es\/record=b1838494~S1*spi\" target=\"_blank\"><strong>Buda explot\u00f3 por verg\u00fcenza<\/strong><\/a><\/p>\n<p>&nbsp;<\/p>\n<p><span style=\"color: #339966;\"><strong>Deepa Mehta.\u00a0<\/strong><\/span>Es una directora de cine y guionista indocanadiense y es conocida por su tetralog\u00eda f\u00edlmica basada en los elementos Fuego, Tierra, Agua y Cielo. Muy cr\u00edtica con la discriminaci\u00f3n de g\u00e9nero y el trato que recibe la mujer en la cultura hind\u00fa condenada muchas veces a matrimonios pactados desde la infancia por la dote y, en casos m\u00e1s serios, a la violaci\u00f3n, a los feticidios, a la prostituci\u00f3n o al acoso sexual. La pel\u00edcula <em>&#8220;<strong>Agua&#8221;<\/strong><\/em> aborda una problem\u00e1tica social en \u00a0la sociedad hind\u00fa, la marginaci\u00f3n de las viudas, muchas de ellas obligadas a vivir en un convento de retiro ataviadas con su sari blanco y cabeza rapada, son los vestigios del olvido al que est\u00e1n obligadas a vivir, gan\u00e1ndose unas m\u00edseras rupias por mendigar en las calles.<\/p>\n<p><span style=\"color: #000000;\"><a title=\"Agua\" href=\"http:\/\/pinzon1.uhu.es\/record=b1853964~S1*spi\" target=\"_blank\"><span style=\"color: #000000;\"><strong>Agua<\/strong><\/span><\/a><\/span><\/p>\n<p>&nbsp;<\/p>\n<h4 style=\"text-align: center;\"><span style=\"color: #800080;\"><strong>Historias que retratan peque\u00f1as y grandes luchas feministas<\/strong>.<\/span><\/h4>\n<p><strong><a href=\"http:\/\/www.uhu.es\/biblioteca\/labuhardilla\/wp-content\/uploads\/2017\/03\/Collage-cine.jpg\" rel='prettyPhoto[gallery1]'><img loading=\"lazy\" class=\"alignleft size-medium wp-image-4856\" title=\"Collage cine\" src=\"http:\/\/www.uhu.es\/biblioteca\/labuhardilla\/wp-content\/uploads\/2017\/03\/Collage-cine-141x300.jpg\" alt=\"\" width=\"241\" height=\"400\" \/><\/a><a title=\"Las 13 Rosas.\" href=\"http:\/\/columbus.uhu.es\/record=b1813725~S1*spi\" target=\"_blank\">Las 13 Rosas.<\/a>\u00a0<\/strong>Las <em>&#8220;Trece Rosas&#8221;<\/em> fueron trece mujeres de entre 18 y 29 a\u00f1os fusiladas en la madrugada del 5 de agosto de 1939, debido a su militancia en la organizaci\u00f3n Juventudes Socialistas Unificadas y su defensa de la legalidad republicana tras el fin dela Guerra Civil Espa\u00f1ola.<\/p>\n<p><strong><a title=\"\u00c1gora\" href=\"http:\/\/columbus.uhu.es\/record=b1615153~S1*spi\" target=\"_blank\">\u00c1gora<\/a>.\u00a0<\/strong>Esta pel\u00edcula de Alejandro Amen\u00e1bar pone en valor a la matem\u00e1tica y fil\u00f3sofa griega Hipatia de Alejandr\u00eda, (c. 370 &#8211; id., 415) que se neg\u00f3 a traicionar sus conocimientos cient\u00edficos para convertirse al cristianismo. Fue brutalmente asesinada por una turba de cristianos en marzo de 415 d.C.<\/p>\n<p><strong><a title=\"Carol\" href=\"http:\/\/columbus.uhu.es\/record=b1831827~S1*spi\" target=\"_blank\">Carol<\/a>.\u00a0<\/strong>Se trata la homosexualidad entre mujeres. Cuenta la historia de amor entre una joven e ingenua aspirante a fot\u00f3grafa y una mujer elegante y sofisticada que se encuentra atrapada en un matrimonio infeliz. Entre ellas surge una atracci\u00f3n inmediata, cada vez m\u00e1s intensa y profunda, que cambiar\u00e1 sus vidas para siempre.<\/p>\n<p><strong><a title=\"Carol\" href=\"http:\/\/columbus.uhu.es\/record=b1838505~S1*spi\" target=\"_blank\">Clara Campoamor : La Mujer Olvidada<\/a>.\u00a0<\/strong>Su figura merece un reconocimiento que se le neg\u00f3. Fue una de las tres primeras mujeres que ocuparon un esca\u00f1o tras la elecciones de 1931 para las Cortes Constituyentes de la Segunda Rep\u00fablica. Luch\u00f3 por el reconocimiento de la igualdad entre hombres y mujeres y ejerci\u00f3 una enardecida defensa del sufragio femenino en Espa\u00f1a, con la oposici\u00f3n de sus propios compa\u00f1eros de partido y de otra diputada, Victoria Kent, quien pensaba que las mujeres a\u00fan no estaban preparadas para votar por estar influidas por la Iglesia y votar\u00edan a partidos conservadores. Clara Campoamor se mantuvo fiel a sus principios y defendi\u00f3 el derecho de las mujeres a ser consideradas ciudadanas con todos los derechos por encima del sentido de su voto.<\/p>\n<p><strong><a title=\"Carol\" href=\"http:\/\/columbus.uhu.es\/record=b1838506~S1*spi\" target=\"_blank\">Carta a Eva<\/a>.\u00a0<\/strong>La historia narra la visita de Eva Per\u00f3n a Espa\u00f1a y la dif\u00edcil relaci\u00f3n entre la primera dama argentina con la primera dama espa\u00f1ola, Carmen Polo, esposa del general Francisco Franco. Esta historia se entrecruza con la de Juana Do\u00f1a, una comunista guerrillera sentenciada a muerte por el r\u00e9gimen franquista.<\/p>\n<p><strong><a title=\"Las maestras de la Rep\u00fablica\" href=\"http:\/\/pinzon1.uhu.es\/record=b1853961~S1*spi\" target=\"_blank\">Las maestras de la Rep\u00fablica<\/a>.\u00a0<\/strong>Las maestras republicanas participaron de forma comprometida y valiente en el desarrollo de una escuela p\u00fablica y democr\u00e1tica y contribuyeron a la conquista de los derechos de las mujeres, pues estaban plenamente comprometidas con la igualdad social y de g\u00e9nero y la modernizaci\u00f3n de la educaci\u00f3n. Este documental quiere contribuir a la recuperaci\u00f3n de su memoria y \u00a0de su legado tanto ideol\u00f3gico y pedag\u00f3gico.<\/p>\n<p><strong><a title=\"Mar\u00eda querida\" href=\"http:\/\/pinzon1.uhu.es\/record=b1718245~S1*spi\" target=\"_blank\">Mar\u00eda querida<\/a>.\u00a0<\/strong>Se centra en la figura de la pensadora Mar\u00eda Zambrano. Se trata de un intento de aproximaci\u00f3n a la vida de una mujer que hizo del pensamiento un compromiso po\u00e9tico y personal. Zambrano era profesora aunque nunca lleg\u00f3 a ejercer, como le ocurri\u00f3 a otros intelectuales republicanos.<\/p>\n<p><strong><a title=\"Princesas\" href=\"http:\/\/columbus.uhu.es\/record=b1551265~S1*spi\" target=\"_blank\">Princesas<\/a>.\u00a0<\/strong>Esta es la historia de dos prostitutas: Caye (Candela Pe\u00f1a), espa\u00f1ola de casi treinta a\u00f1os y Zulema (Micaela Nev\u00e1rez) inmigrante de origen dominicano. Cuando se conocen casi llegan a enfrentarse por la tensi\u00f3n en el colectivo de prostitutas entre las espa\u00f1olas y las inmigrantes. Caye y Zulema se hacen amigas cuando comprenden que, en definitiva, como mujeres viven situaciones parecidas y mejor estar unidas y darse apoyo.<\/p>\n<p><strong><a title=\"Solas\" href=\"http:\/\/columbus.uhu.es\/record=b1361430~S1*spi\" target=\"_blank\">Solas<\/a>.\u00a0<\/strong>\u00d3pera prima de Benito Zambrano, que se convirti\u00f3 en el acontecimiento cinematogr\u00e1fico del a\u00f1o 1999 . Mediante dos retratos femeninos desgarradores, Zambrano lleva a cabo un sincero y certero an\u00e1lisis de dos personajes femeninos , madre e hija y de sus identidades en una Andaluc\u00eda extrema, machista y empobrecida.<\/p>\n<p><strong><a title=\"Un asunto de mujeres\" href=\"http:\/\/pinzon1.uhu.es\/record=b1521438~S1*spi\" target=\"_blank\">Un asunto de mujeres<\/a>.\u00a0<\/strong>Segunda Guerra Mundial. La vida en la Francia ocupada es muy dif\u00edcil. Marie Latour (Isabelle Huppert), una mujer casada, con dos hijos y con el marido en el frente decide ayudar a una vecina a interrumpir un embarazo no deseado. Poco a poco empiezan a requerir sus servicios otras mujeres encintas. Con serias dificultades econ\u00f3micas practicar\u00e1 abortos y alquilar\u00e1 habitaciones a prostitutas, empezando a vivir una vida de libertad y diversi\u00f3n que pocas mujeres de la \u00e9poca se podr\u00edan permitir ni imaginar.<\/p>\n<p>Adaptaci\u00f3n de la novela hom\u00f3nima de Francis Szpiner, basada a su vez en la historia real de Marie-Louise Giraud, una de las \u00faltimas mujeres guillotinadas en Francia. Condenada y ejecutada en el 1943, seg\u00fan la Ley promulgada por el gobierno colaboracionista franc\u00e9s, que calificaba el aborto como crimen contra la seguridad del Estado. Ley que ser\u00eda derogada tras la liberaci\u00f3n.<\/p>\n<p><strong><a title=\"La vida de Adele\" href=\"http:\/\/columbus.uhu.es\/record=b1748960~S1*spi\" target=\"_blank\">La vida de Adele<\/a>.\u00a0<\/strong>Es la adaptaci\u00f3n libre del c\u00f3mic de Julie Maroh <em>\u201cEl azul es un color c\u00e1lido\u201d<\/em>. La pel\u00edcula narra la relaci\u00f3n amorosa (y sexual) de dos chicas.<\/p>\n<p><strong><a title=\"La voz dormida\" href=\"http:\/\/columbus.uhu.es\/record=b1838489~S1*spi\" target=\"_blank\">La voz dormida<\/a>.\u00a0<\/strong>Adaptaci\u00f3n cinematogr\u00e1fica de la novela hom\u00f3nima de Dulce Chac\u00f3n. \u00a0El director Benito Zambrano pone de relieve la silenciada participaci\u00f3n de las mujeres republicanas y es un \u00a0reconocimiento al papel de la mujer en la Guerra Civil espa\u00f1ola y en la posguerra.<\/p>\n<h3 style=\"text-align: center;\"><span style=\"color: #800080;\"><strong>Documentales<\/strong><\/span><\/h3>\n<p><a title=\"Las constituyentes\" href=\"http:\/\/pinzon1.uhu.es\/record=b1766942~S1*spi\" target=\"_blank\"><strong>Las constituyentes [DVD] : veintisiete pioneras en la historia pol\u00edtica de Espa\u00f1a \/ direcci\u00f3n y gui\u00f3n, Oliva Acosta<\/strong><\/a><\/p>\n<p>Documental sobre las 27 diputadas y senadoras que, en la legislatura constituyente de 1977, fueron protagonistas del cambio pol\u00edtico que condujo al establecimiento de la democracia tras la dictadura franquista. A trav\u00e9s de la experiencia personal de estas pioneras se analiza la participaci\u00f3n pol\u00edtica de las mujeres en Espa\u00f1a hasta nuestros d\u00edas. El documental incluye adem\u00e1s un debate entre las mujeres de la etapa constituyente y las diputadas y pol\u00edticas actuales.<br \/>\n<iframe loading=\"lazy\" src=\"https:\/\/www.youtube.com\/embed\/8uU3I5wdyYk\" frameborder=\"0\" width=\"640\" height=\"360\"><\/iframe><\/p>\n<h3 style=\"text-align: center;\"><span style=\"color: #800080;\"><strong>Revistas<\/strong><\/span><\/h3>\n<p><strong><a title=\"Feminismos\" href=\"http:\/\/columbus.uhu.es\/record=b1351400~S2*spi\" target=\"_blank\">Feminismos<\/a>.\u00a0<\/strong>Es una publicaci\u00f3n semestral del Instituto Universitario de Estudios de G\u00e9nero dela Universidad de Alicante, cuya \u00a0finalidad es la de impulsar y canalizar la investigaci\u00f3n en el \u00e1mbito de los estudios de g\u00e9nero y de las mujeres, proporcionando al p\u00fablico lector unas herramientas de an\u00e1lisis para la interpretaci\u00f3n de las relaciones de g\u00e9nero en el \u00e1mbito socio-cultural contempor\u00e1neo sin dejar a un lado la perspectiva hist\u00f3rica.<\/p>\n<p><a title=\" Arenal: revista de historia de mujeres\" href=\"http:\/\/columbus.uhu.es\/record=b1349029~S1*spi\" target=\"_blank\">\u00a0<\/a><strong><a title=\" Arenal: revista de historia de mujeres\" href=\"http:\/\/columbus.uhu.es\/record=b1349029~S1*spi\" target=\"_blank\">Arenal: revista de historia de mujeres<\/a>.\u00a0<\/strong>Las actividades desarrolladas por las historiadoras de las Universidades y centros de investigaci\u00f3n de toda Espa\u00f1a han puesto de relieve la existencia de un gran n\u00famero de iniciativas cient\u00edficas desplegadas en el \u00e1mbito espec\u00edfico de la Historia de las mujeres. Esas iniciativas carecen, a menudo, \u00a0de los medios apropiados para su difusi\u00f3n dentro y fuera del estado espa\u00f1ol. La revista Arenal nace para dar voz y visibilidad a dichas iniciativas.<\/p>\n<p><strong><a title=\"Meridiam\" href=\"http:\/\/pinzon1.uhu.es\/record=b1349575~S1*spi\" target=\"_blank\">Meridiam<\/a>.\u00a0<\/strong>Es una revista para la reflexi\u00f3n, el debate y la informaci\u00f3n en clave de g\u00e9nero.<\/p>\n","protected":false},"excerpt":{"rendered":"<p>Cine hecho por Mujeres &nbsp; Iciar Bolla\u00edn.\u00a0Actriz y directora espa\u00f1ola, al igual que Coixet hace un buen cine, que no es de g\u00e9nero y \u00a0ser\u00eda dif\u00edcil decir, sin saberlo, si detr\u00e1s de la c\u00e1mara hay un hombre o una mujer. Gan\u00f3 un premio Goya como mejor directora por la cinta \u201cTe doy mis ojos\u201d donde&nbsp;<span class=\"excerpt_more\"><a href=\"https:\/\/www.uhu.es\/biblioteca\/labuhardilla\/?p=4843\">[Seguir leyendo&#8230;]<\/a><\/span><\/p>\n","protected":false},"author":4,"featured_media":4844,"comment_status":"open","ping_status":"open","sticky":false,"template":"","format":"standard","meta":{"_s2mail":"yes"},"categories":[6,5],"tags":[60,100],"_links":{"self":[{"href":"https:\/\/www.uhu.es\/biblioteca\/labuhardilla\/index.php?rest_route=\/wp\/v2\/posts\/4843"}],"collection":[{"href":"https:\/\/www.uhu.es\/biblioteca\/labuhardilla\/index.php?rest_route=\/wp\/v2\/posts"}],"about":[{"href":"https:\/\/www.uhu.es\/biblioteca\/labuhardilla\/index.php?rest_route=\/wp\/v2\/types\/post"}],"author":[{"embeddable":true,"href":"https:\/\/www.uhu.es\/biblioteca\/labuhardilla\/index.php?rest_route=\/wp\/v2\/users\/4"}],"replies":[{"embeddable":true,"href":"https:\/\/www.uhu.es\/biblioteca\/labuhardilla\/index.php?rest_route=%2Fwp%2Fv2%2Fcomments&post=4843"}],"version-history":[{"count":15,"href":"https:\/\/www.uhu.es\/biblioteca\/labuhardilla\/index.php?rest_route=\/wp\/v2\/posts\/4843\/revisions"}],"predecessor-version":[{"id":4861,"href":"https:\/\/www.uhu.es\/biblioteca\/labuhardilla\/index.php?rest_route=\/wp\/v2\/posts\/4843\/revisions\/4861"}],"wp:featuredmedia":[{"embeddable":true,"href":"https:\/\/www.uhu.es\/biblioteca\/labuhardilla\/index.php?rest_route=\/wp\/v2\/media\/4844"}],"wp:attachment":[{"href":"https:\/\/www.uhu.es\/biblioteca\/labuhardilla\/index.php?rest_route=%2Fwp%2Fv2%2Fmedia&parent=4843"}],"wp:term":[{"taxonomy":"category","embeddable":true,"href":"https:\/\/www.uhu.es\/biblioteca\/labuhardilla\/index.php?rest_route=%2Fwp%2Fv2%2Fcategories&post=4843"},{"taxonomy":"post_tag","embeddable":true,"href":"https:\/\/www.uhu.es\/biblioteca\/labuhardilla\/index.php?rest_route=%2Fwp%2Fv2%2Ftags&post=4843"}],"curies":[{"name":"wp","href":"https:\/\/api.w.org\/{rel}","templated":true}]}}