{"id":4901,"date":"2017-03-24T10:59:08","date_gmt":"2017-03-24T10:59:08","guid":{"rendered":"http:\/\/www.uhu.es\/biblioteca\/labuhardilla\/?p=4901"},"modified":"2017-03-28T12:22:12","modified_gmt":"2017-03-28T12:22:12","slug":"me-llamo-barro-aunque-miguel-me-llame","status":"publish","type":"post","link":"https:\/\/www.uhu.es\/biblioteca\/labuhardilla\/?p=4901","title":{"rendered":"&#8220;Me llamo barro aunque Miguel me llame&#8230;&#8221;"},"content":{"rendered":"<p style=\"text-align: center;\" align=\"center\"><em><a href=\"http:\/\/www.uhu.es\/biblioteca\/labuhardilla\/wp-content\/uploads\/2017\/03\/6437ca2cc929ccfb65f05db686472843.jpg\" rel='prettyPhoto[gallery1]'><img loading=\"lazy\" class=\"alignleft size-medium wp-image-4909\" title=\"Miguel Hern\u00e1ndez\" src=\"http:\/\/www.uhu.es\/biblioteca\/labuhardilla\/wp-content\/uploads\/2017\/03\/6437ca2cc929ccfb65f05db686472843-233x300.jpg\" alt=\"\" width=\"233\" height=\"300\" srcset=\"https:\/\/www.uhu.es\/biblioteca\/labuhardilla\/wp-content\/uploads\/2017\/03\/6437ca2cc929ccfb65f05db686472843-233x300.jpg 233w, https:\/\/www.uhu.es\/biblioteca\/labuhardilla\/wp-content\/uploads\/2017\/03\/6437ca2cc929ccfb65f05db686472843.jpg 397w\" sizes=\"(max-width: 233px) 100vw, 233px\" \/><\/a>\u201c\u2026Espa\u00f1a, piedra estoica que se abri\u00f3 en dos pedazos de dolor y de piedra profunda para darme: no me separar\u00e1n de tus altas entra\u00f1as, madre.\u201d<\/em><\/p>\n<p><em>\u00a0<\/em>Miguel Hern\u00e1ndez Gilabert nace en la ciudad alicantina de Orihuela en torno a 1910, en el seno de una familia modesta. A la edad de 14 a\u00f1os, el que m\u00e1s tarde se convertir\u00eda en uno de los poetas y dramaturgos m\u00e1s destacados de Espa\u00f1a durante el siglo XX, \u00a0abandona el Colegio Santo Domingo para ayudar a su padre en las labores del pastoreo. Miguel, supo combinar sus obligaciones en \u00a0el negocio familiar con su pasi\u00f3n hacia la literatura gracias a la biblioteca privada de su amigo y vecino don Luis Almarcha. Sin duda alguna, estas vicisitudes no lograron truncar los sue\u00f1os del poeta, el que inicia una impecable carrera po\u00e9tica a la temprana edad de 16 a\u00f1os.<strong> <\/strong>Josefina Manresa, fue su primera novia y m\u00e1s tarde su esposa, la mujer a la que conoci\u00f3 en 1934 y a la que s\u00f3lo os\u00f3 dirigirse varios meses despu\u00e9s. A esta modista de Ja\u00e9n, Hern\u00e1ndez le escribe sus poemas de iniciaci\u00f3n, &#8216;Sat\u00e9lite de ti \/ no hago otra cosa sino es labor de recordarte&#8217;<a href=\"http:\/\/www.uhu.es\/biblioteca\/labuhardilla\/wp-content\/uploads\/2017\/03\/Miguel-Hern\u00e1ndez008.jpg\" rel='prettyPhoto[gallery1]'><img loading=\"lazy\" class=\"alignright size-medium wp-image-4903\" title=\"Carta de Miguel Hern\u00e1ndez a Josefina, su esposa\" src=\"http:\/\/www.uhu.es\/biblioteca\/labuhardilla\/wp-content\/uploads\/2017\/03\/Miguel-Hern\u00e1ndez008-223x300.jpg\" alt=\"\" width=\"223\" height=\"300\" srcset=\"https:\/\/www.uhu.es\/biblioteca\/labuhardilla\/wp-content\/uploads\/2017\/03\/Miguel-Hern\u00e1ndez008-223x300.jpg 223w, https:\/\/www.uhu.es\/biblioteca\/labuhardilla\/wp-content\/uploads\/2017\/03\/Miguel-Hern\u00e1ndez008-762x1024.jpg 762w, https:\/\/www.uhu.es\/biblioteca\/labuhardilla\/wp-content\/uploads\/2017\/03\/Miguel-Hern\u00e1ndez008.jpg 937w\" sizes=\"(max-width: 223px) 100vw, 223px\" \/><\/a><\/p>\n<p>Sin embargo, para entender su carrera po\u00e9tica, no podr\u00edamos pasar por alto que Miguel Hern\u00e1ndez, no fue solo poeta, sino tambi\u00e9n soldado. Al comienzo de la Guerra Civil en Espa\u00f1a, el poeta colabora\u00a0 en el V Regimiento y ofrece su apoyo a los soldados que han sido destinados a permanecer en el frente, escribe poemas y colabora en diferentes revistas, algo que al final de\u00a0 la Guerra, en el 39, lo conduce irremediablemente\u00a0 a la c\u00e1rcel. Miguel Hern\u00e1ndez acaba muriendo el 28 de Marzo de 1942 a la temprana edad de 31 a\u00f1os a causa de la tuberculosis.<\/p>\n<p>Justo ahora, en la celebraci\u00f3n del 75 aniversario de su muerte, hemos querido recordar al gran poeta espa\u00f1ol, que a pesar de su breve vida, cuenta con una amplia producci\u00f3n literaria<strong>. <\/strong>Su faceta como dramaturgo, ensayista, periodista, escritor de prosa o de literatura infantil es incuestionable. En esta \u00faltima, el autor de \u201cDos cuentos para Manolillo\u201d nos cautiv\u00f3 con el m\u00e1s maravilloso y m\u00e1gico de los cuentos, que el poeta regala a su hijo desde la c\u00e1rcel, donde a la altura de un sublime Cervantes y su <em>Don Quijote<\/em> o del autor an\u00f3nimo de <em>Las mil y\u00a0 una noches, <\/em>trata de explicar a su hijo el verdadero significado de la libertad.<\/p>\n<p><a href=\"http:\/\/www.uhu.es\/biblioteca\/labuhardilla\/wp-content\/uploads\/2017\/03\/Miguel-Hern\u00e1ndez006.jpg\" rel='prettyPhoto[gallery1]'><img loading=\"lazy\" class=\"alignleft size-medium wp-image-4904\" title=\"Dos cuentos para Manolillo \" src=\"http:\/\/www.uhu.es\/biblioteca\/labuhardilla\/wp-content\/uploads\/2017\/03\/Miguel-Hern\u00e1ndez006-300x232.jpg\" alt=\"Dos cuentos para Manolillo (Para cuando sepa leer)\" width=\"300\" height=\"232\" srcset=\"https:\/\/www.uhu.es\/biblioteca\/labuhardilla\/wp-content\/uploads\/2017\/03\/Miguel-Hern\u00e1ndez006-300x232.jpg 300w, https:\/\/www.uhu.es\/biblioteca\/labuhardilla\/wp-content\/uploads\/2017\/03\/Miguel-Hern\u00e1ndez006-1024x793.jpg 1024w\" sizes=\"(max-width: 300px) 100vw, 300px\" \/><\/a>No obstante, es incuestionable que su maestr\u00eda literaria quedar\u00eda demostrada en el terreno de la poes\u00eda. A este genio, al cual le debemos obras como su primer poemario <em><a title=\"Perito en lunas\" href=\"http:\/\/columbus.uhu.es\/record=b1580074~S1*spi\" target=\"_blank\">Perito en Lunas<\/a>,<\/em> (1933),<em> El rayo que no cesa, (<\/em>1936), <em>Viento del pueblo. Poes\u00eda en la guerra<\/em><em>, (1937) o El hombre acecha, (1939) <\/em>quisiera recordarle hoy a trav\u00e9s de su \u00faltimo e inacabado poemario, <em><a title=\"Cancionero y romancero de ausencias\" href=\"http:\/\/columbus.uhu.es\/record=b1580074~S1*spi\" target=\"_blank\">Cancionero y romancero de ausencias<\/a>, (1938-1941), <\/em>\u00a0escrito desde la prisi\u00f3n y publicada de forma p\u00f3stuma<em>.<\/em> Con esta obra, el oriolano, alcanza su madurez po\u00e9tica. El autor, demuestra su maestr\u00eda a trav\u00e9s de la contenci\u00f3n verbal, t\u00e9cnica que no le hace perder poder en la palabra. Miguel, mezcla biograf\u00eda y autobiograf\u00eda en una obra que no tuvieron conclusi\u00f3n ni orden definitivo pero que expresan sin igual las ausencias, las marcas de lo vivido, la traum\u00e1tica muerte de su primer hijo, e incluso el \u00faltimo h\u00e1lito de esperanza ante un destino irrevocable. Muchos de estos maravillosos poemas fueron motivo de inspiraci\u00f3n para algunos autores musicales quienes han utilizado sus versos como letra de su canciones como Joan Manuel Serrat o Alberto Cortez.<\/p>\n<p>A continuaci\u00f3n, les dejo con uno de los poemas insertos en este libro, <em>Nanas de cebolla, <\/em>inspirado en la confesi\u00f3n que su mujer hace al poeta de que ella tambi\u00e9n pasa hambre. Josefina, para combatirlo, suele comer habitualmente sopas de cebolla. Este hecho, da lugar a los bellos versos que Miguel Hern\u00e1ndez dedica a su hijo, inundados de ternura, belleza, amor y esperanza.<\/p>\n<p>&nbsp;<\/p>\n<p><em>&#8220;La cebolla es escarcha<\/em><br \/>\n<em> cerrada y pobre:<\/em><br \/>\n<em> escarcha de tus d\u00edas<\/em><br \/>\n<em> y de mis noches.<\/em><br \/>\n<em> Hambre y cebolla:<\/em><br \/>\n<em> hielo negro y escarcha<\/em><br \/>\n<em> grande y redonda.<\/em><\/p>\n<p><em> En la cuna del hambre<\/em><br \/>\n<em> mi ni\u00f1o estaba.<\/em><br \/>\n<em> Con sangre de cebolla<\/em><br \/>\n<em> se amamantaba.<\/em><br \/>\n<em> Pero tu sangre,<\/em><br \/>\n<em> escarchada de az\u00facar,<\/em><br \/>\n<em> cebolla y hambre.<\/em><\/p>\n<p><em> Una mujer morena,<\/em><br \/>\n<em> resuelta en luna,<\/em><br \/>\n<em> se derrama hilo a hilo<\/em><br \/>\n<em> sobre la cuna.<\/em><br \/>\n<em> R\u00edete, ni\u00f1o,<\/em><br \/>\n<em> que te tragas la luna<\/em><br \/>\n<em> cuando es preciso.&#8221;<\/em><\/p>\n<p>&nbsp;<\/p>\n<p><strong>&#8220;Recordar a Miguel Hern\u00e1ndez que desapareci\u00f3 en la oscuridad y recordarlo a plena luz, es un deber de Espa\u00f1a, un deber de amor. Pocos poetas tan generosos y luminosos como el muchach\u00f3n de Orihuela cuya estatua se levantar\u00e1 alg\u00fan d\u00eda entre los azahares de su dormida tierra. No ten\u00eda Miguel la luz cenital del Sur como los poetas rectil\u00edneos de Andaluc\u00eda sino una luz de tierra, de ma\u00f1ana pedregosa, luz espesa de panal despertando. Con esta materia dura como el oro, viva como la sangre, traz\u00f3 su poes\u00eda duradera. \u00a1Y \u00e9ste fue el hombre que aquel momento de Espa\u00f1a desterr\u00f3 a la sombra! \u00a1Nos toca ahora y siempre sacarlo de su c\u00e1rcel mortal, iluminarlo con su valent\u00eda y su martirio, ense\u00f1arlo como ejemplo de coraz\u00f3n pur\u00edsimo! \u00a1Darle la luz! \u00a1D\u00e1rsela a golpes de recuerdo, a paletadas de claridad que lo revelen, arc\u00e1ngel de una gloria terrestre que cay\u00f3 en la noche armado con la espada de la luz!&#8221;\u00a0<em><a title=\"Pablo Neruda\" href=\"http:\/\/www.uhu.es\/biblioteca\/labuhardilla\/?s=pablo+neruda\" target=\"_blank\">Pablo Neruda<\/a><\/em><\/strong><\/p>\n<p>&nbsp;<\/p>\n<p>Entrada realizada por Mar\u00eda Dolores G\u00f3mez Aquino, alumna colaboradora en pr\u00e1cticas en la Biblioteca Universitaria de Huelva.<\/p>\n<p><iframe loading=\"lazy\" src=\"https:\/\/www.youtube.com\/embed\/Eed6g_9H6NQ\" frameborder=\"0\" width=\"540\" height=\"300\"><\/iframe><\/p>\n<p><a title=\"Miguel Hern\u00e1ndez\" href=\"http:\/\/columbus.uhu.es\/search~S1*spi\/a?Hern{u00E1}ndez%2C+Miguel%2C+1910-1942&amp;search_code=a\" target=\"_blank\">Bibliograf\u00eda de Miguel Hernandez en la BUH<\/a><\/p>\n<p>&nbsp;<\/p>\n<p>&nbsp;<\/p>\n<p><iframe loading=\"lazy\" style=\"border: none; overflow: hidden;\" src=\"https:\/\/www.facebook.com\/plugins\/post.php?href=https%3A%2F%2Fwww.facebook.com%2Fmedia%2Fset%2F%3Fset%3Da.1349515571754539.1073741866.182131525159622%26type%3D3&amp;width=500\" frameborder=\"0\" scrolling=\"no\" width=\"500\" height=\"645\"><\/iframe><\/p>\n","protected":false},"excerpt":{"rendered":"<p>\u201c\u2026Espa\u00f1a, piedra estoica que se abri\u00f3 en dos pedazos de dolor y de piedra profunda para darme: no me separar\u00e1n de tus altas entra\u00f1as, madre.\u201d \u00a0Miguel Hern\u00e1ndez Gilabert nace en la ciudad alicantina de Orihuela en torno a 1910, en el seno de una familia modesta. A la edad de 14 a\u00f1os, el que m\u00e1s&nbsp;<span class=\"excerpt_more\"><a href=\"https:\/\/www.uhu.es\/biblioteca\/labuhardilla\/?p=4901\">[Seguir leyendo&#8230;]<\/a><\/span><\/p>\n","protected":false},"author":4,"featured_media":4904,"comment_status":"open","ping_status":"open","sticky":false,"template":"","format":"standard","meta":{"_s2mail":"yes"},"categories":[6,5],"tags":[215,216],"_links":{"self":[{"href":"https:\/\/www.uhu.es\/biblioteca\/labuhardilla\/index.php?rest_route=\/wp\/v2\/posts\/4901"}],"collection":[{"href":"https:\/\/www.uhu.es\/biblioteca\/labuhardilla\/index.php?rest_route=\/wp\/v2\/posts"}],"about":[{"href":"https:\/\/www.uhu.es\/biblioteca\/labuhardilla\/index.php?rest_route=\/wp\/v2\/types\/post"}],"author":[{"embeddable":true,"href":"https:\/\/www.uhu.es\/biblioteca\/labuhardilla\/index.php?rest_route=\/wp\/v2\/users\/4"}],"replies":[{"embeddable":true,"href":"https:\/\/www.uhu.es\/biblioteca\/labuhardilla\/index.php?rest_route=%2Fwp%2Fv2%2Fcomments&post=4901"}],"version-history":[{"count":20,"href":"https:\/\/www.uhu.es\/biblioteca\/labuhardilla\/index.php?rest_route=\/wp\/v2\/posts\/4901\/revisions"}],"predecessor-version":[{"id":4928,"href":"https:\/\/www.uhu.es\/biblioteca\/labuhardilla\/index.php?rest_route=\/wp\/v2\/posts\/4901\/revisions\/4928"}],"wp:featuredmedia":[{"embeddable":true,"href":"https:\/\/www.uhu.es\/biblioteca\/labuhardilla\/index.php?rest_route=\/wp\/v2\/media\/4904"}],"wp:attachment":[{"href":"https:\/\/www.uhu.es\/biblioteca\/labuhardilla\/index.php?rest_route=%2Fwp%2Fv2%2Fmedia&parent=4901"}],"wp:term":[{"taxonomy":"category","embeddable":true,"href":"https:\/\/www.uhu.es\/biblioteca\/labuhardilla\/index.php?rest_route=%2Fwp%2Fv2%2Fcategories&post=4901"},{"taxonomy":"post_tag","embeddable":true,"href":"https:\/\/www.uhu.es\/biblioteca\/labuhardilla\/index.php?rest_route=%2Fwp%2Fv2%2Ftags&post=4901"}],"curies":[{"name":"wp","href":"https:\/\/api.w.org\/{rel}","templated":true}]}}