{"id":492,"date":"2013-05-03T10:17:43","date_gmt":"2013-05-03T10:17:43","guid":{"rendered":"http:\/\/www.uhu.es\/biblioteca\/labuhardilla\/?p=492"},"modified":"2013-05-03T10:47:48","modified_gmt":"2013-05-03T10:47:48","slug":"ii-semana-del-comercio-justo-y-el-consumo-responsable","status":"publish","type":"post","link":"https:\/\/www.uhu.es\/biblioteca\/labuhardilla\/?p=492","title":{"rendered":"II Semana del Comercio Justo y el Consumo Responsable"},"content":{"rendered":"<p dir=\"ltr\"><a href=\"http:\/\/www.uhu.es\/biblioteca\/labuhardilla\/wp-content\/uploads\/2013\/05\/Dibujo-DEFINITIVO.jpg\" rel='prettyPhoto[gallery1]'><img loading=\"lazy\" class=\"alignleft size-medium wp-image-497\" title=\"Dibujo  DEFINITIVO\" src=\"http:\/\/www.uhu.es\/biblioteca\/labuhardilla\/wp-content\/uploads\/2013\/05\/Dibujo-DEFINITIVO-300x225.jpg\" alt=\"\" width=\"300\" height=\"225\" srcset=\"https:\/\/www.uhu.es\/biblioteca\/labuhardilla\/wp-content\/uploads\/2013\/05\/Dibujo-DEFINITIVO-300x225.jpg 300w, https:\/\/www.uhu.es\/biblioteca\/labuhardilla\/wp-content\/uploads\/2013\/05\/Dibujo-DEFINITIVO.jpg 1024w\" sizes=\"(max-width: 300px) 100vw, 300px\" \/><\/a>La semana que viene, del 6 al 10 de mayo, el Grupo de Trabajo de Comercio Justo y el Consumo Responsable de la Universidad de Huelva, organiza la II Semana de Comercio Justo y Consumo Responsable, \u00a0en colaboraci\u00f3n con la organizaci\u00f3n IDEAS y la Plataforma Pobreza Cero. Por este motivo, la Biblioteca Universitaria ha organizado una exposici\u00f3n con diferentes materiales (art\u00edculos, revistas y pel\u00edculas) que tratan las relaciones entre trabajadores y peque\u00f1os productores con los poderosos. Esta es nuestra peque\u00f1a contribuci\u00f3n a una forma alternativa de comercio m\u00e1s justo y responsable promovida por varias ONGS, por la Organizaci\u00f3n de las Naciones Unidas y por movimientos sociales y pol\u00edticos, que promueven una relaci\u00f3n comercial voluntaria y justa entre productores y consumidores. El fin \u00faltimo es la transformaci\u00f3n de la realidad social y las reglas del comercio internacional a trav\u00e9s de la incidencia en las pol\u00edticas p\u00fablicas, la sensibilizaci\u00f3n y movilizaci\u00f3n de la sociedad y el fortalecimiento del sector de Comercio Justo.<\/p>\n<p dir=\"ltr\">Durante esa semana, tambi\u00e9n participamos en dos Mesas Informativas, que estar\u00e1n instaladas en vest\u00edbulo de la Biblioteca Central:<\/p>\n<p dir=\"ltr\">&#8211; Mujeres en Zona de Conflicto (MZC), d\u00eda 7, de 17h. a 19 h.<\/p>\n<p dir=\"ltr\">&#8211; Mercadillo solidario. Cooperativa Consumo Gusto, d\u00eda 8, de 11h. a 14h.<\/p>\n<p>Adem\u00e1s, hay otras actividades organizadas por el grupo, en las que\u00a0podr\u00e9is\u00a0participar, como son:<\/p>\n<p dir=\"ltr\">-Desayunos solidarios, en todas las cafeter\u00edas de todos los campus de la UHU.<\/p>\n<p dir=\"ltr\">&#8211; Photocall<\/p>\n<p dir=\"ltr\">-Charla-taller, etc.<\/p>\n<p><strong><strong><br \/>\n<\/strong><\/strong><\/p>\n<p dir=\"ltr\"><strong>Relaci\u00f3n de pel\u00edculas expuestas en la 1\u00aa plata de la biblioteca (Hemeroteca)<\/strong> :<\/p>\n<p dir=\"ltr\"><a href=\"http:\/\/columbus.uhu.es\/record=b1622689~S1*spi#.UYKxwXK1fAw\">Consumo y comercio justo<\/a>; Consumo y desarrollo sostenible \/ gui\u00f3n y direcci\u00f3n, Manuel Jal\u00f3n Oliveras.\u00a0<a href=\"http:\/\/www.uhu.es\/biblioteca\/labuhardilla\/wp-content\/uploads\/2013\/01\/clip_image001.gif\" rel='prettyPhoto[gallery1]'><img loading=\"lazy\" class=\"alignnone size-full wp-image-288\" title=\"clip_image001\" src=\"http:\/\/www.uhu.es\/biblioteca\/labuhardilla\/wp-content\/uploads\/2013\/01\/clip_image001.gif\" alt=\"\" width=\"18\" height=\"12\" \/><\/a><\/p>\n<p dir=\"ltr\"><a href=\"http:\/\/columbus.uhu.es\/record=b1699229~S1*spi\">Batalla en Seattle<\/a> \/ escrita y dirigida por Stuart Townsend. 2009.\u00a0<a href=\"http:\/\/www.uhu.es\/biblioteca\/labuhardilla\/wp-content\/uploads\/2013\/01\/clip_image2.gif\" rel='prettyPhoto[gallery1]'><img loading=\"lazy\" class=\"alignnone size-full wp-image-289\" title=\"clip_image2\" src=\"http:\/\/www.uhu.es\/biblioteca\/labuhardilla\/wp-content\/uploads\/2013\/01\/clip_image2.gif\" alt=\"\" width=\"18\" height=\"12\" \/><\/a><\/p>\n<p dir=\"ltr\"><a href=\"http:\/\/columbus.uhu.es\/record=b1699228~S1*spi\">Pers\u00e9polis<\/a> \/ Vincent Paronnaud, Marjane Satrapi. 2007.\u00a0<a href=\"http:\/\/www.uhu.es\/biblioteca\/labuhardilla\/wp-content\/uploads\/2013\/01\/clip_image3.gif\" rel='prettyPhoto[gallery1]'><img loading=\"lazy\" class=\"alignnone size-full wp-image-290\" title=\"clip_image3\" src=\"http:\/\/www.uhu.es\/biblioteca\/labuhardilla\/wp-content\/uploads\/2013\/01\/clip_image3.gif\" alt=\"\" width=\"18\" height=\"12\" \/><\/a><\/p>\n<p dir=\"ltr\"><a href=\"http:\/\/columbus.uhu.es\/record=b1521334~S1*spi#.UYK8z3K1fAw\">En un mundo libre<\/a> \/ dirigida por Ken Loach. 2007.\u00a0<a href=\"http:\/\/www.uhu.es\/biblioteca\/labuhardilla\/wp-content\/uploads\/2013\/01\/clip_image5.gif\" rel='prettyPhoto[gallery1]'><img loading=\"lazy\" class=\"alignnone size-full wp-image-292\" title=\"clip_image5\" src=\"http:\/\/www.uhu.es\/biblioteca\/labuhardilla\/wp-content\/uploads\/2013\/01\/clip_image5.gif\" alt=\"\" width=\"18\" height=\"12\" \/><\/a><\/p>\n<p dir=\"ltr\"><a href=\"http:\/\/columbus.uhu.es\/record=b1575847~S1*spi\">El jardinero fiel<\/a> \/ dirigida por Fernando Meirelles. 2005.\u00a0<a href=\"http:\/\/www.uhu.es\/biblioteca\/labuhardilla\/wp-content\/uploads\/2013\/01\/clip_image5.gif\" rel='prettyPhoto[gallery1]'><img loading=\"lazy\" class=\"alignnone size-full wp-image-292\" title=\"clip_image5\" src=\"http:\/\/www.uhu.es\/biblioteca\/labuhardilla\/wp-content\/uploads\/2013\/01\/clip_image5.gif\" alt=\"\" width=\"18\" height=\"12\" \/><\/a><\/p>\n<p dir=\"ltr\"><a href=\"http:\/\/columbus.uhu.es\/record=b1699230~S1*spi\">El se\u00f1or de la guerra<\/a> \/ escrita y dirigida por Andrew Niccol. 2005.\u00a0<a href=\"http:\/\/www.uhu.es\/biblioteca\/labuhardilla\/wp-content\/uploads\/2013\/01\/clip_image2.gif\" rel='prettyPhoto[gallery1]'><img loading=\"lazy\" class=\"alignnone size-full wp-image-289\" title=\"clip_image2\" src=\"http:\/\/www.uhu.es\/biblioteca\/labuhardilla\/wp-content\/uploads\/2013\/01\/clip_image2.gif\" alt=\"\" width=\"18\" height=\"12\" \/><\/a><\/p>\n<p dir=\"ltr\"><a href=\"http:\/\/columbus.uhu.es\/record=b1393768~S1*spi#.UYK9O3K1fAw\">La Pesadilla de Darwin<\/a> \/ escrita y dirigida por Hubert Sauper. 2004. <a href=\"http:\/\/www.uhu.es\/biblioteca\/labuhardilla\/wp-content\/uploads\/2013\/01\/clip_image3.gif\" rel='prettyPhoto[gallery1]'><img loading=\"lazy\" class=\"alignnone size-full wp-image-290\" title=\"clip_image3\" src=\"http:\/\/www.uhu.es\/biblioteca\/labuhardilla\/wp-content\/uploads\/2013\/01\/clip_image3.gif\" alt=\"\" width=\"18\" height=\"12\" \/><\/a><\/p>\n<p dir=\"ltr\"><a href=\"http:\/\/columbus.uhu.es\/record=b1390347~S1*spi\">Crash<\/a> \/ dirigida por Paul Haggis. 2004.\u00a0<a href=\"http:\/\/www.uhu.es\/biblioteca\/labuhardilla\/wp-content\/uploads\/2013\/01\/clip_image2.gif\" rel='prettyPhoto[gallery1]'><img loading=\"lazy\" class=\"alignnone size-full wp-image-289\" title=\"clip_image2\" src=\"http:\/\/www.uhu.es\/biblioteca\/labuhardilla\/wp-content\/uploads\/2013\/01\/clip_image2.gif\" alt=\"\" width=\"18\" height=\"12\" \/><\/a><\/p>\n<p dir=\"ltr\"><a href=\"http:\/\/columbus.uhu.es\/record=b1370544~S1*spi#.UYK-0nK1fAw\">Lloviendo piedras<\/a> \/ \u00a0dirigida por Ken Loach. 1993.\u00a0<a href=\"http:\/\/www.uhu.es\/biblioteca\/labuhardilla\/wp-content\/uploads\/2013\/01\/clip_image5.gif\" rel='prettyPhoto[gallery1]'><img loading=\"lazy\" class=\"alignnone size-full wp-image-292\" title=\"clip_image5\" src=\"http:\/\/www.uhu.es\/biblioteca\/labuhardilla\/wp-content\/uploads\/2013\/01\/clip_image5.gif\" alt=\"\" width=\"18\" height=\"12\" \/><\/a><\/p>\n<p dir=\"ltr\"><a href=\"http:\/\/columbus.uhu.es\/record=b1567866~S1*spi#.UYK-_HK1fAw\">Germinal<\/a> \/ dirigida por Claude Berri. 1993. \u00a0<a href=\"http:\/\/www.uhu.es\/biblioteca\/labuhardilla\/wp-content\/uploads\/2013\/01\/clip_image3.gif\" rel='prettyPhoto[gallery1]'><img loading=\"lazy\" class=\"alignnone size-full wp-image-290\" title=\"clip_image3\" src=\"http:\/\/www.uhu.es\/biblioteca\/labuhardilla\/wp-content\/uploads\/2013\/01\/clip_image3.gif\" alt=\"\" width=\"18\" height=\"12\" \/><\/a><\/p>\n<p dir=\"ltr\"><a href=\"http:\/\/columbus.uhu.es\/record=b1440071~S1*spi#.UYK-uHK1fAw\">Qu\u00e9 bello es vivir<\/a> \/dirigida por Frank Capra. 1946.\u00a0<a href=\"http:\/\/www.uhu.es\/biblioteca\/labuhardilla\/wp-content\/uploads\/2013\/01\/clip_image2.gif\" rel='prettyPhoto[gallery1]'><img loading=\"lazy\" class=\"alignnone size-full wp-image-289\" title=\"clip_image2\" src=\"http:\/\/www.uhu.es\/biblioteca\/labuhardilla\/wp-content\/uploads\/2013\/01\/clip_image2.gif\" alt=\"\" width=\"18\" height=\"12\" \/><\/a><\/p>\n<p dir=\"ltr\"><a href=\"http:\/\/columbus.uhu.es\/record=b1440183~S1*spi#.UYK-X3K1fAw\">Tiempos modernos<\/a> \/ Escrita, dirigida y prod. \u00a0por Charles Chaplin. 1936. \u00a0<a href=\"http:\/\/www.uhu.es\/biblioteca\/labuhardilla\/wp-content\/uploads\/2013\/01\/clip_image2.gif\" rel='prettyPhoto[gallery1]'><img loading=\"lazy\" class=\"alignnone size-full wp-image-289\" title=\"clip_image2\" src=\"http:\/\/www.uhu.es\/biblioteca\/labuhardilla\/wp-content\/uploads\/2013\/01\/clip_image2.gif\" alt=\"\" width=\"18\" height=\"12\" \/><\/a><\/p>\n<p>&nbsp;<\/p>\n<p><strong><strong><br \/>\n<\/strong><\/strong><\/p>\n<p dir=\"ltr\">\u201cDurante los \u00faltimos a\u00f1os, la sociolog\u00eda del consumo ha sugerido el surgimiento de un sentido de la \u00abciudadan\u00eda a trav\u00e9s del consumo\u00bb. Este planteamiento se ha apoyado en la aparici\u00f3n y el desarrollo de propuestas alternativas como el comercio justo (junto a otras como el consumo responsable, el comercio de reciclados o el desarrollo sostenible), as\u00ed como en la emergencia de los denominados \u00abnuevos consumidores\u00bb, caracterizados por valores de naturaleza m\u00e1s reflexiva como la solidaridad, la responsabilidad social, el multiculturalismo y la ecolog\u00eda\u201d<\/p>\n<p dir=\"ltr\">(Resumen del art\u00edculo \u201cEl comercio justo en la opini\u00f3n p\u00fablica espa\u00f1ola :perfiles y orientaciones\u201d.\u00a0Ram\u00f3n Llopis Goig. EN: Papers: revista de sociolog\u00eda, ISSN 0210-2862, N\u00ba 88, 2008, p. 61-80<\/p>\n<p dir=\"ltr\">\u00c9ste y otros art\u00edculos los podr\u00e1s encontrar en la selecci\u00f3n de revistas que hemos preparado:<\/p>\n<p dir=\"ltr\"><strong>Revista:\u00a0<\/strong><\/p>\n<p dir=\"ltr\"><a title=\"El comercio justo en Espa\u00f1a\" href=\"http:\/\/columbus.uhu.es\/record=b1699428~S1*spi#.UYOJjKK-044\" target=\"_blank\">El Comercio Justo en Espa\u00f1a<\/a>. Madrid : Coordinadora Estatal de Comercio Justo : Icaria.<\/p>\n<p dir=\"ltr\"><strong>Art\u00edculos de revistas:<\/strong><\/p>\n<p dir=\"ltr\">BARRERO, MARIA JOSE. Comercio justo : una alternativa solidaria [en l\u00ednea]. Distribuci\u00f3n y consumo, 1998, <a href=\"http:\/\/dialnet.unirioja.es\/servlet\/listaarticulos?tipo_busqueda=EJEMPLAR&amp;revista_busqueda=427&amp;clave_busqueda=27779\">\u00a0<\/a>A\u00f1o n\u00ba 8, n\u00ba 41, p. 46-50. Disponible en Internet:<a href=\"http:\/\/dialnet.unirioja.es\/servlet\/articulo?codigo=228904&amp;orden=0&amp;info=link\"> http:\/\/dialnet.unirioja.es\/servlet\/articulo?codigo=228904&amp;orden=0&amp;info=link<\/a><\/p>\n<p dir=\"ltr\">CHAVEZ BECKER, Carlos, ARDITI, Benjam\u00edn. Del comercio libre al comercio justo las iniciativas de los nuevos defensores de la equidad en las relaciones Norte-Sur. Sistema: Revista de ciencias sociales, 2006, n\u00ba195, p. 53-82<\/p>\n<p dir=\"ltr\">DOBLAS, Natividad , SOCIAS SALV\u00c1, Antonio. El comercio justo: implicaciones econ\u00f3micas y solidarias. CIRIEC &#8211; Espa\u00f1a. Revista de econom\u00eda p\u00fablica, social y cooperativa, 2005 , n\u00ba 51, p. 7-24<\/p>\n<p dir=\"ltr\">LLOPIS GOIG, Ram\u00f3n. Consumo responsable y globalizaci\u00f3n reflexiva:un estudio referido al comercio justo en Espa\u00f1a [en l\u00ednea]. Revista espa\u00f1ola del tercer sector, 2009, n\u00ba. 11, p. 145-165. Disponible en Internet:<a href=\"http:\/\/dialnet.unirioja.es\/descarga\/articulo\/2971678.pdf\"> http:\/\/dialnet.unirioja.es\/descarga\/articulo\/2971678.pdf<\/a><\/p>\n<p dir=\"ltr\">MARTINEZ CARRASCO MARTINEZ, Laura. La aceptaci\u00f3n de los alimentos de Comercio Justo. Un estudio exploratorio en el sureste de Espa\u00f1a [en l\u00ednea].Revista espa\u00f1ola de estudios agrosociales y pesqueros, 2007, n\u00ba ,213, p. 155-178. Disponible en Internet: <a href=\"http:\/\/dialnet.unirioja.es\/servlet\/articulo?codigo=2492982&amp;orden=0&amp;info=link\" target=\"_blank\">http:\/\/dialnet.unirioja.es\/servlet\/articulo?codigo=2492982&amp;orden=0&amp;info=link<\/a><\/p>\n<p dir=\"ltr\">QUERO GALLEGO,Manuel J.\u00a0La pr\u00e1ctica del portafolio como herramienta para el reconocimiento de competencias adquiridas en el voluntariado del Comercio Justo [en l\u00ednea].Educar, 2008, n\u00ba 42 , p. 53-61. Disponible en Internet:<a href=\"http:\/\/dialnet.unirioja.es\/servlet\/articulo?codigo=3100549&amp;orden=238694&amp;info=link\"> http:\/\/dialnet.unirioja.es\/servlet\/articulo?codigo=3100549&amp;orden=238694&amp;info=link<\/a><\/p>\n<p dir=\"ltr\">SANZ FERN\u00c1NDEZ, Florentino. Educar para el desarrollo sostenible y el comercio justo. Revista de educaci\u00f3n, 2003, N\u00ba Extra 1, \u00a0p. 241-269<\/p>\n<p dir=\"ltr\">SUBDIRECCI\u00d3N GENERAL DE ESTUDIOS DEL SECTOR EXTERIOR. El Comercio Justo \u00bfuna v\u00eda para mejorar las condiciones de vida de los productores del sur? [en l\u00ednea]. Bolet\u00edn econ\u00f3mico de ICE, Informaci\u00f3n Comercial Espa\u00f1ola, 2002, n\u00ba2732, p. 3-8. Disponible en Internet: http:\/\/dialnet.unirioja.es\/servlet\/articulo?codigo=253759&amp;orden=1&amp;info=link<\/p>\n<p dir=\"ltr\">Y adem\u00e1s, en nuestro cat\u00e1logo Columbus:<\/p>\n<p dir=\"ltr\"><a title=\"Comercio justo\" href=\"  http:\/\/columbus.uhu.es\/search*spi\/X?t:(comercio%20justo)&amp;searchscope=1&amp;Da=&amp;Db=&amp;SORT=D\" target=\"_blank\">Comercio justo<\/a><\/p>\n<p dir=\"ltr\"><a title=\"Consumo responsable\" href=\"http:\/\/columbus.uhu.es\/search~S1*spi\/?searchtype=X&amp;searcharg=consumo+responsable&amp;searchscope=1&amp;sortdropdown=-&amp;SORT=D&amp;extended=0&amp;SUBMIT=Buscar&amp;searchlimits=&amp;searchorigarg=Xt%3A%28comercio+justo%29%26SORT%3DD\" target=\"_blank\">Consumo responsable<\/a><\/p>\n<p dir=\"ltr\">M\u00e1s informaci\u00f3n en:\u00a0http:\/\/www.uhu.es\/fexp\/aulasostenibilidad<\/p>\n","protected":false},"excerpt":{"rendered":"<p>La semana que viene, del 6 al 10 de mayo, el Grupo de Trabajo de Comercio Justo y el Consumo Responsable de la Universidad de Huelva, organiza la II Semana de Comercio Justo y Consumo Responsable, \u00a0en colaboraci\u00f3n con la organizaci\u00f3n IDEAS y la Plataforma Pobreza Cero. Por este motivo, la Biblioteca Universitaria ha organizado&nbsp;<span class=\"excerpt_more\"><a href=\"https:\/\/www.uhu.es\/biblioteca\/labuhardilla\/?p=492\">[Seguir leyendo&#8230;]<\/a><\/span><\/p>\n","protected":false},"author":4,"featured_media":502,"comment_status":"open","ping_status":"open","sticky":false,"template":"","format":"standard","meta":{"_s2mail":"yes"},"categories":[3,6],"tags":[47,94],"_links":{"self":[{"href":"https:\/\/www.uhu.es\/biblioteca\/labuhardilla\/index.php?rest_route=\/wp\/v2\/posts\/492"}],"collection":[{"href":"https:\/\/www.uhu.es\/biblioteca\/labuhardilla\/index.php?rest_route=\/wp\/v2\/posts"}],"about":[{"href":"https:\/\/www.uhu.es\/biblioteca\/labuhardilla\/index.php?rest_route=\/wp\/v2\/types\/post"}],"author":[{"embeddable":true,"href":"https:\/\/www.uhu.es\/biblioteca\/labuhardilla\/index.php?rest_route=\/wp\/v2\/users\/4"}],"replies":[{"embeddable":true,"href":"https:\/\/www.uhu.es\/biblioteca\/labuhardilla\/index.php?rest_route=%2Fwp%2Fv2%2Fcomments&post=492"}],"version-history":[{"count":15,"href":"https:\/\/www.uhu.es\/biblioteca\/labuhardilla\/index.php?rest_route=\/wp\/v2\/posts\/492\/revisions"}],"predecessor-version":[{"id":508,"href":"https:\/\/www.uhu.es\/biblioteca\/labuhardilla\/index.php?rest_route=\/wp\/v2\/posts\/492\/revisions\/508"}],"wp:featuredmedia":[{"embeddable":true,"href":"https:\/\/www.uhu.es\/biblioteca\/labuhardilla\/index.php?rest_route=\/wp\/v2\/media\/502"}],"wp:attachment":[{"href":"https:\/\/www.uhu.es\/biblioteca\/labuhardilla\/index.php?rest_route=%2Fwp%2Fv2%2Fmedia&parent=492"}],"wp:term":[{"taxonomy":"category","embeddable":true,"href":"https:\/\/www.uhu.es\/biblioteca\/labuhardilla\/index.php?rest_route=%2Fwp%2Fv2%2Fcategories&post=492"},{"taxonomy":"post_tag","embeddable":true,"href":"https:\/\/www.uhu.es\/biblioteca\/labuhardilla\/index.php?rest_route=%2Fwp%2Fv2%2Ftags&post=492"}],"curies":[{"name":"wp","href":"https:\/\/api.w.org\/{rel}","templated":true}]}}