{"id":4931,"date":"2017-03-31T12:35:03","date_gmt":"2017-03-31T12:35:03","guid":{"rendered":"http:\/\/www.uhu.es\/biblioteca\/labuhardilla\/?p=4931"},"modified":"2017-03-31T12:35:03","modified_gmt":"2017-03-31T12:35:03","slug":"te-veo-te-escucho-y-me-importas","status":"publish","type":"post","link":"https:\/\/www.uhu.es\/biblioteca\/labuhardilla\/?p=4931","title":{"rendered":"Te veo, te escucho y me importas"},"content":{"rendered":"<p dir=\"ltr\"><a href=\"http:\/\/www.uhu.es\/biblioteca\/labuhardilla\/wp-content\/uploads\/2017\/03\/Screenshot1.png\" rel='prettyPhoto[gallery1]'><img loading=\"lazy\" class=\"alignleft size-medium wp-image-4954\" title=\"La BUH en las redes sociales\" src=\"http:\/\/www.uhu.es\/biblioteca\/labuhardilla\/wp-content\/uploads\/2017\/03\/Screenshot1-300x298.png\" alt=\"\" width=\"300\" height=\"298\" srcset=\"https:\/\/www.uhu.es\/biblioteca\/labuhardilla\/wp-content\/uploads\/2017\/03\/Screenshot1-300x298.png 300w, https:\/\/www.uhu.es\/biblioteca\/labuhardilla\/wp-content\/uploads\/2017\/03\/Screenshot1-150x150.png 150w, https:\/\/www.uhu.es\/biblioteca\/labuhardilla\/wp-content\/uploads\/2017\/03\/Screenshot1-85x85.png 85w, https:\/\/www.uhu.es\/biblioteca\/labuhardilla\/wp-content\/uploads\/2017\/03\/Screenshot1.png 387w\" sizes=\"(max-width: 300px) 100vw, 300px\" \/><\/a>El grupo de trabajo Biblioteca 2.0. de la BUH quiere compartir con vosotros los datos de la presencia de nuestra Biblioteca en las redes sociales durante 2016.<\/p>\n<p dir=\"ltr\">Seguimos aumentando nuestro n\u00famero de seguidores, que en 2016 fueron ya 25248, y realizamos un total de 2092 publicaciones.<\/p>\n<p dir=\"ltr\">\u00a0Al hilo de esto, os animamos a consultar el reciente informe elaborado por la Universidad de las Palmas de Gran Canaria<a title=\"Las universidades y las bibliotecas universitarias espa\u00f1olas en las redes sociales\" href=\"http:\/\/acceda.ulpgc.es\/handle\/10553\/21107\" target=\"_blank\"> Las universidades y las bibliotecas universitarias espa\u00f1olas en las redes sociales. 2017<\/a>, que analiza la presencia en las redes sociales de las 76 universidades espa\u00f1olas asociadas a la CRUE1, sus correspondientes bibliotecas y el CSIC. Incluye datos registrados en 2013, comparados con datos recogidos en el primer trimestre de 2017. Este informe sit\u00faa la presencia de nuestra Biblioteca en redes sociales en puestos muy destacados:<\/p>\n<p dir=\"ltr\"><a href=\"http:\/\/www.uhu.es\/biblioteca\/labuhardilla\/wp-content\/uploads\/2017\/03\/twitter-logo-jun-2012.jpg\" rel='prettyPhoto[gallery1]'><img loading=\"lazy\" class=\"alignleft size-medium wp-image-4941\" title=\"twitter-logo-jun-2012\" src=\"http:\/\/www.uhu.es\/biblioteca\/labuhardilla\/wp-content\/uploads\/2017\/03\/twitter-logo-jun-2012-300x225.jpg\" alt=\"\" width=\"150\" height=\"150\" srcset=\"https:\/\/www.uhu.es\/biblioteca\/labuhardilla\/wp-content\/uploads\/2017\/03\/twitter-logo-jun-2012-150x150.jpg 150w, https:\/\/www.uhu.es\/biblioteca\/labuhardilla\/wp-content\/uploads\/2017\/03\/twitter-logo-jun-2012-85x85.jpg 85w\" sizes=\"(max-width: 150px) 100vw, 150px\" \/><\/a><\/p>\n<p dir=\"ltr\"><a title=\"Twitter\" href=\"https:\/\/twitter.com\/bibliotecaUHU\" target=\"_blank\">Twitter<\/a><\/p>\n<p dir=\"ltr\">Nuestra posici\u00f3n en el ranking, por n\u00famero de seguidores, nos sit\u00faa entre las 10 primeras y en el ranking, por relaci\u00f3n de n\u00famero de usuarios potenciales por seguidores, ocupamos el puesto n\u00famero 3.<\/p>\n<p dir=\"ltr\"><img loading=\"lazy\" src=\"https:\/\/lh3.googleusercontent.com\/mUVoK1b9b9FmKTRbKSQ_ddenpGeMqWmJ9oDb7PQzwHRI0AUQ28EWWwhEKqTIbdY-GAH9xcUG8JrfxLYk3qOPDLmcexIH4pmOky_Rs5PR9rg59N2cXSSG-xi1-SRwBvpwUKRO-0Bt\" alt=\"pantallatwitter.png\" width=\"602\" height=\"184\" \/><\/p>\n<p dir=\"ltr\"><a href=\"http:\/\/www.uhu.es\/biblioteca\/labuhardilla\/wp-content\/uploads\/2017\/03\/fb_icon_325x325-1.png\" rel='prettyPhoto[gallery1]'><img loading=\"lazy\" class=\"alignleft size-medium wp-image-4943\" title=\"Facebook\" src=\"http:\/\/www.uhu.es\/biblioteca\/labuhardilla\/wp-content\/uploads\/2017\/03\/fb_icon_325x325-1-300x300.png\" alt=\"\" width=\"150\" height=\"150\" srcset=\"https:\/\/www.uhu.es\/biblioteca\/labuhardilla\/wp-content\/uploads\/2017\/03\/fb_icon_325x325-1-300x300.png 300w, https:\/\/www.uhu.es\/biblioteca\/labuhardilla\/wp-content\/uploads\/2017\/03\/fb_icon_325x325-1-150x150.png 150w, https:\/\/www.uhu.es\/biblioteca\/labuhardilla\/wp-content\/uploads\/2017\/03\/fb_icon_325x325-1-85x85.png 85w, https:\/\/www.uhu.es\/biblioteca\/labuhardilla\/wp-content\/uploads\/2017\/03\/fb_icon_325x325-1.png 480w\" sizes=\"(max-width: 150px) 100vw, 150px\" \/><\/a><\/p>\n<p dir=\"ltr\"><a title=\"Facebook\" href=\"https:\/\/www.facebook.com\/BibliotecaUniversidadHuelva\" target=\"_blank\">Facebook<\/a><\/p>\n<p dir=\"ltr\">El ranking por n\u00famero de seguidores est\u00e1 encabezado por la UNED \u00a0que, en relaci\u00f3n con el informe de 2013, nos ha desplazado a un segundo puesto. Si atendemos al n\u00famero de usuarios potenciales por seguidor hemos pasado del puesto 17 al n\u00famero 1.<\/p>\n<p dir=\"ltr\"><img loading=\"lazy\" src=\"https:\/\/lh5.googleusercontent.com\/44VwX5kzN7y-H98BRKkOGKKKdcuvFPqgKku5q54RtICg5wgNXLaqMyindN0Se1NfYdhVzz78cXMVeGr35lV9jWqWx9Xdg6aLgcF5h6Vzq2jI6H4dWPzOzuGTyu05sjtS6SWilz5X\" alt=\"pantallazofacebook.png\" width=\"602\" height=\"197\" \/><\/p>\n<p dir=\"ltr\"><a href=\"http:\/\/www.uhu.es\/biblioteca\/labuhardilla\/wp-content\/uploads\/2017\/03\/logo-flickr.png\" rel='prettyPhoto[gallery1]'><img loading=\"lazy\" class=\"alignleft size-medium wp-image-4945\" title=\"Flickr\" src=\"http:\/\/www.uhu.es\/biblioteca\/labuhardilla\/wp-content\/uploads\/2017\/03\/logo-flickr-300x300.png\" alt=\"\" width=\"150\" height=\"150\" srcset=\"https:\/\/www.uhu.es\/biblioteca\/labuhardilla\/wp-content\/uploads\/2017\/03\/logo-flickr-300x300.png 300w, https:\/\/www.uhu.es\/biblioteca\/labuhardilla\/wp-content\/uploads\/2017\/03\/logo-flickr-150x150.png 150w, https:\/\/www.uhu.es\/biblioteca\/labuhardilla\/wp-content\/uploads\/2017\/03\/logo-flickr-85x85.png 85w, https:\/\/www.uhu.es\/biblioteca\/labuhardilla\/wp-content\/uploads\/2017\/03\/logo-flickr.png 450w\" sizes=\"(max-width: 150px) 100vw, 150px\" \/><\/a><\/p>\n<p dir=\"ltr\"><a title=\"Flickr\" href=\"https:\/\/www.flickr.com\/photos\/bibliotecauniversidaddehuelva\" target=\"_blank\">Flickr<\/a><\/p>\n<p dir=\"ltr\">Destinada a la difusi\u00f3n de fotograf\u00edas, en esta red social tambi\u00e9n ocupamos el primer lugar.<\/p>\n<p dir=\"ltr\"><img loading=\"lazy\" src=\"https:\/\/lh4.googleusercontent.com\/SmLT3Q46eD2U870ZrM86Lr6cOgyfA_CpqbDP18kbiZ65nVnBGJ4JzjO0hMl9MBjHT1hAPgINpnbMN8n8Xg6zal5qqiU_S8zBexjmuu8VLzOAvCCH3u7GqxhlohwltdMZTU16SmKM\" alt=\"pantallazo flicker.png\" width=\"602\" height=\"265\" \/><\/p>\n<p dir=\"ltr\"><a title=\"Pinterest\" href=\"https:\/\/es.pinterest.com\/biblioBUH\/\" target=\"_blank\"><br \/>\n<\/a><\/p>\n<p dir=\"ltr\"><a href=\"http:\/\/www.uhu.es\/biblioteca\/labuhardilla\/wp-content\/uploads\/2017\/03\/pinterest-logo-2.png\" rel='prettyPhoto[gallery1]'><img loading=\"lazy\" class=\"alignleft size-full wp-image-4949\" title=\"Pinterest\" src=\"http:\/\/www.uhu.es\/biblioteca\/labuhardilla\/wp-content\/uploads\/2017\/03\/pinterest-logo-2.png\" alt=\"\" width=\"150\" height=\"150\" srcset=\"https:\/\/www.uhu.es\/biblioteca\/labuhardilla\/wp-content\/uploads\/2017\/03\/pinterest-logo-2.png 200w, https:\/\/www.uhu.es\/biblioteca\/labuhardilla\/wp-content\/uploads\/2017\/03\/pinterest-logo-2-150x150.png 150w, https:\/\/www.uhu.es\/biblioteca\/labuhardilla\/wp-content\/uploads\/2017\/03\/pinterest-logo-2-85x85.png 85w\" sizes=\"(max-width: 150px) 100vw, 150px\" \/><\/a><\/p>\n<p dir=\"ltr\"><a title=\"Pinterest\" href=\"https:\/\/es.pinterest.com\/biblioBUH\/\" target=\"_blank\">Pinterest<\/a><\/p>\n<p dir=\"ltr\">Es un cat\u00e1logo de ideas global en el que ocupamos el n\u00famero 20.\u00a0En el informe de 2013 no aparecimos, ya que nuestro perfil se abri\u00f3 en 2015.<\/p>\n<p>&nbsp;<\/p>\n<p><img loading=\"lazy\" src=\"https:\/\/lh4.googleusercontent.com\/_7DUZFWgeToY4tFv5mnyE7PRszLDxmMNTlWUW1ia-cTmtxyJ_kBJ8z4Of2qaLJqmNg4Kcr9tvyDfC8qWEyVPRNc3IWKCbXaAi3b5HzBUSplFQGJkNsNDvfqf_g2JSiEA6sRz30la\" alt=\"pinterest 1.png\" width=\"602\" height=\"55\" \/><\/p>\n<p dir=\"ltr\"><img loading=\"lazy\" src=\"https:\/\/lh5.googleusercontent.com\/PDsQyyq9aaTnFgGasxZD3AwqUo4HiuLxTTq_9RvakzZDEKw6QMUrNAqvB58Hc5IEAs_7Ng0eKcSUGGG0wolVVJ8cSE8mcYyB83A7QOyNGo4tu6us9XCsE_UH4AkFlTV8ZLXXG1Ph\" alt=\"pinterest 20.png\" width=\"602\" height=\"147\" \/><\/p>\n<p><a title=\"La Buhardilla\" href=\"http:\/\/www.uhu.es\/biblioteca\/labuhardilla\/\" target=\"_blank\"><img loading=\"lazy\" class=\"alignnone size-full wp-image-4977\" title=\"La Buhardilla\" src=\"http:\/\/www.uhu.es\/biblioteca\/labuhardilla\/wp-content\/uploads\/2017\/03\/Screenshot3.png\" alt=\"\" width=\"527\" height=\"110\" srcset=\"https:\/\/www.uhu.es\/biblioteca\/labuhardilla\/wp-content\/uploads\/2017\/03\/Screenshot3.png 527w, https:\/\/www.uhu.es\/biblioteca\/labuhardilla\/wp-content\/uploads\/2017\/03\/Screenshot3-300x62.png 300w\" sizes=\"(max-width: 527px) 100vw, 527px\" \/><\/a><\/p>\n<p>Igualmente, figuramos entre las Biblioteca Universitarias que cuentan con un blog.<\/p>\n<p><img loading=\"lazy\" src=\"https:\/\/lh4.googleusercontent.com\/RT1-B1wNqDNnkIr02RDhnj1H_0KcwgMzHYPX2CzFHgJSVDduvOI1X0jBYJA9ktR7FbKj9NqugeB-hthD5uHuAdqY-KPvcvTBO2hjktrN8co_3a__Kf9DNs7MninjKSrGWFTIX42z\" alt=\"pantallazoblog1.jpg\" width=\"602\" height=\"89\" \/><\/p>\n<p dir=\"ltr\"><img loading=\"lazy\" src=\"https:\/\/lh3.googleusercontent.com\/WboCWTgiB2eOMhl7pVzhzbFdKQ1BPrpxksoeDYw0jcMkrYpN5iQrsT-2VNdT1aZb2KyGSiJCSWhLQ1nDC49BivHKgImgYo9GxHlYGp8W-t94ptC-Y5bGom2Q6lVeFxcRBEVdLU1F\" alt=\"pantallazoblog2.png\" width=\"602\" height=\"83\" \/><\/p>\n<p>&nbsp;<\/p>\n<p>Por \u00faltimo, os recordamos que el grupo Biblioteca 2.0. ha ejecutado el proyecto \u201cEnr\u00e9date con la Biblioteca: la BUH comparte su trabajo en la web social\u201d (Acc\u00e9sit Premio a las Mejores Pr\u00e1cticas en Administraci\u00f3n y Servicios de la Universidad de Huelva 2015). A ra\u00edz del mismo, hemos abierto una p\u00e1gina espec\u00edfica <a href=\"http:\/\/www.uhu.es\/biblioteca\/Biblioteca20\/Biblioteca20.html\">Biblioteca 2.0.<\/a> donde compartimos documentaci\u00f3n e informaci\u00f3n pr\u00e1ctica de nuestro trabajo en redes.<\/p>\n<p><em>&#8220;Las empresas que entienden el Social Media son las que dicen con su mensaje: te veo, te escucho y me importas&#8221;<\/em>.\u00a0Trey Pennington<\/p>\n","protected":false},"excerpt":{"rendered":"<p>El grupo de trabajo Biblioteca 2.0. de la BUH quiere compartir con vosotros los datos de la presencia de nuestra Biblioteca en las redes sociales durante 2016. Seguimos aumentando nuestro n\u00famero de seguidores, que en 2016 fueron ya 25248, y realizamos un total de 2092 publicaciones. \u00a0Al hilo de esto, os animamos a consultar el&nbsp;<span class=\"excerpt_more\"><a href=\"https:\/\/www.uhu.es\/biblioteca\/labuhardilla\/?p=4931\">[Seguir leyendo&#8230;]<\/a><\/span><\/p>\n","protected":false},"author":2,"featured_media":4954,"comment_status":"open","ping_status":"open","sticky":false,"template":"","format":"standard","meta":{"_s2mail":"yes"},"categories":[3,6],"tags":[217,14],"_links":{"self":[{"href":"https:\/\/www.uhu.es\/biblioteca\/labuhardilla\/index.php?rest_route=\/wp\/v2\/posts\/4931"}],"collection":[{"href":"https:\/\/www.uhu.es\/biblioteca\/labuhardilla\/index.php?rest_route=\/wp\/v2\/posts"}],"about":[{"href":"https:\/\/www.uhu.es\/biblioteca\/labuhardilla\/index.php?rest_route=\/wp\/v2\/types\/post"}],"author":[{"embeddable":true,"href":"https:\/\/www.uhu.es\/biblioteca\/labuhardilla\/index.php?rest_route=\/wp\/v2\/users\/2"}],"replies":[{"embeddable":true,"href":"https:\/\/www.uhu.es\/biblioteca\/labuhardilla\/index.php?rest_route=%2Fwp%2Fv2%2Fcomments&post=4931"}],"version-history":[{"count":36,"href":"https:\/\/www.uhu.es\/biblioteca\/labuhardilla\/index.php?rest_route=\/wp\/v2\/posts\/4931\/revisions"}],"predecessor-version":[{"id":4982,"href":"https:\/\/www.uhu.es\/biblioteca\/labuhardilla\/index.php?rest_route=\/wp\/v2\/posts\/4931\/revisions\/4982"}],"wp:featuredmedia":[{"embeddable":true,"href":"https:\/\/www.uhu.es\/biblioteca\/labuhardilla\/index.php?rest_route=\/wp\/v2\/media\/4954"}],"wp:attachment":[{"href":"https:\/\/www.uhu.es\/biblioteca\/labuhardilla\/index.php?rest_route=%2Fwp%2Fv2%2Fmedia&parent=4931"}],"wp:term":[{"taxonomy":"category","embeddable":true,"href":"https:\/\/www.uhu.es\/biblioteca\/labuhardilla\/index.php?rest_route=%2Fwp%2Fv2%2Fcategories&post=4931"},{"taxonomy":"post_tag","embeddable":true,"href":"https:\/\/www.uhu.es\/biblioteca\/labuhardilla\/index.php?rest_route=%2Fwp%2Fv2%2Ftags&post=4931"}],"curies":[{"name":"wp","href":"https:\/\/api.w.org\/{rel}","templated":true}]}}