{"id":5221,"date":"2017-06-16T10:51:04","date_gmt":"2017-06-16T10:51:04","guid":{"rendered":"http:\/\/www.uhu.es\/biblioteca\/labuhardilla\/?p=5221"},"modified":"2017-06-16T10:53:23","modified_gmt":"2017-06-16T10:53:23","slug":"un-cafe","status":"publish","type":"post","link":"https:\/\/www.uhu.es\/biblioteca\/labuhardilla\/?p=5221","title":{"rendered":"\u00bfUn caf\u00e9?"},"content":{"rendered":"<p><a href=\"http:\/\/www.uhu.es\/biblioteca\/labuhardilla\/wp-content\/uploads\/2017\/06\/d338cf7313872d8ac19c66414b9cc385.jpg\" rel='prettyPhoto[gallery1]'><img loading=\"lazy\" class=\"alignleft size-full wp-image-5232\" title=\"Imagen Pinterest\" src=\"http:\/\/www.uhu.es\/biblioteca\/labuhardilla\/wp-content\/uploads\/2017\/06\/d338cf7313872d8ac19c66414b9cc385.jpg\" alt=\"\" width=\"364\" height=\"452\" \/><\/a>Si est\u00e1s de ex\u00e1menes, necesitas una alta dosis de concentraci\u00f3n y mantenerte despierto para conseguir exprimir las horas de estudio: el caf\u00e9 puede ayudarte a conseguirlo.<\/p>\n<p>Seg\u00fan diversos estudios,\u00a0\u00a0la\u00a0<strong>cafe\u00edna<\/strong>\u00a0del caf\u00e9\u00a0combinada con el\u00a0<strong>az\u00facar<\/strong>, es una mezcla excelente par mejorar la atenci\u00f3n, el aprendizaje y la memoria verbal. Parece que tanto la cafe\u00edna como los antioxidantes que contiene el caf\u00e9 reducen la inflamaci\u00f3n en el cerebro, lo que podr\u00eda ralentizar el deterioro de las c\u00e9lulas cerebrales, en especial las que se encuentran en las \u00e1reas del cerebro asociadas con la memoria.<\/p>\n<p>Hemos hecho una b\u00fasqueda en <a title=\"BUHgle\" href=\"http:\/\/uhu.summon.serialssolutions.com\/search?#!\/\" target=\"_blank\">BUHgle<\/a>, el buscador de biblioteca y \u00a0hemos seleccionado s\u00f3lo documentos con car\u00e1cter cient\u00edfico y que ofrezcan el texto completo en l\u00ednea. Efectivamente, en los resultados aparecen estudios cient\u00edficos que hablan de esta relaci\u00f3n entre la cafe\u00edna y la mejora de las habilidades mentales, aqu\u00ed tienes algunos:<br \/>\n<a title=\"post study\" href=\"http:\/\/0-search.proquest.com.columbus.uhu.es\/docview\/1656079280?pq-origsite=summon\" target=\"_blank\">Post-study\u00a0<strong>caffeine<\/strong>\u00a0administration enhances\u00a0<strong>memory<\/strong>consolidation in humans<\/a>\u00a0(2014)<\/p>\n<p><a href=\"http:\/\/hl5yy6xn2p.search.serialssolutions.com\/?ctx_ver=Z39.88-2004&amp;ctx_enc=info%3Aofi%2Fenc%3AUTF-8&amp;rfr_id=info%3Asid%2Fsummon.serialssolutions.com&amp;rft_val_fmt=info%3Aofi%2Ffmt%3Akev%3Amtx%3Ajournal&amp;rft.genre=article&amp;rft.atitle=The+effects+of+caffeine+ingestion+on+cortical+areas%3A+Functional+imaging+study&amp;rft.jtitle=Magnetic+Resonance+Imaging&amp;rft.au=Park%2C+Chan-A&amp;rft.au=Kang%2C+Chang-Ki&amp;rft.au=Son%2C+Young-Don&amp;rft.au=Choi%2C+Eun-Jung&amp;rft.date=2014&amp;rft.issn=0730-725X&amp;rft.eissn=1873-5894&amp;rft.volume=32&amp;rft.issue=4&amp;rft.spage=366&amp;rft.epage=371&amp;rft_id=info:doi\/10.1016%2Fj.mri.2013.12.018&amp;rft.externalDBID=n%2Fa&amp;rft.externalDocID=52996628&amp;paramdict=es-ES\" target=\"_blank\">The effects of caffeine ingestion on cortical areas: Functional imaging study. Magnetic Resonance Imaging<\/a><br \/>\n<a title=\"does caffeine\" href=\"http:\/\/www.sciencedirect.com\/science\/article\/pii\/S1053811907007495\" target=\"_blank\">Does\u00a0<strong>caffeine<\/strong>\u00a0modulate verbal working\u00a0<strong>memory<\/strong>\u00a0processes? An fMRI study<\/a>\u00a0(2008)<\/p>\n<p>Desde la biblioteca, te recomendamos \u00a0tomar caf\u00e9 con moderaci\u00f3n, puesto que en exceso provoca nerviosismo, un estado para nada deseable en \u00e9poca de ex\u00e1menes.<\/p>\n<p>Y si estudias en la biblio recuerda: t\u00f3malo fuera del edificio, si lo tomas en la escalera de la entrada, tira el vaso a la papelera cuando termines. El edificio es de todos, mantenlo limpio.<\/p>\n<h4><\/h4>\n<h2 style=\"text-align: center;\"><span style=\"color: #8f468b;\">Si quieres saber m\u00e1s, utiliza\u00a0<a title=\"BUHgle\" href=\"http:\/\/uhu.summon.serialssolutions.com\/search?#!\/\" target=\"_blank\"><span style=\"color: #8f468b;\">BUHgle<\/span><\/a><\/span><\/h2>\n","protected":false},"excerpt":{"rendered":"<p>Si est\u00e1s de ex\u00e1menes, necesitas una alta dosis de concentraci\u00f3n y mantenerte despierto para conseguir exprimir las horas de estudio: el caf\u00e9 puede ayudarte a conseguirlo. Seg\u00fan diversos estudios,\u00a0\u00a0la\u00a0cafe\u00edna\u00a0del caf\u00e9\u00a0combinada con el\u00a0az\u00facar, es una mezcla excelente par mejorar la atenci\u00f3n, el aprendizaje y la memoria verbal. Parece que tanto la cafe\u00edna como los antioxidantes que&nbsp;<span class=\"excerpt_more\"><a href=\"https:\/\/www.uhu.es\/biblioteca\/labuhardilla\/?p=5221\">[Seguir leyendo&#8230;]<\/a><\/span><\/p>\n","protected":false},"author":2,"featured_media":5232,"comment_status":"open","ping_status":"open","sticky":false,"template":"","format":"standard","meta":{"_s2mail":"yes"},"categories":[6,5],"tags":[221,28],"_links":{"self":[{"href":"https:\/\/www.uhu.es\/biblioteca\/labuhardilla\/index.php?rest_route=\/wp\/v2\/posts\/5221"}],"collection":[{"href":"https:\/\/www.uhu.es\/biblioteca\/labuhardilla\/index.php?rest_route=\/wp\/v2\/posts"}],"about":[{"href":"https:\/\/www.uhu.es\/biblioteca\/labuhardilla\/index.php?rest_route=\/wp\/v2\/types\/post"}],"author":[{"embeddable":true,"href":"https:\/\/www.uhu.es\/biblioteca\/labuhardilla\/index.php?rest_route=\/wp\/v2\/users\/2"}],"replies":[{"embeddable":true,"href":"https:\/\/www.uhu.es\/biblioteca\/labuhardilla\/index.php?rest_route=%2Fwp%2Fv2%2Fcomments&post=5221"}],"version-history":[{"count":34,"href":"https:\/\/www.uhu.es\/biblioteca\/labuhardilla\/index.php?rest_route=\/wp\/v2\/posts\/5221\/revisions"}],"predecessor-version":[{"id":5258,"href":"https:\/\/www.uhu.es\/biblioteca\/labuhardilla\/index.php?rest_route=\/wp\/v2\/posts\/5221\/revisions\/5258"}],"wp:featuredmedia":[{"embeddable":true,"href":"https:\/\/www.uhu.es\/biblioteca\/labuhardilla\/index.php?rest_route=\/wp\/v2\/media\/5232"}],"wp:attachment":[{"href":"https:\/\/www.uhu.es\/biblioteca\/labuhardilla\/index.php?rest_route=%2Fwp%2Fv2%2Fmedia&parent=5221"}],"wp:term":[{"taxonomy":"category","embeddable":true,"href":"https:\/\/www.uhu.es\/biblioteca\/labuhardilla\/index.php?rest_route=%2Fwp%2Fv2%2Fcategories&post=5221"},{"taxonomy":"post_tag","embeddable":true,"href":"https:\/\/www.uhu.es\/biblioteca\/labuhardilla\/index.php?rest_route=%2Fwp%2Fv2%2Ftags&post=5221"}],"curies":[{"name":"wp","href":"https:\/\/api.w.org\/{rel}","templated":true}]}}