{"id":5259,"date":"2017-06-27T10:44:54","date_gmt":"2017-06-27T10:44:54","guid":{"rendered":"http:\/\/www.uhu.es\/biblioteca\/labuhardilla\/?p=5259"},"modified":"2017-06-27T10:44:54","modified_gmt":"2017-06-27T10:44:54","slug":"7-libros-y-3-pelis-para-meter-en-la-maleta","status":"publish","type":"post","link":"https:\/\/www.uhu.es\/biblioteca\/labuhardilla\/?p=5259","title":{"rendered":"7 libros y 3 pelis para meter en la maleta"},"content":{"rendered":"<p><a href=\"http:\/\/www.uhu.es\/biblioteca\/labuhardilla\/wp-content\/uploads\/2017\/06\/1.png\" rel='prettyPhoto[gallery1]'><img loading=\"lazy\" class=\"alignleft size-large wp-image-5271\" title=\"Selecci\u00f3n de libros para este verano\" src=\"http:\/\/www.uhu.es\/biblioteca\/labuhardilla\/wp-content\/uploads\/2017\/06\/1-682x1024.png\" alt=\"\" width=\"300\" height=\"600\" \/><\/a>Ya casi han terminado los ex\u00e1menes y s\u00f3lo pensamos en descansar y disfrutar del verano: ir a la playa, a la monta\u00f1a o al chiringuito a tomarnos unas ca\u00f1as&#8230; Desde aqu\u00ed os deseamos a todos que disfrut\u00e9is todo lo posible y que descans\u00e9is, \u00a0y nada mejor para relajarse que llevar en la maleta alg\u00fan libro o alguna pel\u00edcula entretenida.<\/p>\n<p>El\u00a0verano\u00a0invita a leer como ninguna otra estaci\u00f3n, sobre todo en la playa, en la piscina, en los aeropuertos, y en las largas tardes de verano&#8230;los d\u00edas se alargan en esta \u00e9poca del a\u00f1o y tenemos tiempo para todo.<\/p>\n<p>La selecci\u00f3n que hemos hecho incluye los libros y las pel\u00edculas que m\u00e1s hab\u00e9is sacado en pr\u00e9stamo en lo que va de a\u00f1o, as\u00ed que la recomendaci\u00f3n en realidad es vuestra.<\/p>\n<p><strong><a title=\"Un sensaci\u00f3n extra\u00f1a\" href=\"http:\/\/columbus.uhu.es\/record=b1839290~S1*spi\" target=\"_blank\">Una sensaci\u00f3n extra\u00f1a \/ Orhan Pamuk.-<\/a>\u00a0<\/strong>Una \u00e9pica moderna, una historia de amor inolvidable situada en el mapa m\u00e1s underground , pol\u00edtico, sucio y conflictivo de la ciudad de Estambul. Una novela destinada a convertirse en uno de los mayores logros del Premio Nobel Orhan Pamuk. Una sensaci\u00f3n extra\u00f1a , la novela m\u00e1s reciente de Orhan Pamuk, arranca con el anuncio de que lo que vamos a leer es, por un lado el relato de la vida, las aventuras y los sue\u00f1os del vendedor callejero Mevlut Karatas, y por el otro un retrato de la ciudad de Estambul entre 1969 y 2012 visto a trav\u00e9s de los ojos de numerosas personas. Desde que a los doce a\u00f1os abandonara la aldea de Anatolia donde naci\u00f3, Mevlut Karatas no hace m\u00e1s que fantasear sobre su vida. Instalado en Estambul, desde el primer momento se siente cautivado por la ciudad vieja, sometida a constantes transformaciones, y por la nueva metr\u00f3poli que se abre paso r\u00e1pidamente en su lugar. Y es all\u00ed, en \u00abel centro del mundo\u00bb, donde le veremos crecer, enamorarse y ganarse la vida como vendedor callejero de boza, una bebida tradicional turca. ABC Cultura.<\/p>\n<p><strong><a title=\"Cuentos sin hadas\" href=\"http:\/\/columbus.uhu.es\/record=b1852975~S1*spi\" target=\"_blank\">Cuentos sin hadas \/ Carlos Edmundo de Ory<\/a>.-\u00a0<\/strong>Pocas veces se ha topado en su historia la literatura espa\u00f1ola con una personalidad tan ecl\u00e9ctica y refractaria a etiquetas y escalafones como la de Carlos Edmundo de Ory (C\u00e1diz, 1923-Th\u00e9zy-Glimont, 2010). Un escritor al que le gustaba ser integrado en la categor\u00eda de los raros. Sab\u00eda que ah\u00ed jugaba con la ventaja que la independencia le conced\u00eda para hacer y deshacer sin atenerse al imperativo de las modas o a las fluctuaciones del tiempo. En ese terreno germin\u00f3 su lucidez alucinada, su sentido sacralizado de la creaci\u00f3n y esa cosa esquiva que se llama genio. Cualidades analizadas en profundidad en su poes\u00eda, pero a las que se les ha prestado poca atenci\u00f3n a la hora de tratar su narrativa. Sin embargo, su dedicaci\u00f3n al cuento no fue epis\u00f3dica sino una constante y una de las facetas m\u00e1s interesantes y menos conocidas del conjunto de su obra.<\/p>\n<p><strong><a title=\"En el pa\u00eds de la nube blanca\" href=\"http:\/\/columbus.uhu.es\/record=b1854913~S1*spi\" target=\"_blank\">En el pa\u00eds de la nube blanca \/ Sarah Lark<\/a>.-\u00a0<\/strong>Londres, 1852: dos chicas emprenden la traves\u00eda en barco hacia Nueva Zelanda. Para ellas significa el comienzo de una nueva vida como futuras esposas de unos hombres a quienes no conocen. Gwyneira, de origen noble, est\u00e1 prometida al hijo de un magnate de la lana, mientras que Helen, institutriz de profesi\u00f3n, ha respondido a la solicitud de matrimonio de un granjero. Ambas deber\u00e1n seguir su destino en una tierra a la que se compara con el para\u00edso. Pero \u00bfhallar\u00e1n el amor y la felicidad en el extremo opuesto del mundo?<br \/>\n<em>En el pa\u00eds de la nube blanca<\/em>, el debut m\u00e1s exitoso de los \u00faltimos a\u00f1os en Alemania, es una novela cautivadora sobre el amor y el odio, la confianza y la enemistad, y sobre dos familias cuyo sino est\u00e1 unido de forma indisoluble. casadellibro.com<\/p>\n<p><strong><a title=\"Sushi para principiantes\" href=\"http:\/\/columbus.uhu.es\/record=b1392241~S1*spi\" target=\"_blank\">Sushi para principiantes \/ Marian Keyes<\/a>.-<\/strong>\u00a0Aguda, zumbona y divertida. Tres chicas corrientes sobreviven a la soledad y a las penurias de la exigente y contradictoria vida moderna. Amores cruzados, fracasos laborales y personales; todo tratado de t\u00fa a t\u00fa. Para lectoras desorientadas de hoy. casadellibro.com<\/p>\n<p><a title=\"Palestina\" href=\"http:\/\/columbus.uhu.es\/record=b1855038~S1*spi\" target=\"_blank\"><strong>Palestina :<\/strong><strong>\u00a0[novela] \/ Hubert Haddad<\/strong><\/a>.-\u00a0En el asalto de un comando palestino a una patrulla israel\u00ed en alg\u00fan lugar de Cisjordania perdido entre la L\u00ednea verde y el cintur\u00f3n de seguridad, un soldado israel\u00ed es secuestrado por la tropa de milicianos, que no tardar\u00e1 en ser aniquilada. Herido, en estado de choque, el reh\u00e9n pierde todo punto de referencia y olvida su nombre. Se ve arrastrado al otro lado del espejo. \u00danico superviviente, sin documentos y ataviado con ropa de civil y keffieh, el joven es rescatado por dos mujeres palestinas que curan sus heridas y le dan cobijo. A partir de ese momento se convertir\u00e1 en Nessim y durante su convalecencia descubrir\u00e1 y sufrir\u00e1 el dolor y la aflicci\u00f3n del pueblo palestino en una Cisjordania ocupada hasta convertirse en uno de los suyos.<\/p>\n<p><strong><a title=\"La trampa dorada\" href=\"http:\/\/columbus.uhu.es\/record=b1854879~S1*spi\" target=\"_blank\">La trampa dorada \/ Philippa Gregory<\/a>.-\u00a0<\/strong>Inglaterra, 1539. Tras la muerte de Jane Seymour, el rey Enrique VIII vuelve a tomar esposa: su cuarta reina. Desde todos los confines del reino, las j\u00f3venes de familia noble anhelan ser llamadas a la Corte y eludir as\u00ed un destino poco prometedor. Pero el rey se fija en Ana de Cl\u00e9veris, hija del duque de Cl\u00e9veris, a la que \u00fanicamente ha visto retratada en pinturas. Juana Bolena y Catalina Howard, dos mujeres ca\u00eddas en desgracia, sin fortuna que asegure sus dotes, se cuentan entre las elegidas para servir a la nueva reina.No obstante, lo que parece un cuento de hadas de pronto se revela como una trampa dorada. La historia se repite: Enrique VIII se enamora de una de las damas de compa\u00f1\u00eda de su esposa.Tras La otra Bolena, La trampa dorada retoma las vicisitudes de la dinast\u00eda Tudor despu\u00e9s de la ejecuci\u00f3n de Ana Bolena. Una novela intensa, de intriga absorbente y factura impecable que captura la \u00e9poca y el sentir de tres mujeres radicalmente opuestas que, sin embargo, ver\u00e1n sus destinos unirse para intentar sobrevivir en la corte de un tirano.\u00abLa reina de la novela hist\u00f3rica.\u00bb USA Today<\/p>\n<p><strong><a title=\"El secreto de la modelo extraviada\" href=\"http:\/\/columbus.uhu.es\/record=b1852998~S1*spi\" target=\"_blank\">El secreto de la modelo extraviada \/ Mendoza, Eduardo<\/a>.-\u00a0<\/strong>En la nueva novela de Eduardo Mendoza, El secreto de la modelo extraviada ,\u00a0el detective loco que protagoniz\u00f3 El misterio de la cripta embrujada , El laberinto\u00a0de las aceitunas y recientemente El enredo de la bolsa y la vida recuerda\u00a0un caso aparentemente cerrado de los ochenta y no ceja en su empe\u00f1o\u00a0de resolverlo m\u00e1s de veinte a\u00f1os despu\u00e9s. El detective m\u00e1s divertido de la\u00a0narrativa espa\u00f1ola nos cuenta aqu\u00ed su doble aventura: \u00abPara el que ha pasado buena parte de su vida encerrado en un manicomio,\u00a0aunque sea injustamente, como es mi caso, una reacci\u00f3n absurda no\u00a0tiene nada de particular, aunque eso suponga meterse en l\u00edos. La cuesti\u00f3n es\u00a0que un incidente trivial me trajo recuerdos y viaj\u00e9 al pasado (con la memoria,\u00a0ya he dicho que no estoy loco). A\u00f1os atr\u00e1s me vi envuelto en un asunto feo.\u00a0Hab\u00edan asesinado a una modelo y me culpaban a m\u00ed. Por supuesto, sin raz\u00f3n:\u00a0una modelo no har\u00eda caso a un tipo como yo ni asesin\u00e1ndola. Simplemente,\u00a0hab\u00eda un oscuro enredo, estaba metida gente importante y pensaron que yo\u00a0pod\u00eda servir de cabeza de turco o de conejillo de indias, o como sea que se\u00a0llame el desgraciado que paga los platos rotos. Para salvar el pellejo tuve que\u00a0recurrir a mi ingenio y a m\u00e9todos poco convencionales y pedir ayuda a personas\u00a0de mi c\u00edrculo, no siempre recomendables. No s\u00e9 si sal\u00ed bien parado del\u00a0intento, pero sal\u00ed. Ahora todo aquello ya es agua pasada. Sin embargo, un\u00a0impulso me ha hecho volver sobre mis pasos, recorrer los antiguos escenarios,\u00a0buscar a las personas que fueron protagonistas de aquel oscuro caso, y\u00a0resolverlo por fin. Pero las cosas han cambiado. No s\u00f3lo las personas y la\u00a0forma de vivir, sino sobre todo la ciudad. En aquella \u00e9poca, Barcelona era una\u00a0cochambre. Hoy es la ciudad m\u00e1s visitada y admirada. \u00a1Qui\u00e9n nos lo iba a\u00a0decir! La Barcelona del presente no tiene nada que ver con la Barcelona del\u00a0pasado. \u00bfO s\u00ed?\u00bb.<\/p>\n<p><a href=\"http:\/\/www.uhu.es\/biblioteca\/labuhardilla\/wp-content\/uploads\/2017\/06\/2.png\" rel='prettyPhoto[gallery1]'><img loading=\"lazy\" class=\"alignright size-medium wp-image-5272\" title=\"Selecci\u00f3n de pel\u00edculas\" src=\"http:\/\/www.uhu.es\/biblioteca\/labuhardilla\/wp-content\/uploads\/2017\/06\/2-200x300.png\" alt=\"\" width=\"300\" height=\"400\" \/><\/a><\/p>\n<p><strong><a title=\"Un toque de canela\" href=\"http:\/\/columbus.uhu.es\/record=b1627935~S1*spi\" target=\"_blank\">Un toque de canela. <\/a><strong><a title=\"Un toque de canela\" href=\"http:\/\/columbus.uhu.es\/record=b1627935~S1*spi\" target=\"_blank\">Tassos Boulmetis<\/a>.-\u00a0<\/strong><\/strong>Es una historia sobre un joven griego (Fanis) criado en Estambul, cuyo abuelo, un fil\u00f3sofo culinario y su mentor, le ense\u00f1a que tanto la comida como la vida necesitan una pizca de sal para darles el toque de sabor que ambas requieren. Con el paso del tiempo Fanis se convierte en un excelente concinero y emplea sus habilidades culinarias para darle sabor a las vidas de aquellos que le rodean. 35 a\u00f1os m\u00e1s tarde abandona Atenas y vuelve a su tierra natal, Estambul, para reunirse con su abuelo y su primer amor; un viaje de retorno s\u00f3lo para darse cuenta de que ha olvidado darle ese toque de sabor a su propia vida&#8230;Como sol\u00edan decir su t\u00edo&#8230;&#8221;hay dos tipos de viajeros en la vida, aquellos que parten y aquellos que retornan, los primeros miran el mapa, los segundos miran al espejo&#8230;&#8221; Ahora es momento de que nuestro h\u00e9roe eche una mirada a su propio espejo.<\/p>\n<p><strong><a title=\"Un monstruo viene a verme\" href=\"http:\/\/columbus.uhu.es\/record=b1853062~S1*spi\" target=\"_blank\">Un monstruo viene a verme. J. A. Bayona<\/a>.-\u00a0<\/strong>Tras la separaci\u00f3n de sus padres, Connor (Lewis MacDougall), un chico de 12 a\u00f1os, tendr\u00e1 que ocuparse de llevar las riendas de la casa, pues su madre (Felicity Jones) est\u00e1 enferma de c\u00e1ncer. As\u00ed las cosas, el ni\u00f1o intentar\u00e1 superar sus miedos y fobias con la ayuda de un monstruo (Liam Neeson), pero sus fantas\u00edas tendr\u00e1n que enfrentarse no s\u00f3lo con la realidad, sino con su fr\u00eda y calculadora abuela (Sigourney Weaver). Con este nuevo trabajo J.A. Bayona cierra su trilog\u00eda sobre las relaciones maternofiliales, que inici\u00f3 con &#8220;El orfanato&#8221; y continu\u00f3 con &#8220;Lo imposible&#8221;. (FILMAFFINITY)<\/p>\n<p><strong><a title=\"O los tres o ninguno\" href=\"http:\/\/columbus.uhu.es\/record=b1838522~S1*spi\" target=\"_blank\">O los tres o ninguno. Kheiron<\/a>.-\u00a0<\/strong>Esta es la historia de una familia que vive aparentemente tranquila en una peque\u00f1a aldea del sur de Ir\u00e1n. Pero de pronto Hibat, el padre, se inmiscuye en tensos asuntos pol\u00edticos y acaba con los pies en la c\u00e1rcel por defender sus ideales, contrarios al r\u00e9gimen. Tras su paso por prisi\u00f3n decide huir con su mujer, Fereshteh, y su hijo Kheiron a Francia en busca de oportunidades y una buena vida. La historia de dos j\u00f3venes de optimismo irreductible que empiezan un viaje que cambiar\u00e1 la vida de toda la familia para siempre.<\/p>\n","protected":false},"excerpt":{"rendered":"<p>Ya casi han terminado los ex\u00e1menes y s\u00f3lo pensamos en descansar y disfrutar del verano: ir a la playa, a la monta\u00f1a o al chiringuito a tomarnos unas ca\u00f1as&#8230; Desde aqu\u00ed os deseamos a todos que disfrut\u00e9is todo lo posible y que descans\u00e9is, \u00a0y nada mejor para relajarse que llevar en la maleta alg\u00fan libro&nbsp;<span class=\"excerpt_more\"><a href=\"https:\/\/www.uhu.es\/biblioteca\/labuhardilla\/?p=5259\">[Seguir leyendo&#8230;]<\/a><\/span><\/p>\n","protected":false},"author":2,"featured_media":5271,"comment_status":"open","ping_status":"open","sticky":false,"template":"","format":"standard","meta":{"_s2mail":"yes"},"categories":[3,6],"tags":[60,56,59],"_links":{"self":[{"href":"https:\/\/www.uhu.es\/biblioteca\/labuhardilla\/index.php?rest_route=\/wp\/v2\/posts\/5259"}],"collection":[{"href":"https:\/\/www.uhu.es\/biblioteca\/labuhardilla\/index.php?rest_route=\/wp\/v2\/posts"}],"about":[{"href":"https:\/\/www.uhu.es\/biblioteca\/labuhardilla\/index.php?rest_route=\/wp\/v2\/types\/post"}],"author":[{"embeddable":true,"href":"https:\/\/www.uhu.es\/biblioteca\/labuhardilla\/index.php?rest_route=\/wp\/v2\/users\/2"}],"replies":[{"embeddable":true,"href":"https:\/\/www.uhu.es\/biblioteca\/labuhardilla\/index.php?rest_route=%2Fwp%2Fv2%2Fcomments&post=5259"}],"version-history":[{"count":44,"href":"https:\/\/www.uhu.es\/biblioteca\/labuhardilla\/index.php?rest_route=\/wp\/v2\/posts\/5259\/revisions"}],"predecessor-version":[{"id":5309,"href":"https:\/\/www.uhu.es\/biblioteca\/labuhardilla\/index.php?rest_route=\/wp\/v2\/posts\/5259\/revisions\/5309"}],"wp:featuredmedia":[{"embeddable":true,"href":"https:\/\/www.uhu.es\/biblioteca\/labuhardilla\/index.php?rest_route=\/wp\/v2\/media\/5271"}],"wp:attachment":[{"href":"https:\/\/www.uhu.es\/biblioteca\/labuhardilla\/index.php?rest_route=%2Fwp%2Fv2%2Fmedia&parent=5259"}],"wp:term":[{"taxonomy":"category","embeddable":true,"href":"https:\/\/www.uhu.es\/biblioteca\/labuhardilla\/index.php?rest_route=%2Fwp%2Fv2%2Fcategories&post=5259"},{"taxonomy":"post_tag","embeddable":true,"href":"https:\/\/www.uhu.es\/biblioteca\/labuhardilla\/index.php?rest_route=%2Fwp%2Fv2%2Ftags&post=5259"}],"curies":[{"name":"wp","href":"https:\/\/api.w.org\/{rel}","templated":true}]}}