{"id":5465,"date":"2017-10-09T09:24:19","date_gmt":"2017-10-09T09:24:19","guid":{"rendered":"http:\/\/www.uhu.es\/biblioteca\/labuhardilla\/?p=5465"},"modified":"2017-10-09T09:25:55","modified_gmt":"2017-10-09T09:25:55","slug":"biblioteca-social-bibliotecas-y-sociedad","status":"publish","type":"post","link":"https:\/\/www.uhu.es\/biblioteca\/labuhardilla\/?p=5465","title":{"rendered":"Biblioteca social, Bibliotecas y Sociedad"},"content":{"rendered":"<p><a href=\"http:\/\/www.uhu.es\/biblioteca\/labuhardilla\/wp-content\/uploads\/2017\/10\/Jornadas-Bibliotecarias.jpg\" rel='prettyPhoto[gallery1]'><img loading=\"lazy\" class=\"alignleft size-full wp-image-5468\" title=\"XIX Jornadas Bibliotecarias de Andaluc\u00eda\" src=\"http:\/\/www.uhu.es\/biblioteca\/labuhardilla\/wp-content\/uploads\/2017\/10\/Jornadas-Bibliotecarias.jpg\" alt=\"\" width=\"300\" height=\"600\" \/><\/a>Nuestros compa\u00f1eros de la Asociaci\u00f3n Andaluza de Bibliotecarios vuelven\u00a0otro a\u00f1o m\u00e1s con sus\u00a0<em><a title=\"Jornadas Bibliotecarias de Andaluc\u00eda\" href=\"https:\/\/www.aab.es\/jornadas\/xix-jornadas-bibliotecarias-de-andaluc%C3%ADa\/\" target=\"_blank\">Jornadas Bibliotecarias de Andaluc\u00eda<\/a><\/em>\u00a0. Tenemos la suerte de\u00a0poder decir\u00a0que esta decimonovena edici\u00f3n se celebra en Huelva\u00a0los d\u00edas\u00a0<strong>20 y 21 de octubre en el Palacio de Congresos de la Casa Col\u00f3n<\/strong>.<\/p>\n<p><span style=\"color: #000000;\">El lema de este a\u00f1o\u00a0es \u201cBiblioteca social, bibliotecas y sociedad\u201d.\u00a0En esta edici\u00f3n se profundizar\u00e1 en la faceta social de la biblioteca, en el papel fundamental que tienen en la sociedad, y en c\u00f3mo,\u00a0de la misma manera que la biblioteca cambia las vidas de las personas, las personas cambian las bibliotecas. Por estos y otros motivos se tratar\u00e1 la importancia de la inversi\u00f3n en las bibliotecas, poniendo en valor los grandes beneficios que reportan.<\/span><\/p>\n<p><span style=\"color: #000000;\">El compromiso y la labor social de la biblioteca como mejora para nuestra sociedad, lleva a plantear muchas cuestiones que\u00a0ser\u00e1n tema\u00a0de debate en las jornadas , propiciando el intercambio y la difusi\u00f3n de nuevas ideas.<\/span><\/p>\n<p>Si est\u00e1is en Huelva no ten\u00e9is excusa para no pasaros por las Jornadas,\u00a0y si no sois de Huelva, \u00bfpor qu\u00e9 no aprovechar la ocasi\u00f3n para visitar nuestra hist\u00f3rica ciudad, coincidiendo con el 525 aniversario del Descubrimiento de Am\u00e9rica? Huelva tambi\u00e9n ha sido elegida Capital Gastron\u00f3mica en 2017\u00a0y las Jornadas se celebrar\u00e1n en el centro de la ciudad, cerca de un gran n\u00famero de bares y restaurantes, situaci\u00f3n perfecta para tomar algo despu\u00e9s de las jornadas.<\/p>\n<p>&nbsp;<\/p>\n<p><strong>Para acceder a las\u00a0Jornadas es\u00a0absolutamente necesario\u00a0realizar <span style=\"color: #000000;\">previamente<\/span>\u00a0la inscripci\u00f3n y el pago <\/strong><strong>en el siguiente enlace <a title=\"XIX Jornadas Bibliotecarias Andaluzas\" href=\" https:\/\/www.aab.es\/jornadas\/xix-jornadas-bibliotecarias-de-andaluc%C3%ADa\/formulario-de-inscripci%C3%B3n-y-precios\/\" target=\"_blank\">XIX Jornadas Bibliotecarias Andaluzas<\/a><\/strong><\/p>\n<p>Entrada elaborada por :\u00a0\u00a0Jos\u00e9 Carmona Cervera, alumno de Humanidades en la Universidad de Huelva.<\/p>\n<h2 style=\"text-align: center;\"><\/h2>\n<h2 style=\"text-align: center;\"><\/h2>\n<h2 style=\"text-align: center;\"><\/h2>\n<h2 style=\"text-align: center;\"><\/h2>\n<h4 style=\"text-align: center;\"><span style=\"color: #008000;\">\u00a1\u00a1Desde la Biblioteca animamos a los alumnos de la Facultad de \u00a0Humanidades a asistir a las Jornadas, seguro que os interesar\u00e1n much\u00edsimo, y ser\u00e1n muy valiosas para vuestros estudios!!<\/span><\/h4>\n<p><iframe loading=\"lazy\" src=\"https:\/\/www.youtube.com\/embed\/esLKVbOkR7k\" frameborder=\"0\" width=\"600\" height=\"360\"><\/iframe><\/p>\n","protected":false},"excerpt":{"rendered":"<p>Nuestros compa\u00f1eros de la Asociaci\u00f3n Andaluza de Bibliotecarios vuelven\u00a0otro a\u00f1o m\u00e1s con sus\u00a0Jornadas Bibliotecarias de Andaluc\u00eda\u00a0. Tenemos la suerte de\u00a0poder decir\u00a0que esta decimonovena edici\u00f3n se celebra en Huelva\u00a0los d\u00edas\u00a020 y 21 de octubre en el Palacio de Congresos de la Casa Col\u00f3n. El lema de este a\u00f1o\u00a0es \u201cBiblioteca social, bibliotecas y sociedad\u201d.\u00a0En esta edici\u00f3n se&nbsp;<span class=\"excerpt_more\"><a href=\"https:\/\/www.uhu.es\/biblioteca\/labuhardilla\/?p=5465\">[Seguir leyendo&#8230;]<\/a><\/span><\/p>\n","protected":false},"author":2,"featured_media":5468,"comment_status":"open","ping_status":"open","sticky":false,"template":"","format":"standard","meta":{"_s2mail":"yes"},"categories":[3,6],"tags":[26,32,223],"_links":{"self":[{"href":"https:\/\/www.uhu.es\/biblioteca\/labuhardilla\/index.php?rest_route=\/wp\/v2\/posts\/5465"}],"collection":[{"href":"https:\/\/www.uhu.es\/biblioteca\/labuhardilla\/index.php?rest_route=\/wp\/v2\/posts"}],"about":[{"href":"https:\/\/www.uhu.es\/biblioteca\/labuhardilla\/index.php?rest_route=\/wp\/v2\/types\/post"}],"author":[{"embeddable":true,"href":"https:\/\/www.uhu.es\/biblioteca\/labuhardilla\/index.php?rest_route=\/wp\/v2\/users\/2"}],"replies":[{"embeddable":true,"href":"https:\/\/www.uhu.es\/biblioteca\/labuhardilla\/index.php?rest_route=%2Fwp%2Fv2%2Fcomments&post=5465"}],"version-history":[{"count":32,"href":"https:\/\/www.uhu.es\/biblioteca\/labuhardilla\/index.php?rest_route=\/wp\/v2\/posts\/5465\/revisions"}],"predecessor-version":[{"id":5499,"href":"https:\/\/www.uhu.es\/biblioteca\/labuhardilla\/index.php?rest_route=\/wp\/v2\/posts\/5465\/revisions\/5499"}],"wp:featuredmedia":[{"embeddable":true,"href":"https:\/\/www.uhu.es\/biblioteca\/labuhardilla\/index.php?rest_route=\/wp\/v2\/media\/5468"}],"wp:attachment":[{"href":"https:\/\/www.uhu.es\/biblioteca\/labuhardilla\/index.php?rest_route=%2Fwp%2Fv2%2Fmedia&parent=5465"}],"wp:term":[{"taxonomy":"category","embeddable":true,"href":"https:\/\/www.uhu.es\/biblioteca\/labuhardilla\/index.php?rest_route=%2Fwp%2Fv2%2Fcategories&post=5465"},{"taxonomy":"post_tag","embeddable":true,"href":"https:\/\/www.uhu.es\/biblioteca\/labuhardilla\/index.php?rest_route=%2Fwp%2Fv2%2Ftags&post=5465"}],"curies":[{"name":"wp","href":"https:\/\/api.w.org\/{rel}","templated":true}]}}