{"id":548,"date":"2013-06-05T07:43:07","date_gmt":"2013-06-05T07:43:07","guid":{"rendered":"http:\/\/www.uhu.es\/biblioteca\/labuhardilla\/?p=548"},"modified":"2013-06-05T12:21:35","modified_gmt":"2013-06-05T12:21:35","slug":"los-pequenos-gestos-son-poderosos","status":"publish","type":"post","link":"https:\/\/www.uhu.es\/biblioteca\/labuhardilla\/?p=548","title":{"rendered":"Los peque\u00f1os gestos son poderosos"},"content":{"rendered":"<p><a href=\"http:\/\/www.uhu.es\/biblioteca\/labuhardilla\/wp-content\/uploads\/2013\/06\/cartelexposici\u00f3n.jpg\" rel='prettyPhoto[gallery1]'><img loading=\"lazy\" class=\"alignleft size-medium wp-image-546\" title=\"cartelexposici\u00f3n\" src=\"http:\/\/www.uhu.es\/biblioteca\/labuhardilla\/wp-content\/uploads\/2013\/06\/cartelexposici\u00f3n-300x225.jpg\" alt=\"\" width=\"300\" height=\"225\" srcset=\"https:\/\/www.uhu.es\/biblioteca\/labuhardilla\/wp-content\/uploads\/2013\/06\/cartelexposici\u00f3n-300x225.jpg 300w, https:\/\/www.uhu.es\/biblioteca\/labuhardilla\/wp-content\/uploads\/2013\/06\/cartelexposici\u00f3n.jpg 609w\" sizes=\"(max-width: 300px) 100vw, 300px\" \/><\/a>Con motivo de la celebraci\u00f3n del D\u00eda Mundial del Medio Ambiente y\u00a0 dado que la Universidad de Huelva y su <a title=\"Biblioteca verde\" href=\"http:\/\/www.uhu.es\/biblioteca\/Biblioteca_Verde\/Bib_Verde.html\" target=\"_blank\">Biblioteca<\/a> tienen una clara vocaci\u00f3n de defensa del mismo, hemos realizado para vosotros una exposici\u00f3n de obras \u00a0(monograf\u00edas, v\u00eddeos, revistas&#8230;)\u00a0 relacionadas con la situaci\u00f3n medioambiental de la Tierra.<\/p>\n<p>Os animamos a realizar peque\u00f1os gestos para mantener la salud de nuestro planeta. Recuerda que los peque\u00f1os gestos son poderosos.<\/p>\n<p>El listado de monograf\u00edas expuestas en la Planta Baja de Biblioteca puedes consultarlo <a title=\"aqu\u00ed\" href=\"http:\/\/columbus.uhu.es\/search~S1*spi?\/ftlist^bib01,1,0,29\/mode=2\" target=\"_blank\">aqu\u00ed<\/a>.<\/p>\n<p>Y \u00e9sta es la selecci\u00f3n de pel\u00edculas y documentales expuestos en Hemeroteca, que pod\u00e9is sacar en pr\u00e9stamo si los necesit\u00e1is. Para ello, solo ten\u00e9is que solicitarlos en el mostrador de hemeroteca:<\/p>\n<ol start=\"1\">\n<li><a title=\"Cambio clim\u00e1tico\" href=\"http:\/\/columbus.uhu.es\/record=b1523849~S1*spi\" target=\"_blank\">Cambio clim\u00e1tico : el reto de nuestra era<\/a>.<\/li>\n<li><a title=\"Climatolog\u00eda y tecnolog\u00eda\" href=\"http:\/\/columbus.uhu.es\/record=b1220678~S1*spi#.Ua2mptLwnis\" target=\"_blank\">Climatolog\u00eda &amp; tecnolog\u00eda.<\/a><\/li>\n<li><a title=\"El calentamiento global\" href=\"http:\/\/columbus.uhu.es\/record=b1512426~S1*spi#.Ua2nI9Lwnis\" target=\"_blank\">El calentamiento global<\/a>.<\/li>\n<li><a title=\"El coraz\u00f3n de la tierra\" href=\"http:\/\/columbus.uhu.es\/record=b1511651~S1*spi#.Ua2nvdLwnis\" target=\"_blank\">El coraz\u00f3n de la tierra<\/a>. Direcci\u00f3n: Antonio Cuadri.<\/li>\n<li><a title=\"El oso\" href=\"http:\/\/columbus.uhu.es\/record=b1440029~S1*spi#.Ua2n7dLwnis\" target=\"_blank\">El oso.<\/a> Direcci\u00f3n: Jean-Jacques Annaud.<\/li>\n<li><a title=\"Europa: la naturaleza y el hombre\" href=\"http:\/\/columbus.uhu.es\/record=b1690112~S1*spi#.Ua2oHtLwnis\" target=\"_blank\">Europa : la naturaleza y el hombre<\/a>.<\/li>\n<li><a title=\"Informe tierra\" href=\"http:\/\/columbus.uhu.es\/record=b1559700~S1*spi#.Ua2oaNLwnis\" target=\"_blank\">Informe tierra: un riguroso diagn\u00f3stico sobre los cambios medioambientales en nuestro planeta<\/a> \/ una producci\u00f3n de National Geographic.<\/li>\n<li><a title=\"La hora 11\" href=\"http:\/\/columbus.uhu.es\/record=b1558933~S1*spi#.Ua2oyNLwnis\" target=\"_blank\">La hora 11: transforma la hora m\u00e1s oscura de la humanidad<\/a> \/ producida y narrada por Leonardo DiCaprio.<\/li>\n<li><a title=\"Planeta agua\" href=\"http:\/\/columbus.uhu.es\/record=b1559702~S1*spi#.Ua2o99Lwnis\" target=\"_blank\">Planeta agua: descubra los secretos del oc\u00e9ano, su or\u00edgen, su biodiversidad y su influencia en el clima de la tierra<\/a><\/li>\n<li><a title=\"Manual audiovisual para la gesti\u00f3n de fauna...\" href=\"http:\/\/columbus.uhu.es\/record=b1596978~S1*spi\" target=\"_blank\">Manual audiovisual para la gesti\u00f3n de fauna y flora invasoras: actuaciones y m\u00e9todos de control en campo<\/a> \/ Programa Andaluz para el Control de las Especies Ex\u00f3ticas Invasoras.<\/li>\n<li><a title=\"Seis grados\" href=\"http:\/\/columbus.uhu.es\/record=b1559701~S1*spi#.Ua2qJdLwnis\" target=\"_blank\">Seis grados: que podr\u00edan cambiar el mundo<\/a> \/ Una producci\u00f3n de National Geographic Televisi\u00f3n and Film.<\/li>\n<li><a title=\"Se\u00f1ales del futuro\" href=\"http:\/\/columbus.uhu.es\/record=b1575849~S1*spi#.Ua2qWtLwnis\" target=\"_blank\">Se\u00f1ales del futuro<\/a> \/\u00a0 Direcci\u00f3n: Alex Proyas.<\/li>\n<li><a title=\"Tierra: la pel\u00edcula de nuestro planeta\" href=\"http:\/\/columbus.uhu.es\/record=b1518610~S1*spi#.Ua2qgNLwnis\" target=\"_blank\">Tierra: la pel\u00edcula de nuestro planeta<\/a>.<\/li>\n<li><a title=\"Un anuncio inc\u00f3modo\" href=\"http:\/\/columbus.uhu.es\/record=b1651880~S1*spi#.Ua2qq9Lwnis\" target=\"_blank\">Un anuncio inc\u00f3modo: una advertencia global<\/a><\/li>\n<li><a title=\"Una verdad inc\u00f3moda\" href=\"http:\/\/columbus.uhu.es\/record=b1561732~S1*spi#.Ua2q0NLwnis\" target=\"_blank\">Una verdad inc\u00f3moda: una advertencia mundial<\/a> \/ dirigida por Davis Guggenheim.<\/li>\n<li><a title=\"Viaje por la tierra\" href=\"http:\/\/columbus.uhu.es\/record=b1573664~S1*spi\" target=\"_blank\">Viaje por la tierra: el planeta del agua<\/a>.<\/li>\n<\/ol>\n<p>Tambi\u00e9n hemos seleccionado una serie de revistas relacionadas con el Medio Ambiente, entre ellas:<\/p>\n<p><a title=\"Ambienta\" href=\"http:\/\/150.214.167.10\/record=b1383101~S2*spi#.UaeH7dLwnis\" target=\"_blank\">Ambienta\u00a0: la revista del Ministerio de Medio Ambiente.<\/a> N. 96, 2011<\/p>\n<p><a title=\"Mar\" href=\"http:\/\/150.214.167.10\/record=b1349726~S2*spi#.UaeKaNLwnis\" target=\"_blank\">Mar<\/a>. N. 518, Septiembre 2012<\/p>\n<p><a title=\"Medioambiente\" href=\"http:\/\/150.214.167.10\/record=b1349424~S2*spi#.UaeHb9Lwnis\" target=\"_blank\">Medioambiente<\/a>. N. 64, 2010<\/p>\n<p><a title=\"Quercus\" href=\"http:\/\/150.214.167.10\/record=b1349505~S2*spi#.UaeIdtLwnis\" target=\"_blank\">Quercus<\/a>. Cuaderno 315, Mayo 2012<\/p>\n<p><a title=\"Retema\" href=\"http:\/\/150.214.167.10\/record=b1347261~S2*spi#.UaeGWNLwnis\" target=\"_blank\">Retema : revista t\u00e9cnica de medio ambiente\u00a0<\/a>. N. 163, Diciembre de 2012<\/p>\n<p><a title=\"Revista Aranzadi de derecho ambiental\" href=\"http:\/\/150.214.167.10\/record=b1622724~S2*spi#.UaeGttLwnis\" target=\"_blank\">Revista Aranzadi de derecho ambiental<\/a>. N. 24, 2013<\/p>\n<p><a title=\"Tecno ambiente\" href=\"http:\/\/150.214.167.10\/record=b1347519~S2*spi#.UaeHN9Lwnis\" target=\"_blank\">Tecno\u00a0ambiente\u00a0: revista profesional de tecnolog\u00eda y equipamiento de ingenier\u00eda ambiental<\/a>. N. 223, Gu\u00eda de Residuos 2012.<\/p>\n<p>Las revistas no se prestan, pero s\u00ed pod\u00e9is fotocopiar los art\u00edculos que os interesen o bien escanearlos en la hemeroteca.<\/p>\n<p>Si necesitas ayuda para encontrar alg\u00fan documento, no dudes en preguntarnos.<\/p>\n<p>\u00a1Estamos para ayudarte!<\/p>\n<p>&nbsp;<\/p>\n<p>&nbsp;<\/p>\n","protected":false},"excerpt":{"rendered":"<p>Con motivo de la celebraci\u00f3n del D\u00eda Mundial del Medio Ambiente y\u00a0 dado que la Universidad de Huelva y su Biblioteca tienen una clara vocaci\u00f3n de defensa del mismo, hemos realizado para vosotros una exposici\u00f3n de obras \u00a0(monograf\u00edas, v\u00eddeos, revistas&#8230;)\u00a0 relacionadas con la situaci\u00f3n medioambiental de la Tierra. Os animamos a realizar peque\u00f1os gestos para&nbsp;<span class=\"excerpt_more\"><a href=\"https:\/\/www.uhu.es\/biblioteca\/labuhardilla\/?p=548\">[Seguir leyendo&#8230;]<\/a><\/span><\/p>\n","protected":false},"author":4,"featured_media":546,"comment_status":"open","ping_status":"open","sticky":false,"template":"","format":"standard","meta":{"_s2mail":"yes"},"categories":[3,6],"tags":[36,60,100,99],"_links":{"self":[{"href":"https:\/\/www.uhu.es\/biblioteca\/labuhardilla\/index.php?rest_route=\/wp\/v2\/posts\/548"}],"collection":[{"href":"https:\/\/www.uhu.es\/biblioteca\/labuhardilla\/index.php?rest_route=\/wp\/v2\/posts"}],"about":[{"href":"https:\/\/www.uhu.es\/biblioteca\/labuhardilla\/index.php?rest_route=\/wp\/v2\/types\/post"}],"author":[{"embeddable":true,"href":"https:\/\/www.uhu.es\/biblioteca\/labuhardilla\/index.php?rest_route=\/wp\/v2\/users\/4"}],"replies":[{"embeddable":true,"href":"https:\/\/www.uhu.es\/biblioteca\/labuhardilla\/index.php?rest_route=%2Fwp%2Fv2%2Fcomments&post=548"}],"version-history":[{"count":22,"href":"https:\/\/www.uhu.es\/biblioteca\/labuhardilla\/index.php?rest_route=\/wp\/v2\/posts\/548\/revisions"}],"predecessor-version":[{"id":571,"href":"https:\/\/www.uhu.es\/biblioteca\/labuhardilla\/index.php?rest_route=\/wp\/v2\/posts\/548\/revisions\/571"}],"wp:featuredmedia":[{"embeddable":true,"href":"https:\/\/www.uhu.es\/biblioteca\/labuhardilla\/index.php?rest_route=\/wp\/v2\/media\/546"}],"wp:attachment":[{"href":"https:\/\/www.uhu.es\/biblioteca\/labuhardilla\/index.php?rest_route=%2Fwp%2Fv2%2Fmedia&parent=548"}],"wp:term":[{"taxonomy":"category","embeddable":true,"href":"https:\/\/www.uhu.es\/biblioteca\/labuhardilla\/index.php?rest_route=%2Fwp%2Fv2%2Fcategories&post=548"},{"taxonomy":"post_tag","embeddable":true,"href":"https:\/\/www.uhu.es\/biblioteca\/labuhardilla\/index.php?rest_route=%2Fwp%2Fv2%2Ftags&post=548"}],"curies":[{"name":"wp","href":"https:\/\/api.w.org\/{rel}","templated":true}]}}