{"id":5502,"date":"2017-10-17T08:11:02","date_gmt":"2017-10-17T08:11:02","guid":{"rendered":"http:\/\/www.uhu.es\/biblioteca\/labuhardilla\/?p=5502"},"modified":"2017-10-17T08:11:02","modified_gmt":"2017-10-17T08:11:02","slug":"dia-de-las-escritoras","status":"publish","type":"post","link":"https:\/\/www.uhu.es\/biblioteca\/labuhardilla\/?p=5502","title":{"rendered":"D\u00eda de las Escritoras"},"content":{"rendered":"<p><a href=\"http:\/\/www.uhu.es\/biblioteca\/labuhardilla\/wp-content\/uploads\/2017\/10\/Screenshot1.png\" rel='prettyPhoto[gallery1]'><img loading=\"lazy\" class=\"alignleft size-medium wp-image-5514\" title=\"Screenshot\" src=\"http:\/\/www.uhu.es\/biblioteca\/labuhardilla\/wp-content\/uploads\/2017\/10\/Screenshot1-300x289.png\" alt=\"\" width=\"300\" height=\"289\" srcset=\"https:\/\/www.uhu.es\/biblioteca\/labuhardilla\/wp-content\/uploads\/2017\/10\/Screenshot1-300x289.png 300w, https:\/\/www.uhu.es\/biblioteca\/labuhardilla\/wp-content\/uploads\/2017\/10\/Screenshot1.png 758w\" sizes=\"(max-width: 300px) 100vw, 300px\" \/><\/a><\/p>\n<p><em>&#8220;Ya, hijas, hab\u00e9is visto la gran empresa que pretendemos ganar; \u00bfqu\u00e9 tales habremos de ser para que en los ojos de Dios y del mundo no nos tengan por muy atrevidas? Est\u00e1 claro que hemos menester trabajar mucho, y ayuda mucho tener altos pensamientos, para que altas sean las obras (\u2026)&#8221;<\/em><\/p>\n<p>(Teresa de Jes\u00fas,\u00a01515-1582)<\/p>\n<p>Celebramos el <span style=\"color: #ff6600;\"><strong>D\u00eda de las Escritoras<\/strong><\/span> : una conmemoraci\u00f3n iniciada en Espa\u00f1a en el a\u00f1o 2016 para reforzar el legado cultural de las escritoras\u00a0<strong>del \u00e1mbito hisp\u00e1nico e hispanoamericano<\/strong>\u00a0y las dificultades que en el pasado impidieron un justo desarrollo y reconocimiento a su labor<\/p>\n<p>Se trata de un acto homenaje, promovido por la <a title=\"BNE\" href=\"http:\/\/www.bne.es\/es\/Actividades\/2016\/10-octubre\/DiaEscritoras\" target=\"_blank\">Biblioteca Nacional de Espa\u00f1a (BNE)<\/a>, la <a title=\"mujeres directivas\" href=\"http:\/\/www.mujeresdirectivas.es\/es\/\" target=\"_blank\">Federaci\u00f3n Espa\u00f1ola de Mujeres Directivas, Ejecutivas, Profesionales y Empresarias (FEDEPE)<\/a> y la <a title=\"mujeresdirectivas\" href=\"http:\/\/www.clasicasymodernas.org\/\" target=\"_blank\">Asociaci\u00f3n Cl\u00e1sicas y Modernas (CyM)<\/a>.<\/p>\n<p>Para esta edici\u00f3n, desde la Biblioteca Nacional\u00a0se han seleccionado los textos de 21 escritoras en castellano, catal\u00e1n, euskera y gallego, que leer\u00e1n un grupo de mujeres y hombres, con una especial representaci\u00f3n de autoras en activo. Ser\u00e1n textos de:\u00a0<span style=\"color: #000000;\"><strong>Teresa de Jes\u00fas, Gertrudis G\u00f3mez de Avellaneda, Carolina Coronado, Mercedes Cabello de Carbonera, Emilia Pardo Baz\u00e1n, Victor Catal\u00e0 (Caterina Albert), Juana de Ibarbourou, Elena Fort\u00fan, Teresa de la Parra, Maria Etxabe, Julia de Burgos, Alfonsina Storni, Dolores Medio, Rosario Castellanos, Merc\u00e8 Rodoreda, Elena Soriano, Elena Garro, Bego\u00f1a Caama\u00f1o, Carmen Mart\u00edn Gaite y Gloria Fuertes<\/strong><\/span>.<\/p>\n<p>La Biblioteca Universitaria de Huelva se suma a esta iniciativa, organizando su propia<strong><span style=\"color: #993366;\">\u00a0lectura p\u00fablica y tambi\u00e9n con una exposici\u00f3n de libros tanto f\u00edsica como virtual.<\/span><\/strong><\/p>\n<p>Bajo el t\u00edtulo de <strong><span style=\"color: #993366;\">\u201cMujeres, saber y poder\u201d<\/span><\/strong>, se han seleccionado textos de autoras que en el pasado reflexionaron sobre la necesidad del empoderamiento femenino, pues era la \u00fanica forma de romper con los estrechos moldes de sus vidas, o bien intuyeron dicha necesidad y trazaron en sus obras la semblanza de mujeres fuertes que, sin embargo, vieron mermadas sus capacidades por culpa de un entorno hostil y a menudo machista. Textos de mujeres que escribieron sobre la fortaleza interior que es precisa para enfrentarse al mundo, como lo hizo la propia Teresa de Jes\u00fas; o bien que reivindicaron su creatividad, o la necesidad de trazar su propio destino. Literatura en definitiva escrita por mujeres fuertes o que desearon serlo para poder transmitirnos su saber sobre el mundo y la vida.<\/p>\n<p>En cuanto a la<strong><span style=\"color: #800080;\"> exposici\u00f3n de libros<\/span><\/strong> realizada por la biblioteca, est\u00e1 dividida en tres bloques: un primer bloque, incluye a las autoras seleccionadas en la lectura &#8220;Mujeres, saber y poder&#8221; ; un segundo bloque, est\u00e1 dedicado a otras mujeres escritoras espa\u00f1olas ; y un tercer bloque, a mujeres escritoras en general (premios Nobel, y mucho m\u00e1s). La puedes consultar en la Sala de Lectura de la Planta Baja de la Biblioteca Central.<\/p>\n<p>La exposici\u00f3n virtual, con mucho m\u00e1s contenido a\u00f1adido, puedes consultarla en este enlace:<strong><span style=\"color: #0000ff;\"><a title=\"Dia de las escritoras\" href=\"http:\/\/guiasbuh.uhu.es\/DiaDeLasEscritoras\" target=\"_blank\"><span style=\"color: #0000ff;\"> Exposici\u00f3n Virtual &#8220;D\u00eda de las Escritoras&#8221;<\/span><\/a><\/span><\/strong><\/p>\n<p>&nbsp;<\/p>\n<h4 style=\"text-align: center;\"><span style=\"color: #008000;\">Esperamos que sea de tu inter\u00e9s.<\/span><\/h4>\n<p>&nbsp;<\/p>\n<div><iframe loading=\"lazy\" width=\"640\" height=\"360\" src=\"http:\/\/www.kizoa.com\/embed-145392712-7191967o1l1\" frameborder=\"0\" allowfullscreen><\/iframe><br \/><a href=\"http:\/\/www.kizoa.es\/Editar-Videos-Movie-Maker\/d145392712k7191967o2l1\/da-de-las-escritoras\"><b>D\u00eda de las escritoras<\/b><\/a><\/div>\n","protected":false},"excerpt":{"rendered":"<p>&#8220;Ya, hijas, hab\u00e9is visto la gran empresa que pretendemos ganar; \u00bfqu\u00e9 tales habremos de ser para que en los ojos de Dios y del mundo no nos tengan por muy atrevidas? Est\u00e1 claro que hemos menester trabajar mucho, y ayuda mucho tener altos pensamientos, para que altas sean las obras (\u2026)&#8221; (Teresa de Jes\u00fas,\u00a01515-1582) Celebramos&nbsp;<span class=\"excerpt_more\"><a href=\"https:\/\/www.uhu.es\/biblioteca\/labuhardilla\/?p=5502\">[Seguir leyendo&#8230;]<\/a><\/span><\/p>\n","protected":false},"author":2,"featured_media":5503,"comment_status":"open","ping_status":"open","sticky":false,"template":"","format":"standard","meta":{"_s2mail":"yes"},"categories":[6,5],"tags":[225,100,224],"_links":{"self":[{"href":"https:\/\/www.uhu.es\/biblioteca\/labuhardilla\/index.php?rest_route=\/wp\/v2\/posts\/5502"}],"collection":[{"href":"https:\/\/www.uhu.es\/biblioteca\/labuhardilla\/index.php?rest_route=\/wp\/v2\/posts"}],"about":[{"href":"https:\/\/www.uhu.es\/biblioteca\/labuhardilla\/index.php?rest_route=\/wp\/v2\/types\/post"}],"author":[{"embeddable":true,"href":"https:\/\/www.uhu.es\/biblioteca\/labuhardilla\/index.php?rest_route=\/wp\/v2\/users\/2"}],"replies":[{"embeddable":true,"href":"https:\/\/www.uhu.es\/biblioteca\/labuhardilla\/index.php?rest_route=%2Fwp%2Fv2%2Fcomments&post=5502"}],"version-history":[{"count":36,"href":"https:\/\/www.uhu.es\/biblioteca\/labuhardilla\/index.php?rest_route=\/wp\/v2\/posts\/5502\/revisions"}],"predecessor-version":[{"id":6321,"href":"https:\/\/www.uhu.es\/biblioteca\/labuhardilla\/index.php?rest_route=\/wp\/v2\/posts\/5502\/revisions\/6321"}],"wp:featuredmedia":[{"embeddable":true,"href":"https:\/\/www.uhu.es\/biblioteca\/labuhardilla\/index.php?rest_route=\/wp\/v2\/media\/5503"}],"wp:attachment":[{"href":"https:\/\/www.uhu.es\/biblioteca\/labuhardilla\/index.php?rest_route=%2Fwp%2Fv2%2Fmedia&parent=5502"}],"wp:term":[{"taxonomy":"category","embeddable":true,"href":"https:\/\/www.uhu.es\/biblioteca\/labuhardilla\/index.php?rest_route=%2Fwp%2Fv2%2Fcategories&post=5502"},{"taxonomy":"post_tag","embeddable":true,"href":"https:\/\/www.uhu.es\/biblioteca\/labuhardilla\/index.php?rest_route=%2Fwp%2Fv2%2Ftags&post=5502"}],"curies":[{"name":"wp","href":"https:\/\/api.w.org\/{rel}","templated":true}]}}