{"id":5540,"date":"2017-10-25T11:52:18","date_gmt":"2017-10-25T11:52:18","guid":{"rendered":"http:\/\/www.uhu.es\/biblioteca\/labuhardilla\/?p=5540"},"modified":"2017-10-25T12:04:45","modified_gmt":"2017-10-25T12:04:45","slug":"gabriel-gomez-alvarez-biologo-marino","status":"publish","type":"post","link":"https:\/\/www.uhu.es\/biblioteca\/labuhardilla\/?p=5540","title":{"rendered":"Gabriel G\u00f3mez \u00c1lvarez, bi\u00f3logo marino"},"content":{"rendered":"<div><em><a href=\"http:\/\/www.uhu.es\/biblioteca\/labuhardilla\/wp-content\/uploads\/2017\/10\/Gabriel.jpeg\" rel='prettyPhoto[gallery1]'><img loading=\"lazy\" class=\"alignleft size-large wp-image-5584\" title=\"Gabriel G\u00f3mez \u00c1lvarez\" src=\"http:\/\/www.uhu.es\/biblioteca\/labuhardilla\/wp-content\/uploads\/2017\/10\/Gabriel-700x1024.jpg\" alt=\"Gu\u00eda de los peces de Huelva y capturas del Golfo de C\u00e1diz\" width=\"300\" height=\"524\" \/><\/a>&#8220;Soy bi\u00f3logo marino y en marzo de 2004 llegu\u00e9 a Huelva para incorporarme a un Proyecto de Gesti\u00f3n Y Conservaci\u00f3n del Medio Marino, como T\u00e9cnico de la Consejer\u00eda de Medio Ambiente. En la actualidad soy Coordinador de medio marino de la asociaci\u00f3n <a title=\"Asociaci\u00f3n Chelonia\" href=\"https:\/\/www.asociacionchelonia.org\/\" target=\"_blank\">Chelonia<\/a>, donde trabajamos en diversos proyectos relacionados con la pesca en el golfo de C\u00e1diz.<\/em><\/div>\n<div><em>Siempre me llam\u00f3 la atenci\u00f3n la gran biodiversidad existente en el litoral de Huelva, sus particularidades ecol\u00f3gicas y su singularidad, toda vez que comprob\u00e9 la falta de informaci\u00f3n y publicaciones existentes al respecto. Por ello, me propuse investigar sobre su fauna, su flora y los ecosistemas marinos existentes.<\/em><\/div>\n<div><\/div>\n<h4><em><span style=\"color: #0000ff;\">L\u00cdNEA DE INVESTIGACI\u00d3N<\/span><\/em><\/h4>\n<div><em>Mi trabajo sobre el medio marino onubense es la elaboraci\u00f3n de censos de flora, de fauna y la catalogaci\u00f3n de ecosistemas marinos con fines principalmente divulgativos. Para poner en valor este trabajo he creado una \u201cventana\u201d al mar, a trav\u00e9s de la web <a title=\"Medio Marino Huelva\" href=\"http:\/\/www.mediomarinohuelva.es\/\" target=\"_blank\">www.mediomarinohuelva.es<\/a> y he publicado cuatro libros:<a title=\"Gu\u00eda de las conchas marinas de Huelva\" href=\"http:\/\/columbus.uhu.es\/record=b1825007~S1*spi\" target=\"_blank\"> Gu\u00eda de las Conchas marinas de Huelva<\/a>; Gu\u00eda de los fondos marinos de Huelva: ecolog\u00eda y fauna;<a title=\"Gu\u00eda de los peces de Huelva y capturas del Golfo de C\u00e1diz\" href=\"http:\/\/columbus.uhu.es\/record=b1852986~S1*spi\" target=\"_blank\"> Gu\u00eda de los peces de Huelva y capturas del golfo de C\u00e1diz<\/a>; y Gu\u00eda de los moluscos marinos de Huelva. Actualmente, la base de datos generada abarca unas 800 especies fotografiadas, determinadas y ordenadas sistem\u00e1ticamente.<a href=\"http:\/\/www.uhu.es\/biblioteca\/labuhardilla\/wp-content\/uploads\/2017\/10\/mojarra.jpeg\" rel='prettyPhoto[gallery1]'><img loading=\"lazy\" class=\"alignright size-medium wp-image-5585\" title=\"Mojarra\" src=\"http:\/\/www.uhu.es\/biblioteca\/labuhardilla\/wp-content\/uploads\/2017\/10\/mojarra-300x135.jpg\" alt=\"\" width=\"350\" height=\"150\" \/><\/a><\/em><\/div>\n<div><em>En una primera fase, realic\u00e9 una caracterizaci\u00f3n del medio marino onubense mediante la descripci\u00f3n de 35 comunidades localizadas hasta los 40 metros de profundidad y la consiguiente catalogaci\u00f3n de unas 200 especies a ellas asociadas. A partir de este trabajo he profundizado en dos l\u00edneas de investigaci\u00f3n que abarcan dos grandes grupos de animales: el filo de los moluscos y el de los peces, sin descuidar al resto de invertebrados marinos. La elecci\u00f3n de estos grupos responde a su amplia presencia y a su profunda relaci\u00f3n con la sociedad onubense.\u00a0<\/em><\/div>\n<div><em>La investigaci\u00f3n sobre la ictiofauna de Huelva y el golfo de C\u00e1diz ha dado lugar a la publicaci\u00f3n de la Gu\u00eda de los peces de Huelva y capturas del golfo de C\u00e1diz, en la que colabor\u00f3 como patrocinador la <a title=\"Universidad de Huelva\" href=\"http:\/\/www.uhu.es\/index.php\" target=\"_blank\">Universidad de Huelva<\/a>. Con este trabajo se abre una interesante v\u00eda de investigaci\u00f3n, en la que estoy empezando a trabajar, que son los peces de grandes profundidades, con la que empec\u00e9 en 2015 gracias a las campa\u00f1as de muestreo en barcos de arrastre hasta los 700 metros de profundidad.&#8221;<\/em><\/div>\n<div><\/div>\n<div><\/div>\n<div>Gabriel G\u00f3mez \u00c1lvarez, licenciado en Ciencias Biol\u00f3gicas por la Universidad Complutense de Madrid.<\/div>\n<div><\/div>\n<p><a href=\"http:\/\/www.uhu.es\/biblioteca\/labuhardilla\/wp-content\/uploads\/2017\/10\/cabracho.jpeg\" rel='prettyPhoto[gallery1]'><img loading=\"lazy\" class=\"aligncenter size-medium wp-image-5583\" title=\"cabracho\" src=\"http:\/\/www.uhu.es\/biblioteca\/labuhardilla\/wp-content\/uploads\/2017\/10\/cabracho-300x101.jpg\" alt=\"\" width=\"424\" height=\"150\" \/><\/a><\/p>\n","protected":false},"excerpt":{"rendered":"<p>&#8220;Soy bi\u00f3logo marino y en marzo de 2004 llegu\u00e9 a Huelva para incorporarme a un Proyecto de Gesti\u00f3n Y Conservaci\u00f3n del Medio Marino, como T\u00e9cnico de la Consejer\u00eda de Medio Ambiente. En la actualidad soy Coordinador de medio marino de la asociaci\u00f3n Chelonia, donde trabajamos en diversos proyectos relacionados con la pesca en el golfo&nbsp;<span class=\"excerpt_more\"><a href=\"https:\/\/www.uhu.es\/biblioteca\/labuhardilla\/?p=5540\">[Seguir leyendo&#8230;]<\/a><\/span><\/p>\n","protected":false},"author":4,"featured_media":5584,"comment_status":"open","ping_status":"open","sticky":false,"template":"","format":"standard","meta":{"_s2mail":"yes"},"categories":[6,4],"tags":[226,13],"_links":{"self":[{"href":"https:\/\/www.uhu.es\/biblioteca\/labuhardilla\/index.php?rest_route=\/wp\/v2\/posts\/5540"}],"collection":[{"href":"https:\/\/www.uhu.es\/biblioteca\/labuhardilla\/index.php?rest_route=\/wp\/v2\/posts"}],"about":[{"href":"https:\/\/www.uhu.es\/biblioteca\/labuhardilla\/index.php?rest_route=\/wp\/v2\/types\/post"}],"author":[{"embeddable":true,"href":"https:\/\/www.uhu.es\/biblioteca\/labuhardilla\/index.php?rest_route=\/wp\/v2\/users\/4"}],"replies":[{"embeddable":true,"href":"https:\/\/www.uhu.es\/biblioteca\/labuhardilla\/index.php?rest_route=%2Fwp%2Fv2%2Fcomments&post=5540"}],"version-history":[{"count":22,"href":"https:\/\/www.uhu.es\/biblioteca\/labuhardilla\/index.php?rest_route=\/wp\/v2\/posts\/5540\/revisions"}],"predecessor-version":[{"id":5601,"href":"https:\/\/www.uhu.es\/biblioteca\/labuhardilla\/index.php?rest_route=\/wp\/v2\/posts\/5540\/revisions\/5601"}],"wp:featuredmedia":[{"embeddable":true,"href":"https:\/\/www.uhu.es\/biblioteca\/labuhardilla\/index.php?rest_route=\/wp\/v2\/media\/5584"}],"wp:attachment":[{"href":"https:\/\/www.uhu.es\/biblioteca\/labuhardilla\/index.php?rest_route=%2Fwp%2Fv2%2Fmedia&parent=5540"}],"wp:term":[{"taxonomy":"category","embeddable":true,"href":"https:\/\/www.uhu.es\/biblioteca\/labuhardilla\/index.php?rest_route=%2Fwp%2Fv2%2Fcategories&post=5540"},{"taxonomy":"post_tag","embeddable":true,"href":"https:\/\/www.uhu.es\/biblioteca\/labuhardilla\/index.php?rest_route=%2Fwp%2Fv2%2Ftags&post=5540"}],"curies":[{"name":"wp","href":"https:\/\/api.w.org\/{rel}","templated":true}]}}