{"id":6143,"date":"2018-05-10T07:29:53","date_gmt":"2018-05-10T07:29:53","guid":{"rendered":"http:\/\/www.uhu.es\/biblioteca\/labuhardilla\/?p=6143"},"modified":"2018-05-10T12:35:38","modified_gmt":"2018-05-10T12:35:38","slug":"augusto-belendez-vazquez-y-su-experiencia-con-el-acceso-abierto","status":"publish","type":"post","link":"https:\/\/www.uhu.es\/biblioteca\/labuhardilla\/?p=6143","title":{"rendered":"Augusto Bel\u00e9ndez V\u00e1zquez y su experiencia con el acceso abierto"},"content":{"rendered":"<p><a href=\"http:\/\/www.uhu.es\/biblioteca\/labuhardilla\/wp-content\/uploads\/2018\/05\/augusto.jpg\" rel='prettyPhoto[gallery1]'><img loading=\"lazy\" class=\"alignleft size-full wp-image-6146\" title=\"augusto\" src=\"http:\/\/www.uhu.es\/biblioteca\/labuhardilla\/wp-content\/uploads\/2018\/05\/augusto.jpg\" alt=\"\" width=\"90\" height=\"118\" \/><\/a>Bajo el t\u00edtulo <strong><span style=\"color: #ff6600;\">&#8220;Los repositorios cient\u00edficos y el acceso abierto: instrumento clave para la actividad investigadora&#8221;<\/span><\/strong>, nuestra biblioteca est\u00e1 organizando un ciclo de conferencias con el fin de difundir el acceso abierto y el uso del Repositorio Arias Montano entre los investigadores UHU.\u00a0 Lo verdadermente singular de estas conferencias es que el compromiso con los repositorios cient\u00edficos est\u00e1 contado por los propios <strong><span style=\"color: #008000;\">investigadores<\/span><\/strong>, no por los biliotecarios.<\/p>\n<div><span style=\"font-family: Arial; font-size: x-small;\">\u00a0<\/span><\/div>\n<div><\/div>\n<div><em>La primera conferencia corri\u00f3 a cargo del <strong>catedr\u00e1tico de fisica de la Universidad de Alicante D. Augusto Bel\u00e9ndez V\u00e1zquez\u00a0 (<em>CV del conferenciante en:\u00a0<a href=\"https:\/\/cvnet.cpd.ua.es\/curriculum-breve\/es\/belendez-vazquez-augusto\/29786\">https:\/\/cvnet.cpd.ua.es\/curriculum-breve\/es\/belendez-vazquez-augusto\/29786<\/a>)<\/em><\/strong><\/em><\/div>\n<p>Fue una charla muy enriquecedora, ya que desde su experiencia personal despleg\u00f3 aspectos vinculados a los repositorios cient\u00edficos, su vinculaci\u00f3n con la actividad del investigador, c\u00f3mo afectan a la difusi\u00f3n y visibilidad cient\u00edfica, etc. Aprovechando su estancia en nuestra universidad, le hicimos una\u00a0 peque\u00f1a entrevista que reproducimos hoy aqu\u00ed.<\/p>\n<p>Esperamos que\u00a0 tanto su conferencia (cuya presentaci\u00f3n pod\u00e9is consultar\u00a0 en el <a title=\"Arias Montano\" href=\"http:\/\/rabida.uhu.es\/dspace\/handle\/10272\/14656\" target=\"_blank\">Repositorio Arias Montano<\/a>), como esta entrevista, sirvan para disipar muchas de las dudas que giran en torno al acceso abierto entre muchos investigadores.<\/p>\n<h2><strong><span style=\"color: #ff6600;\">\u00bfPor qu\u00e9 es\u00a0importante\u00a0el\u00a0acceso\u00a0abierto?<\/span><\/strong><\/h2>\n<p>En un\u00a0documento\u00a0publicado por la CRUE y la Red de bibliotecas universitarias sobre la importancia del\u00a0acceso\u00a0abierto: \u201cLo que no es visible, no se comparte y no se difunde\u201d. Esta frase resume el papel de los repositorios institucionales y del\u00a0acceso\u00a0abierto\u00a0como instrumento clave para la actividad investigadora. Pero es posible dar algunas otras razones de su importancia. Al estar a disposici\u00f3n libre en Internet la literatura de car\u00e1cter acad\u00e9mico o cient\u00edfico, cualquier usuario puede leer, descargar, copiar, distribuir, imprimir, buscar o referenciar el texto completo de los documentos. Desde el punto de vista del investigador, da una mayor visibilidad e impacto a nuestro trabajo, lo que supone un aumento del n\u00famero de citas. Y, como lectores, los investigadores nos beneficiamos del\u00a0acceso\u00a0y uso del texto completo de las investigaciones publicadas en nuestra \u00e1rea. Como responsable que soy de un grupo de investigaci\u00f3n de la Universidad de Alicante, a nosotros nos permite tener un punto de\u00a0acceso\u00a0centralizado a toda la producci\u00f3n cient\u00edfica de nuestro grupo, y lo mismo se podr\u00eda decir de cada investigador, profesor, departamento o unidad. Esto facilita, por ejemplo, el cumplimiento de las pol\u00edticas nacionales e internacionales sobre la obligatoriedad de depositar en\u00a0acceso\u00a0abierto\u00a0las publicaciones resultantes de las investigaciones financiadas con\u00a0fondos p\u00fablicos. Habr\u00eda muchas otras razones, pero no me quiero extender mucho m\u00e1s. A\u00fan as\u00ed, citar\u00eda otras dos m\u00e1s, que nos benefician a los investigadores como autores de nuestras publicaciones: el uso de identificadores persistentes y estables (handles) para cada uno de los materiales depositados (una especie de DNI del\u00a0documento) y la preservaci\u00f3n de los materiales digitales a largo plazo.<\/p>\n<h2><strong><span style=\"color: #ff6600;\">\u00bfqu\u00e9 ventajas ofrece la publicaci\u00f3n en Repositorios Institucionales frente a redes sociales como ResearchGate, Academia.edu, etc.?<\/span><\/strong><\/h2>\n<p>Los Repositorios Institucionales no son incompatibles con otras plataformas como las citadas. De todas formas, desde mi punto de vista, es dif\u00edcil saber quien est\u00e1 detr\u00e1s de la gesti\u00f3n de esas plataformas, mientras que detr\u00e1s de los repositorios institucionales, como la propia palabra indica, hay una instituci\u00f3n, bien sea una universidad, un centro de investigaci\u00f3n, la FECYT o la propia Uni\u00f3n Europea. Adem\u00e1s, los documentos archivados en los repositorios institucionales est\u00e1n a disposici\u00f3n libre en Internet para cualquier lector, no es necesario darse de alta en ninguna plataforma, cosa que s\u00ed sucede, por ejemplo, en ResearchGate: si no tienes cuenta, no puedes leer los documentos archivados. Luego est\u00e1 el problema de qu\u00e9 documentos se pueden archivar o no. Aunque en general, en el repositorio se podr\u00e1 archivar la versi\u00f3n definitiva publicada por la revista o editorial, no todas las revistas permiten el archivo del\u00a0documento\u00a0definitivos. Hay editoriales que no permiten poner en\u00a0acceso\u00a0abierto\u00a0el PDF definitivo publicado (versi\u00f3n final), sino la versi\u00f3n definitiva con las modificaciones propuestas por los revisores (post-print) y\/o la versi\u00f3n inicial enviada a la revista para su revisi\u00f3n (pre-print). Mientras que los administradores del repositorio comprueban la pol\u00edtica de la editorial al respecto antes de poner en\u00a0acceso\u00a0abierto\u00a0el\u00a0documento, en ResearchGate o Academia.edu no existe ning\u00fan control sobre lo que los investigadores archivan. Ya por \u00faltimo dir\u00eda que yo tengo una cuenta en ResearchGate y, sin embargo, no he archivado ning\u00fan\u00a0documento. Todos los que all\u00ed hay los ha localizado ResearchGate entre los que tengo disponibles en el Repositorio Institucional de la Universidad de Alicante (RUA), por lo que incluso ResearchGate hace uso de lo archivado en los Repositorios Institucionales.<\/p>\n<p><strong><span style=\"color: #ff6600;\">Por \u00faltimo,<\/span><\/strong><\/p>\n<h2><strong><span style=\"color: #ff6600;\">\u00bfqu\u00e9 le parece la iniciativa de la UHU al organizar la conferencia &#8220;Los repositorios cient\u00edficos y el\u00a0acceso\u00a0abierto: instrumento clave para la actividad investigadora?<\/span><\/strong><\/h2>\n<p>Para el investigador, que ya suele estar sobrecargado de trabajo, es un trabajo extra el que tenga que dedicar un tiempo al archivo de su producci\u00f3n cient\u00edfica en un Repositorio Institucional. Si bien es cierto que las pol\u00edticas nacionales e internacionales obligan a depositar en\u00a0acceso\u00a0abierto\u00a0las publicaciones resultantes de las investigaciones financiadas con fondos p\u00fablicos, no parece que todav\u00eda\u00a0se haya implementado un m\u00e9todo para &#8220;premiar&#8221; al que lo hace o \u201ccastigar\u201d al que no\u00a0\u00a0lleva a cabo. Sin embargo, hay muchas ventajas del\u00a0acceso\u00a0abierto\u00a0para el investigador, antes he citado algunas. Iniciativas como la llevada a cabo por la UHU sirven, sin duda, para concienciar a sus investigadores de que el archivo de la producci\u00f3n cient\u00edfica no s\u00f3lo es algo bueno para la valoraci\u00f3n de la propia universidad, sino que es beneficioso para los investigadores tanto individualmente como grupos de investigaci\u00f3n o departamentos. El conocimiento\u00a0abierto\u00a0se ha consolidado como una forma de entender una de las misiones de la universidad: la transferencia de conocimiento a la sociedad y las universidades se han sumado a las iniciativas de\u00a0acceso\u00a0abierto\u00a0como una forma de aumentar la visibilidad e impacto de su propia producci\u00f3n cient\u00edfica y la de sus investigadores. Pero esto no se puede conseguir sin el compromiso de cada uno de sus investigadores.<\/p>\n<div>\n<h4><span style=\"color: #339966;\"><strong>M\u00e1s informaci\u00f3n sobre D. Augusto Bel\u00e9ndez V\u00e1zquez:\u00a0<\/strong><\/span><\/h4>\n<p>El profesor D. Augusto Bel\u00e9ndez V\u00e1zquez es Catedr\u00e1tico de F\u00edsica de la Universidad de Alicante. Pertenece al Departamento de F\u00edsica, Ingenier\u00eda de Sistemas y Teor\u00eda de la Se\u00f1al. <a title=\"orcid augusto\" href=\"http:\/\/orcid.org\/0000-0001-7965-5330\" target=\"_blank\">ORCID<\/a><\/p>\n<p>Entre sus m\u00e9ritos podemos mencionar\u00a0 Fellow Member de la International Society for Optics and Photonics, SPIE (2016).<\/p>\n<p>Director de la\u00a0<a href=\"http:\/\/revistadefisica.es\/index.php\/ref\">Revista Espa\u00f1ola de F\u00edsica<\/a>\u00a0de la Real Sociedad Espa\u00f1ola de F\u00edsica desde marzo de 2018.<\/p>\n<p>Premio a la Excelencia Docente\u00a0(Curso 2008\u201309),\u00a0de conformidad con el convenio suscrito entre la Conseller\u00eda de Educaci\u00f3n de la Generalitat Valenciana y el Rectorado y el Consejo Social de la Universidad de Alicante.<\/p>\n<p>Premio Ense\u00f1anza y Divulgaci\u00f3n de la F\u00edsica\u00a0(Modalidad Ense\u00f1anza Universitaria) 2015, de la Real Sociedad Espa\u00f1ola de F\u00edsica y la Fundaci\u00f3n BBVA.<\/p>\n<p>M\u00e1s sobre el CV del conferenciante en:\u00a0<a href=\"https:\/\/cvnet.cpd.ua.es\/curriculum-breve\/es\/belendez-vazquez-augusto\/29786\">https:\/\/cvnet.cpd.ua.es\/curriculum-breve\/es\/belendez-vazquez-augusto\/29786<\/a><\/p>\n<h4>Para <strong><span style=\"color: #008000;\">m\u00e1s informaci\u00f3n\u00a0 sobre el acceso abierto y el Repositorio Arias Montano<\/span><\/strong> en nuestras gu\u00edas:<\/h4>\n<p><a href=\"http:\/\/guiasbuh.uhu.es\/Openaccess\" target=\"_blank\">Acceso abierto a la producci\u00f3n cient\u00edfica<\/a><\/p>\n<p><a href=\"http:\/\/guiasbuh.uhu.es\/AriasMontano\" target=\"_blank\">Repositorio Arias Montano<\/a><\/p>\n<p>&nbsp;<\/p>\n<h2><strong><span style=\"color: #00ccff;\">\u00a1Os esperamos en la pr\u00f3xima conferencia\u00a1<\/span><\/strong><\/h2>\n<h1 id=\"s-lg-guide-name\">\u00a0<strong style=\"font-size: 13px;\">\u00a0<\/strong><a style=\"font-size: 13px; font-weight: normal;\" href=\"http:\/\/www.uhu.es\/biblioteca\/labuhardilla\/wp-content\/uploads\/2018\/05\/Los-repositorios-cient\u00edficos-y-el-acceso-abierto_-instrumento-clave-para-la-actividad-investigadora-1.png\" rel='prettyPhoto[gallery1]'><img loading=\"lazy\" class=\"alignnone size-full wp-image-6147\" title=\"Los repositorios cient\u00edficos y el acceso abierto_ instrumento clave para la actividad investigadora (1)\" src=\"http:\/\/www.uhu.es\/biblioteca\/labuhardilla\/wp-content\/uploads\/2018\/05\/Los-repositorios-cient\u00edficos-y-el-acceso-abierto_-instrumento-clave-para-la-actividad-investigadora-1.png\" alt=\"\" width=\"560\" height=\"315\" srcset=\"https:\/\/www.uhu.es\/biblioteca\/labuhardilla\/wp-content\/uploads\/2018\/05\/Los-repositorios-cient\u00edficos-y-el-acceso-abierto_-instrumento-clave-para-la-actividad-investigadora-1.png 560w, https:\/\/www.uhu.es\/biblioteca\/labuhardilla\/wp-content\/uploads\/2018\/05\/Los-repositorios-cient\u00edficos-y-el-acceso-abierto_-instrumento-clave-para-la-actividad-investigadora-1-300x168.png 300w\" sizes=\"(max-width: 560px) 100vw, 560px\" \/><\/a><\/h1>\n<\/div>\n","protected":false},"excerpt":{"rendered":"<p>Bajo el t\u00edtulo &#8220;Los repositorios cient\u00edficos y el acceso abierto: instrumento clave para la actividad investigadora&#8221;, nuestra biblioteca est\u00e1 organizando un ciclo de conferencias con el fin de difundir el acceso abierto y el uso del Repositorio Arias Montano entre los investigadores UHU.\u00a0 Lo verdadermente singular de estas conferencias es que el compromiso con los&nbsp;<span class=\"excerpt_more\"><a href=\"https:\/\/www.uhu.es\/biblioteca\/labuhardilla\/?p=6143\">[Seguir leyendo&#8230;]<\/a><\/span><\/p>\n","protected":false},"author":2,"featured_media":6147,"comment_status":"open","ping_status":"open","sticky":false,"template":"","format":"standard","meta":{"_s2mail":"yes"},"categories":[6,4],"tags":[112,13,89],"_links":{"self":[{"href":"https:\/\/www.uhu.es\/biblioteca\/labuhardilla\/index.php?rest_route=\/wp\/v2\/posts\/6143"}],"collection":[{"href":"https:\/\/www.uhu.es\/biblioteca\/labuhardilla\/index.php?rest_route=\/wp\/v2\/posts"}],"about":[{"href":"https:\/\/www.uhu.es\/biblioteca\/labuhardilla\/index.php?rest_route=\/wp\/v2\/types\/post"}],"author":[{"embeddable":true,"href":"https:\/\/www.uhu.es\/biblioteca\/labuhardilla\/index.php?rest_route=\/wp\/v2\/users\/2"}],"replies":[{"embeddable":true,"href":"https:\/\/www.uhu.es\/biblioteca\/labuhardilla\/index.php?rest_route=%2Fwp%2Fv2%2Fcomments&post=6143"}],"version-history":[{"count":37,"href":"https:\/\/www.uhu.es\/biblioteca\/labuhardilla\/index.php?rest_route=\/wp\/v2\/posts\/6143\/revisions"}],"predecessor-version":[{"id":6184,"href":"https:\/\/www.uhu.es\/biblioteca\/labuhardilla\/index.php?rest_route=\/wp\/v2\/posts\/6143\/revisions\/6184"}],"wp:featuredmedia":[{"embeddable":true,"href":"https:\/\/www.uhu.es\/biblioteca\/labuhardilla\/index.php?rest_route=\/wp\/v2\/media\/6147"}],"wp:attachment":[{"href":"https:\/\/www.uhu.es\/biblioteca\/labuhardilla\/index.php?rest_route=%2Fwp%2Fv2%2Fmedia&parent=6143"}],"wp:term":[{"taxonomy":"category","embeddable":true,"href":"https:\/\/www.uhu.es\/biblioteca\/labuhardilla\/index.php?rest_route=%2Fwp%2Fv2%2Fcategories&post=6143"},{"taxonomy":"post_tag","embeddable":true,"href":"https:\/\/www.uhu.es\/biblioteca\/labuhardilla\/index.php?rest_route=%2Fwp%2Fv2%2Ftags&post=6143"}],"curies":[{"name":"wp","href":"https:\/\/api.w.org\/{rel}","templated":true}]}}