{"id":6441,"date":"2023-03-28T08:38:00","date_gmt":"2023-03-28T08:38:00","guid":{"rendered":"http:\/\/www.uhu.es\/biblioteca\/labuhardilla\/?p=6441"},"modified":"2023-09-20T07:44:37","modified_gmt":"2023-09-20T07:44:37","slug":"nos-sigues","status":"publish","type":"post","link":"https:\/\/www.uhu.es\/biblioteca\/labuhardilla\/?p=6441","title":{"rendered":"\u00bfNos sigues?"},"content":{"rendered":"<p><a href=\"http:\/\/www.uhu.es\/biblioteca\/labuhardilla\/wp-content\/uploads\/2018\/09\/73b2c90b39fd47e8e3606d1c6e937663.jpg\" rel='prettyPhoto[gallery1]'><img loading=\"lazy\" class=\"alignleft size-full wp-image-6467\" title=\"www.luciabe.com\" src=\"http:\/\/www.uhu.es\/biblioteca\/labuhardilla\/wp-content\/uploads\/2018\/09\/73b2c90b39fd47e8e3606d1c6e937663.jpg\" alt=\"\" width=\"364\" height=\"214\" \/><\/a>Las redes sociales han marcado un antes y un despu\u00e9s en la comunicaci\u00f3n de la biblioteca con sus usuarios. Ahora todo es m\u00e1s r\u00e1pido, sin horarios, desligada de cualquier lugar f\u00edsico y m\u00e1s efectiva.\u00a0 En esta infograf\u00eda ten\u00e9is todas nuestras redes sociales, donde podr\u00e9is encontrar\u00a0 informaci\u00f3n b\u00e1sica y de \u00faltima hora en <a title=\"Facebook\" href=\"https:\/\/www.facebook.com\/BibliotecaUniversidadHuelva\" target=\"_blank\" rel=\"noopener\">facebook<\/a>, <a href=\"https:\/\/www.instagram.com\/unihuelva\/?hl=es\" target=\"_blank\" rel=\"noopener\">instagram<\/a>, <a title=\"Twitter\" href=\"https:\/\/twitter.com\/bibliotecaUHU\" target=\"_blank\" rel=\"noopener\">twitter<\/a>&#8230; Las mejores im\u00e1genes de nuestras colecciones las tienes en <a title=\"Pinterest\" href=\"https:\/\/www.pinterest.es\/biblioBUH\/?autologin=true\" target=\"_blank\" rel=\"noopener\">pinterest<\/a> y <a title=\"Flickr\" href=\"https:\/\/www.flickr.com\/photos\/bibliotecauniversidaddehuelva\" target=\"_blank\" rel=\"noopener\">flickr<\/a>. En <a href=\"https:\/\/www.google.com\/maps\/place\/Biblioteca+Universidad+de+Huelva.+Biblioteca+Central+Ibn+Hazm\/@37.2686521,-6.9237065,15z\/data=!4m6!3m5!1s0xd11cffeffb0bfa3:0x617ac1429b646221!8m2!3d37.2686521!4d-6.9237065!16s%2Fg%2F11c48tbfyx\" target=\"_blank\" rel=\"noopener\">google maps<\/a> est\u00e1s al d\u00eda de nuestros horarios, aforo y localizaciones. Y en <a title=\"La Buhardilla\" href=\"http:\/\/www.uhu.es\/biblioteca\/labuhardilla\" target=\"_blank\" rel=\"noopener\">La buhardilla<\/a> puedes leer entradas muy interesantes sobre colecciones, investigaci\u00f3n, vida en la biblioteca&#8230;<\/p>\n<h3 style=\"text-align: left;\"><span style=\"color: #3527d8;\">\u00bfNOS SIGUES EN TODAS?<\/span><\/h3>\n<h2 style=\"text-align: center;\"><span style=\"color: #df591f;\">\u00a1S\u00edguenos, no te pierdas nada!<\/span><\/h2>\n<div style=\"width: 100%;\">\n<div style=\"position: relative; padding-bottom: 45.49%; padding-top: 0; height: 0;\"><iframe loading=\"lazy\" style=\"position: absolute; top: 0; left: 0; width: 100%; height: 100%;\" src=\"https:\/\/view.genial.ly\/599a96e9dc1c8524e4bc0d33\" width=\"2418\" height=\"1100\" frameborder=\"0\" scrolling=\"yes\"><\/iframe><\/div>\n<\/div>\n<p>Fuente de la imagen: www.luciabe.com<\/p>\n","protected":false},"excerpt":{"rendered":"<p>Las redes sociales han marcado un antes y un despu\u00e9s en la comunicaci\u00f3n de la biblioteca con sus usuarios. Ahora todo es m\u00e1s r\u00e1pido, sin horarios, desligada de cualquier lugar f\u00edsico y m\u00e1s efectiva.\u00a0 En esta infograf\u00eda ten\u00e9is todas nuestras redes sociales, donde podr\u00e9is encontrar\u00a0 informaci\u00f3n b\u00e1sica y de \u00faltima hora en facebook, instagram, twitter&#8230;&nbsp;<span class=\"excerpt_more\"><a href=\"https:\/\/www.uhu.es\/biblioteca\/labuhardilla\/?p=6441\">[Seguir leyendo&#8230;]<\/a><\/span><\/p>\n","protected":false},"author":2,"featured_media":6467,"comment_status":"open","ping_status":"open","sticky":false,"template":"","format":"standard","meta":{"_s2mail":"yes"},"categories":[3],"tags":[33,14],"_links":{"self":[{"href":"https:\/\/www.uhu.es\/biblioteca\/labuhardilla\/index.php?rest_route=\/wp\/v2\/posts\/6441"}],"collection":[{"href":"https:\/\/www.uhu.es\/biblioteca\/labuhardilla\/index.php?rest_route=\/wp\/v2\/posts"}],"about":[{"href":"https:\/\/www.uhu.es\/biblioteca\/labuhardilla\/index.php?rest_route=\/wp\/v2\/types\/post"}],"author":[{"embeddable":true,"href":"https:\/\/www.uhu.es\/biblioteca\/labuhardilla\/index.php?rest_route=\/wp\/v2\/users\/2"}],"replies":[{"embeddable":true,"href":"https:\/\/www.uhu.es\/biblioteca\/labuhardilla\/index.php?rest_route=%2Fwp%2Fv2%2Fcomments&post=6441"}],"version-history":[{"count":48,"href":"https:\/\/www.uhu.es\/biblioteca\/labuhardilla\/index.php?rest_route=\/wp\/v2\/posts\/6441\/revisions"}],"predecessor-version":[{"id":8470,"href":"https:\/\/www.uhu.es\/biblioteca\/labuhardilla\/index.php?rest_route=\/wp\/v2\/posts\/6441\/revisions\/8470"}],"wp:featuredmedia":[{"embeddable":true,"href":"https:\/\/www.uhu.es\/biblioteca\/labuhardilla\/index.php?rest_route=\/wp\/v2\/media\/6467"}],"wp:attachment":[{"href":"https:\/\/www.uhu.es\/biblioteca\/labuhardilla\/index.php?rest_route=%2Fwp%2Fv2%2Fmedia&parent=6441"}],"wp:term":[{"taxonomy":"category","embeddable":true,"href":"https:\/\/www.uhu.es\/biblioteca\/labuhardilla\/index.php?rest_route=%2Fwp%2Fv2%2Fcategories&post=6441"},{"taxonomy":"post_tag","embeddable":true,"href":"https:\/\/www.uhu.es\/biblioteca\/labuhardilla\/index.php?rest_route=%2Fwp%2Fv2%2Ftags&post=6441"}],"curies":[{"name":"wp","href":"https:\/\/api.w.org\/{rel}","templated":true}]}}