{"id":6494,"date":"2018-10-15T12:37:49","date_gmt":"2018-10-15T12:37:49","guid":{"rendered":"http:\/\/172.16.144.13\/labuhardilla\/?p=6494"},"modified":"2018-10-16T07:32:51","modified_gmt":"2018-10-16T07:32:51","slug":"20-anos-no-es-nada","status":"publish","type":"post","link":"https:\/\/www.uhu.es\/biblioteca\/labuhardilla\/?p=6494","title":{"rendered":"20 a\u00f1os no es nada"},"content":{"rendered":"<p><a href=\"http:\/\/172.16.144.13\/labuhardilla\/wp-content\/uploads\/2018\/10\/Inauguraci\u00f3n-BUH.jpeg\" rel='prettyPhoto[gallery1]'><img loading=\"lazy\" class=\"size-medium wp-image-6530 alignleft\" src=\"http:\/\/172.16.144.13\/labuhardilla\/wp-content\/uploads\/2018\/10\/Inauguraci\u00f3n-BUH-233x300.jpeg\" alt=\"\" width=\"233\" height=\"300\" srcset=\"https:\/\/www.uhu.es\/biblioteca\/labuhardilla\/wp-content\/uploads\/2018\/10\/Inauguraci\u00f3n-BUH-233x300.jpeg 233w, https:\/\/www.uhu.es\/biblioteca\/labuhardilla\/wp-content\/uploads\/2018\/10\/Inauguraci\u00f3n-BUH-768x990.jpeg 768w, https:\/\/www.uhu.es\/biblioteca\/labuhardilla\/wp-content\/uploads\/2018\/10\/Inauguraci\u00f3n-BUH-794x1024.jpeg 794w, https:\/\/www.uhu.es\/biblioteca\/labuhardilla\/wp-content\/uploads\/2018\/10\/Inauguraci\u00f3n-BUH.jpeg 1160w\" sizes=\"(max-width: 233px) 100vw, 233px\" \/><\/a><\/p>\n<p>Estamos de celebraci\u00f3n. El 15 de octubre de 1998 se inauguraba el actual edificio de la Biblioteca Central.<\/p>\n<p>Entonces a\u00fan no est\u00e1bamos en las redes sociales, ni exist\u00eda nuestro blog. \u00bfRecuerdas ese d\u00eda?. Si es as\u00ed, nos gustar\u00eda mucho que a\u00f1adieras un comentario sobre tus recuerdos de ese d\u00eda.<\/p>\n<p>&nbsp;<\/p>\n<p>&nbsp;<\/p>\n<p>&nbsp;<\/p>\n","protected":false},"excerpt":{"rendered":"<p>Estamos de celebraci\u00f3n. El 15 de octubre de 1998 se inauguraba el actual edificio de la Biblioteca Central. Entonces a\u00fan no est\u00e1bamos en las redes sociales, ni exist\u00eda nuestro blog. \u00bfRecuerdas ese d\u00eda?. Si es as\u00ed, nos gustar\u00eda mucho que a\u00f1adieras un comentario sobre tus recuerdos de ese d\u00eda. &nbsp; &nbsp; &nbsp;<\/p>\n","protected":false},"author":2,"featured_media":6532,"comment_status":"open","ping_status":"open","sticky":false,"template":"","format":"standard","meta":{"_s2mail":"yes"},"categories":[6,5],"tags":[248,33],"_links":{"self":[{"href":"https:\/\/www.uhu.es\/biblioteca\/labuhardilla\/index.php?rest_route=\/wp\/v2\/posts\/6494"}],"collection":[{"href":"https:\/\/www.uhu.es\/biblioteca\/labuhardilla\/index.php?rest_route=\/wp\/v2\/posts"}],"about":[{"href":"https:\/\/www.uhu.es\/biblioteca\/labuhardilla\/index.php?rest_route=\/wp\/v2\/types\/post"}],"author":[{"embeddable":true,"href":"https:\/\/www.uhu.es\/biblioteca\/labuhardilla\/index.php?rest_route=\/wp\/v2\/users\/2"}],"replies":[{"embeddable":true,"href":"https:\/\/www.uhu.es\/biblioteca\/labuhardilla\/index.php?rest_route=%2Fwp%2Fv2%2Fcomments&post=6494"}],"version-history":[{"count":7,"href":"https:\/\/www.uhu.es\/biblioteca\/labuhardilla\/index.php?rest_route=\/wp\/v2\/posts\/6494\/revisions"}],"predecessor-version":[{"id":6531,"href":"https:\/\/www.uhu.es\/biblioteca\/labuhardilla\/index.php?rest_route=\/wp\/v2\/posts\/6494\/revisions\/6531"}],"wp:featuredmedia":[{"embeddable":true,"href":"https:\/\/www.uhu.es\/biblioteca\/labuhardilla\/index.php?rest_route=\/wp\/v2\/media\/6532"}],"wp:attachment":[{"href":"https:\/\/www.uhu.es\/biblioteca\/labuhardilla\/index.php?rest_route=%2Fwp%2Fv2%2Fmedia&parent=6494"}],"wp:term":[{"taxonomy":"category","embeddable":true,"href":"https:\/\/www.uhu.es\/biblioteca\/labuhardilla\/index.php?rest_route=%2Fwp%2Fv2%2Fcategories&post=6494"},{"taxonomy":"post_tag","embeddable":true,"href":"https:\/\/www.uhu.es\/biblioteca\/labuhardilla\/index.php?rest_route=%2Fwp%2Fv2%2Ftags&post=6494"}],"curies":[{"name":"wp","href":"https:\/\/api.w.org\/{rel}","templated":true}]}}