{"id":6584,"date":"2018-12-04T12:13:22","date_gmt":"2018-12-04T12:13:22","guid":{"rendered":"http:\/\/www.uhu.es\/biblioteca\/labuhardilla\/?p=6584"},"modified":"2018-12-04T12:13:22","modified_gmt":"2018-12-04T12:13:22","slug":"jesus-cruz-villalon-y-su-experiencia-con-el-acceso-abierto","status":"publish","type":"post","link":"https:\/\/www.uhu.es\/biblioteca\/labuhardilla\/?p=6584","title":{"rendered":"Jes\u00fas Cruz Villal\u00f3n y su experiencia con el acceso abierto"},"content":{"rendered":"<p><a href=\"http:\/\/www.uhu.es\/biblioteca\/labuhardilla\/wp-content\/uploads\/2018\/12\/jesus-cruz-villalon.png\" rel='prettyPhoto[gallery1]'><img loading=\"lazy\" class=\"size-full wp-image-6586 alignleft\" src=\"http:\/\/www.uhu.es\/biblioteca\/labuhardilla\/wp-content\/uploads\/2018\/12\/jesus-cruz-villalon.png\" alt=\"\" width=\"265\" height=\"242\" \/><\/a>Dentro del ciclo de conferencias de acceso abierto a la producci\u00f3n cient\u00edfica en la UHU, el catedr\u00e1tico de Derecho de la Universidad de Sevilla, <a href=\"https:\/\/orcid.org\/0000-0002-1275-5289\">Jes\u00fas Cruz Villal\u00f3n<\/a>,\u00a0 pronunci\u00f3 la conferencia &#8216;La virtualidad de los repositorios cient\u00edficos abiertos en el \u00e1mbito de las ciencias sociales y jur\u00eddicas&#8217;.<\/p>\n<p>&nbsp;<\/p>\n<p>El objetivo de estas conferencias ha sido\u00a0explicar qu\u00e9 es el acceso abierto para los investigadores, y contado por los propios investigadores.<\/p>\n<p>Esperamos que\u00a0 tanto su conferencia (pod\u00e9is consultar\u00a0 un resumen de la misma en el\u00a0\u00a0Repositorio Arias Montano) como la entrevista que le hicimos os resulten interesantes.<\/p>\n<p><span style=\"color: #000000;\">Os transcribimos la entrevista que mantuvimos con \u00e9l:<\/span><\/p>\n<h3><span style=\"color: #911d14;\"><em><strong>\u00bfPor qu\u00e9 es\u00a0importante\u00a0el\u00a0acceso\u00a0abierto?<\/strong><\/em><\/span><\/h3>\n<p>Es importante por tres razones b\u00e1sicas: la primera de ellas es porque el resultado de la investigaci\u00f3n se difunde de una manera universal y llega a destinos a los que uno tendr\u00eda muy dif\u00edcil acceso de otro modo.<\/p>\n<p>En segundo lugar, porque esa colocaci\u00f3n, el lugar preferente es valorada muy positivamente por los \u00f3rganos de acreditaci\u00f3n y de reconocimiento de los resultados de la investigaci\u00f3n. Es un criterio objetivo de que efectivamente no solamente la investigaci\u00f3n se ha realizado, sino que se difunde.<\/p>\n<p>Y, en tercer lugar, porque incluso el propio investigador, nosotros como investigadores, cuando queremos ir a localizar un trabajo que nos resulta necesario para desarrollar nuestra investigaci\u00f3n, como quiera que estos repositorios est\u00e1n conectados con el resto de las redes de internet, los encuentra sin necesidad siquiera de ir directamente al propio repositorio.<\/p>\n<h3><span style=\"color: #911d14;\"><em><strong>\u00bfqu\u00e9 ventajas ofrece la publicaci\u00f3n en Repositorios Institucionales frente a redes sociales como ResearchGate, Academia.edu, etc.?<\/strong><\/em><\/span><\/h3>\n<p>Bueno, la verdad es que no se trata de canales o de redes incompatibles porque con el paso del tiempo cada vez m\u00e1s est\u00e1n interconectadas las unas con las otras. El hecho de que uno lo tenga en el repositorio, con cierta automaticidad pasa a ser localizable a trav\u00e9s de estas otras redes. Tienen los repositorios institucionales la ventaja de la<\/p>\n<p>proximidad. Por mucho que estemos todos en la nube, al final hay un profesional, que es el que gestiona el repositorio, y la proximidad de ese profesional es una enorme ventaja frente a un gran aparato de difusi\u00f3n como son estos internacionales.<\/p>\n<h4><span style=\"color: #911d14;\">Por \u00faltimo,<\/span><\/h4>\n<h3><span style=\"color: #911d14;\"><em><strong>\u00bfqu\u00e9 le parece la iniciativa de la UHU al organizar la conferencia \u201cLos repositorios cient\u00edficos y el\u00a0acceso\u00a0abierto: instrumento clave para la actividad investigadora?<\/strong><\/em><\/span><\/h3>\n<p>Est\u00e1 demostrando que es un lugar de encuentro importante porque la investigaci\u00f3n a veces se hace de manera muy individual, y sin embargo, el encontrarse f\u00edsicamente unos investigadores que realizan su labor en campos pr\u00f3ximos, pues le da a uno una informaci\u00f3n y un contraste de los resultados de su propia investigaci\u00f3n y de la que est\u00e1n haciendo los dem\u00e1s.<\/p>\n<p>&nbsp;<\/p>\n","protected":false},"excerpt":{"rendered":"<p>Dentro del ciclo de conferencias de acceso abierto a la producci\u00f3n cient\u00edfica en la UHU, el catedr\u00e1tico de Derecho de la Universidad de Sevilla, Jes\u00fas Cruz Villal\u00f3n,\u00a0 pronunci\u00f3 la conferencia &#8216;La virtualidad de los repositorios cient\u00edficos abiertos en el \u00e1mbito de las ciencias sociales y jur\u00eddicas&#8217;. &nbsp; El objetivo de estas conferencias ha sido\u00a0explicar qu\u00e9&nbsp;<span class=\"excerpt_more\"><a href=\"https:\/\/www.uhu.es\/biblioteca\/labuhardilla\/?p=6584\">[Seguir leyendo&#8230;]<\/a><\/span><\/p>\n","protected":false},"author":2,"featured_media":6586,"comment_status":"open","ping_status":"open","sticky":false,"template":"","format":"standard","meta":{"_s2mail":"yes"},"categories":[6,4],"tags":[112,13,113,44,89],"_links":{"self":[{"href":"https:\/\/www.uhu.es\/biblioteca\/labuhardilla\/index.php?rest_route=\/wp\/v2\/posts\/6584"}],"collection":[{"href":"https:\/\/www.uhu.es\/biblioteca\/labuhardilla\/index.php?rest_route=\/wp\/v2\/posts"}],"about":[{"href":"https:\/\/www.uhu.es\/biblioteca\/labuhardilla\/index.php?rest_route=\/wp\/v2\/types\/post"}],"author":[{"embeddable":true,"href":"https:\/\/www.uhu.es\/biblioteca\/labuhardilla\/index.php?rest_route=\/wp\/v2\/users\/2"}],"replies":[{"embeddable":true,"href":"https:\/\/www.uhu.es\/biblioteca\/labuhardilla\/index.php?rest_route=%2Fwp%2Fv2%2Fcomments&post=6584"}],"version-history":[{"count":9,"href":"https:\/\/www.uhu.es\/biblioteca\/labuhardilla\/index.php?rest_route=\/wp\/v2\/posts\/6584\/revisions"}],"predecessor-version":[{"id":6596,"href":"https:\/\/www.uhu.es\/biblioteca\/labuhardilla\/index.php?rest_route=\/wp\/v2\/posts\/6584\/revisions\/6596"}],"wp:featuredmedia":[{"embeddable":true,"href":"https:\/\/www.uhu.es\/biblioteca\/labuhardilla\/index.php?rest_route=\/wp\/v2\/media\/6586"}],"wp:attachment":[{"href":"https:\/\/www.uhu.es\/biblioteca\/labuhardilla\/index.php?rest_route=%2Fwp%2Fv2%2Fmedia&parent=6584"}],"wp:term":[{"taxonomy":"category","embeddable":true,"href":"https:\/\/www.uhu.es\/biblioteca\/labuhardilla\/index.php?rest_route=%2Fwp%2Fv2%2Fcategories&post=6584"},{"taxonomy":"post_tag","embeddable":true,"href":"https:\/\/www.uhu.es\/biblioteca\/labuhardilla\/index.php?rest_route=%2Fwp%2Fv2%2Ftags&post=6584"}],"curies":[{"name":"wp","href":"https:\/\/api.w.org\/{rel}","templated":true}]}}