{"id":659,"date":"2013-09-20T10:07:32","date_gmt":"2013-09-20T10:07:32","guid":{"rendered":"http:\/\/www.uhu.es\/biblioteca\/labuhardilla\/?p=659"},"modified":"2013-09-23T08:20:09","modified_gmt":"2013-09-23T08:20:09","slug":"entrevistamos-a-pablo-zambrano-carballo","status":"publish","type":"post","link":"https:\/\/www.uhu.es\/biblioteca\/labuhardilla\/?p=659","title":{"rendered":"Entrevistamos a: Pablo Zambrano Carballo"},"content":{"rendered":"<p dir=\"ltr\"><a href=\"http:\/\/www.uhu.es\/biblioteca\/labuhardilla\/wp-content\/uploads\/2013\/09\/PabloZambrano.jpg\" rel='prettyPhoto[gallery1]'><img loading=\"lazy\" class=\"alignleft size-medium wp-image-660\" title=\"Pablo Zambrano\" src=\"http:\/\/www.uhu.es\/biblioteca\/labuhardilla\/wp-content\/uploads\/2013\/09\/PabloZambrano-267x300.jpg\" alt=\"\" width=\"267\" height=\"300\" srcset=\"https:\/\/www.uhu.es\/biblioteca\/labuhardilla\/wp-content\/uploads\/2013\/09\/PabloZambrano-267x300.jpg 267w, https:\/\/www.uhu.es\/biblioteca\/labuhardilla\/wp-content\/uploads\/2013\/09\/PabloZambrano.jpg 547w\" sizes=\"(max-width: 267px) 100vw, 267px\" \/><\/a><\/p>\n<p dir=\"ltr\">Retomamos las entrevistas a nuestros usuarios, con el objetivo de \u00a0conocer m\u00e1s de cerca a los miembros de la comunidad universitaria. Esta vez contamos con la participaci\u00f3n del profesor <strong>Pablo Zambrano Carballo<\/strong>.<\/p>\n<p dir=\"ltr\">Es Profesor Titular de Teor\u00eda de la Literatura y Literatura Comparada. Entre los cargos acad\u00e9micos que ha desempe\u00f1ado se cuentan los de Vicedecano de Biblioteca de la Facultad de Humanidades y Ciencias de la Educaci\u00f3n, Ponente de Selectividad y Secretario del Departamento de Filolog\u00edas Integradas, del que actualmente es su Director.<\/p>\n<p dir=\"ltr\">Sus \u00e1reas de docencia e investigaci\u00f3n son la Literatura Comparada y la Teor\u00eda Literaria. Ha publicado monograf\u00edas y art\u00edculos sobre San Juan de la Cruz, T. S. Eliot, Emily Dickinson, Balzac, Flaubert, Juan Goytisolo, Clar\u00edn, Cabral de Melo Neto y otros. Asimismo, ha traducido al castellano obras de Keats y de Balzac. Ha sido profesor \u00a0e investigador visitante en Universidades de Estados Unidos, Francia e Italia.<\/p>\n<p dir=\"ltr\"><em>1.\u00bfC\u00f3mo recuerda su primera visita a la BUH ?<\/em><\/p>\n<p dir=\"ltr\">\u00a0Mis primeros recuerdos de la Biblioteca se remontan al a\u00f1o 1992, en La R\u00e1bida, cuando llegu\u00e9 a una instituci\u00f3n que por entonces depend\u00eda a\u00fan de la Universidad de Sevilla. La Biblioteca se reduc\u00eda a unos cuantos anaqueles y a un limitad\u00edsimo cat\u00e1logo manual. De hecho, recordaba el lugar de los libros por su color. Luego, como Vicedecano de Biblioteca de la Facultad de Humanidades y Ciencias de la Educaci\u00f3n, asist\u00ed al progresivo traslado de los fondos bibliogr\u00e1ficos depositados en los Departamentos. A partir de la creaci\u00f3n de la UHU, el crecimiento de su Biblioteca ha sido realmente espectacular, y no s\u00f3lo en el tama\u00f1o y variedad de su fondo, sino en otros muchos aspectos.<\/p>\n<p dir=\"ltr\"><em>2.\u00bfQu\u00e9 valora m\u00e1s y qu\u00e9 echa en falta en la BUH?<\/em><\/p>\n<p dir=\"ltr\">Uno de los servicios que m\u00e1s utilizo y valoro por su alt\u00edsima eficacia es el de pr\u00e9stamo interbibliotecario. Tambi\u00e9n me parece muy eficaz el servicio de adquisiciones y catalogaci\u00f3n. Mi experiencia con ellos es excelente. Y, en general, valoro muy positivamente la disposici\u00f3n permanente y el buen hacer de todo el personal.<\/p>\n<p dir=\"ltr\">En cuanto a lo que echo en falta, quiz\u00e1s cambiar\u00eda o mejorar\u00eda el sistema de catalogaci\u00f3n. S\u00e9 que no es tarea f\u00e1cil y que es muy discutible, pero lo cierto es que en ocasiones encuentro la catalogaci\u00f3n farragosa.<\/p>\n<p dir=\"ltr\"><em>3.\u00bfSabe qu\u00e9 es la Biblioteca 2.0? \u00a0\u00bfAcude a la biblioteca o la utiliza m\u00e1s a trav\u00e9s de internet (consultas al cat\u00e1logo, reservas, uso de bases de datos, revistas electr\u00f3nicas\u2026) ?<\/em><\/p>\n<p dir=\"ltr\">\u00a0Imagino que la Biblioteca 2.0 se refiere a la integraci\u00f3n de las tecnolog\u00edas digitales de la informaci\u00f3n en los servicios de la Biblioteca. En tal sentido, creo que tales tecnolog\u00edas han beneficiado enormemente la consulta del cat\u00e1logo, el acceso desde casa, la petici\u00f3n de material. Valoro asimismo la presencia de la BUH en las redes sociales. Utilizo muy frecuentemente todos los servicios digitales.<\/p>\n<p dir=\"ltr\"><em>\u00a04.\u00bfComunica a sus alumnos la importancia de la biblioteca para sus estudios?\u00a0<\/em><\/p>\n<p dir=\"ltr\">Por supuesto. No concibo la figura de un estudiante universitario que no utilice la Biblioteca y que no la sienta como parte fundamental de su vida (no s\u00f3lo acad\u00e9mica).<\/p>\n<p dir=\"ltr\"><em>\u00a05.\u00bfPuede recomendarnos alguna biblioteca que haya visitado y le haya gustado especialmente?<\/em><\/p>\n<p dir=\"ltr\">\u00a0En general, mi experiencia con las bibliotecas de Estados Unidos es muy positiva. \u00daltimamente he estado en la de la Universidad de Barry (Florida) y pr\u00f3ximamente volver\u00e9 a la de Pomona College (California). En general, valoro la accesibilidad sin l\u00edmites de estas bibliotecas y la disposici\u00f3n constante a facilitar la labor del investigador.<\/p>\n","protected":false},"excerpt":{"rendered":"<p>Retomamos las entrevistas a nuestros usuarios, con el objetivo de \u00a0conocer m\u00e1s de cerca a los miembros de la comunidad universitaria. Esta vez contamos con la participaci\u00f3n del profesor Pablo Zambrano Carballo. Es Profesor Titular de Teor\u00eda de la Literatura y Literatura Comparada. Entre los cargos acad\u00e9micos que ha desempe\u00f1ado se cuentan los de Vicedecano&nbsp;<span class=\"excerpt_more\"><a href=\"https:\/\/www.uhu.es\/biblioteca\/labuhardilla\/?p=659\">[Seguir leyendo&#8230;]<\/a><\/span><\/p>\n","protected":false},"author":4,"featured_media":660,"comment_status":"open","ping_status":"open","sticky":false,"template":"","format":"standard","meta":{"_s2mail":"yes"},"categories":[6,5],"tags":[11,108],"_links":{"self":[{"href":"https:\/\/www.uhu.es\/biblioteca\/labuhardilla\/index.php?rest_route=\/wp\/v2\/posts\/659"}],"collection":[{"href":"https:\/\/www.uhu.es\/biblioteca\/labuhardilla\/index.php?rest_route=\/wp\/v2\/posts"}],"about":[{"href":"https:\/\/www.uhu.es\/biblioteca\/labuhardilla\/index.php?rest_route=\/wp\/v2\/types\/post"}],"author":[{"embeddable":true,"href":"https:\/\/www.uhu.es\/biblioteca\/labuhardilla\/index.php?rest_route=\/wp\/v2\/users\/4"}],"replies":[{"embeddable":true,"href":"https:\/\/www.uhu.es\/biblioteca\/labuhardilla\/index.php?rest_route=%2Fwp%2Fv2%2Fcomments&post=659"}],"version-history":[{"count":11,"href":"https:\/\/www.uhu.es\/biblioteca\/labuhardilla\/index.php?rest_route=\/wp\/v2\/posts\/659\/revisions"}],"predecessor-version":[{"id":672,"href":"https:\/\/www.uhu.es\/biblioteca\/labuhardilla\/index.php?rest_route=\/wp\/v2\/posts\/659\/revisions\/672"}],"wp:featuredmedia":[{"embeddable":true,"href":"https:\/\/www.uhu.es\/biblioteca\/labuhardilla\/index.php?rest_route=\/wp\/v2\/media\/660"}],"wp:attachment":[{"href":"https:\/\/www.uhu.es\/biblioteca\/labuhardilla\/index.php?rest_route=%2Fwp%2Fv2%2Fmedia&parent=659"}],"wp:term":[{"taxonomy":"category","embeddable":true,"href":"https:\/\/www.uhu.es\/biblioteca\/labuhardilla\/index.php?rest_route=%2Fwp%2Fv2%2Fcategories&post=659"},{"taxonomy":"post_tag","embeddable":true,"href":"https:\/\/www.uhu.es\/biblioteca\/labuhardilla\/index.php?rest_route=%2Fwp%2Fv2%2Ftags&post=659"}],"curies":[{"name":"wp","href":"https:\/\/api.w.org\/{rel}","templated":true}]}}