{"id":6598,"date":"2019-01-09T07:41:15","date_gmt":"2019-01-09T07:41:15","guid":{"rendered":"http:\/\/www.uhu.es\/biblioteca\/labuhardilla\/?p=6598"},"modified":"2019-01-10T11:24:46","modified_gmt":"2019-01-10T11:24:46","slug":"lapices-solidarios","status":"publish","type":"post","link":"https:\/\/www.uhu.es\/biblioteca\/labuhardilla\/?p=6598","title":{"rendered":"L\u00e1pices Solidarios"},"content":{"rendered":"<p>&nbsp;<\/p>\n<p><a href=\"http:\/\/www.uhu.es\/biblioteca\/labuhardilla\/wp-content\/uploads\/2019\/01\/logo.gif\" rel='prettyPhoto[gallery1]'><img loading=\"lazy\" class=\"size-full wp-image-6604 alignleft\" src=\"http:\/\/www.uhu.es\/biblioteca\/labuhardilla\/wp-content\/uploads\/2019\/01\/logo.gif\" alt=\"\" width=\"155\" height=\"164\" \/><br \/>\n<\/a>El d\u00eda 10 de enero de 2019, tendr\u00e1 lugar la firma de un convenio entre la <span style=\"color: #993300;\"><strong>Asociaci\u00f3n Aguaviva y la Universidad de Huelva en la Biblioteca Central<\/strong><\/span>. A partir de ese momento, invitamos a toda la ciudadan\u00eda a realizar una <strong>donaci\u00f3n de material escolar<\/strong> en cualquier mostrador de los distintos puntos de servicio de la Biblioteca. Si tienes alguna sanci\u00f3n por el retraso en la devoluci\u00f3n de tus libros,\u00a0 cuando dones material escolar, autom\u00e1ticamente la sanci\u00f3n puede ser condonada. En este post te explicamos detenidamente c\u00f3mo funcionar\u00e1 este proyecto.<\/p>\n<p>&nbsp;<\/p>\n<p><span style=\"color: #ff6600;\"><strong>\u00bfQu\u00e9 es la asociaci\u00f3n Agua Viva?<\/strong><\/span><\/p>\n<p>La<a href=\"https:\/\/www.facebook.com\/asociacionaguaviva\/\"><strong><span style=\"color: #008080;\"> Asociaci\u00f3n Agua Viva<\/span> <\/strong><\/a>es una iniciativa social sin \u00e1nimo de lucro, cuya finalidad es la inserci\u00f3n sociolaboral de colectivos socialmente desfavorecidos, principalmente j\u00f3venes.<br \/>\nEsta asociaci\u00f3n surgi\u00f3 en el a\u00f1o 1986 a iniciativa de un grupo de personas pertenecientes a una zona de riesgo de la ciudad de Huelva, comprometidas y concienciadas con la problem\u00e1tica social que presentaba la poblaci\u00f3n, sobre todo joven, de la barriada de El Higueral : riesgo de exclusi\u00f3n, entorno de venta y consumo de drogas, familias desestructuradas, desempleo, etc.<br \/>\nDesde su fundaci\u00f3n, Agua Viva ha trabajado buscando la promoci\u00f3n personal y colectiva de personas o colectivos en situaci\u00f3n de riesgo o exclusi\u00f3n. La principal actividad de la asociaci\u00f3n agua viva es la formaci\u00f3n y empoderamiento, principalmente de j\u00f3venes, promoviendo la igualdad de oportunidades, facilitando y generando itinerarios de inclusi\u00f3n social.<\/p>\n<p>Agua Viva desarrolla distintas iniciativas, destinadas a formar a j\u00f3venes que presentan dificultades de acceso a la cultura, la educaci\u00f3n y el empleo. Esta labor se materializa mediante programas que promueven la integraci\u00f3n de colectivos socialmente desfavorecidos y, de forma especial, el juvenil. Desarrollamos proyectos que faciliten su inclusi\u00f3n social y laboral:<br \/>\n&#8211;<strong> \u201c<span style=\"color: #000000;\">Tr\u00e1nsito<\/span>\u201d<\/strong>: programa de intervenci\u00f3n con j\u00f3venes en situaci\u00f3n de riesgo o exclusi\u00f3n, que ofrece\u00a0 acompa\u00f1amiento, formaci\u00f3n y el empoderamiento en su proceso de tr\u00e1nsito personal y social hacia la vida adulta.<br \/>\n&#8211; <strong>\u201cEmpr\u00e9ndete\u201d<\/strong>: Prender el esp\u00edritu emprendedor y la inserci\u00f3n laboral de las personas con mayores dificultades de acceso al mercado de trabajo, fomentando su participaci\u00f3n social, el asociacionismo y voluntariado social como medio de inclusi\u00f3n sociolaboral.<br \/>\n&#8211; &#8220;<strong>Distrito VI\u201d<\/strong>: atiende a colectivos con una especial problem\u00e1tica social orientando a los vecinos y vecinas hacia los recursos sociales, formativos y ocupacionales existentes. Dinamiza y promueve la realidad social, asociativa, cultural o de ocio del Distrito.<\/p>\n<p>Asimismo, Agua Viva impulsa y promueve iniciativas de emprendimiento social para la inclusi\u00f3n laboral de j\u00f3venes:<br \/>\n&#8211; KON ESTILO: Sal\u00f3n de Peluquer\u00eda y Est\u00e9tica que busca costear la formaci\u00f3n de alumnos y alumnas con edades entre 16 y los 29 a\u00f1os.<br \/>\n&#8211; KOIKI: Empresa ecosocial de mensajer\u00eda, paqueter\u00eda y servicios locales con el objetivo de proporcionar un trabajo digno y a medida a j\u00f3venes en situaci\u00f3n de riesgo o exclusi\u00f3n o discapacidad intelectual y f\u00edsica, y que adem\u00e1s permite financiar proyectos medioambientales con los ahorros de CO2 conseguidos ya que la entrega se hace andando o en bicicleta. Estamos hablando de un nuevo modelo de distribuci\u00f3n con la sostenibilidad social y medioambiental como bandera.<br \/>\nSon muchas y diversas las necesidades con las que Agua Viva desarrolla su tarea: necesidades de personal, materiales y de financiaci\u00f3n. Pero las que en mayor medida suelen frenar o ralentizar los procesos son las carencias que tienen que ver con las inversiones que supone la adquisici\u00f3n de material adecuado y \u00f3ptimo para el desarrollo de los distintos talleres y actividades que engloban cada uno de los proyectos y que supone la necesidad de su implementaci\u00f3n para mejorar la calidad de su actividad docente. Sus usuarios necesitan un material escolar b\u00e1sico para la participaci\u00f3n en los talleres, as\u00ed como los alumnos\/as del Sal\u00f3n de Peluquer\u00eda para poder seguir el desarrollo de las clases te\u00f3ricas y los trabajadores de la empresa KOIKI para el ejercicio de su actividad. <u>Y ah\u00ed van a\u00a0 parar vuestros materiales, a la ayuda de esta Asociaci\u00f3n<\/u><\/p>\n<p>&nbsp;<\/p>\n<p><strong><span style=\"color: #ff6600;\">\u00bfEn qu\u00e9 va a consistir el proyecto?<\/span><\/strong><\/p>\n<p>El <strong><span style=\"color: #008000;\">proyecto L\u00e1pices solidarios<\/span> <\/strong>es una propuesta para que la sanci\u00f3n pueda convertirse en una acci\u00f3n positiva, posibilitando a los usuarios \u201ccondonar\u201d la sanci\u00f3n impuesta por retraso en la devoluci\u00f3n de materiales mediante la entrega de material escolar, permitiendo que pueda seguir utilizando el pr\u00e9stamo de los fondos de la Biblioteca.<\/p>\n<p>&nbsp;<\/p>\n<p><strong><span style=\"color: #ff6600;\">\u00bfC\u00f3mo funciona?<\/span><\/strong><\/p>\n<p>Cuando se acude a la biblioteca para devolver los libros y se comunica que existe una sanci\u00f3n, se puede solicitar, si as\u00ed lo desea el usuario, que se levante la sanci\u00f3n. El personal de mostrador le indicar\u00e1 el material que habr\u00e1 de entregar para que se le conmute la sanci\u00f3n, conforme a la Tabla de Cambio aprobada por la Biblioteca.<\/p>\n<p>En nuestros mostradores dispon\u00e9is de una tabla de equivalencias aproximadas entre la duraci\u00f3n de las sanciones y el material necesario para que sean condonadas. Pero por encima de todo se apelar\u00e1 a la generosidad de los usuarios y usuarias, promoviendo una actitud solidaria que participe de la cadena de favores en la que, finalmente, todos los implicados saldr\u00e1n beneficiados.<\/p>\n<p><a href=\"http:\/\/www.uhu.es\/biblioteca\/labuhardilla\/wp-content\/uploads\/2019\/01\/Tabla-de-Cambio.png\" rel='prettyPhoto[gallery1]'><img loading=\"lazy\" class=\"alignnone size-full wp-image-6608\" src=\"http:\/\/www.uhu.es\/biblioteca\/labuhardilla\/wp-content\/uploads\/2019\/01\/Tabla-de-Cambio.png\" alt=\"\" width=\"600\" height=\"249\" srcset=\"https:\/\/www.uhu.es\/biblioteca\/labuhardilla\/wp-content\/uploads\/2019\/01\/Tabla-de-Cambio.png 600w, https:\/\/www.uhu.es\/biblioteca\/labuhardilla\/wp-content\/uploads\/2019\/01\/Tabla-de-Cambio-300x125.png 300w\" sizes=\"(max-width: 600px) 100vw, 600px\" \/><\/a><\/p>\n<p>La Asociaci\u00f3n Agua Viva recoger\u00e1 trimestralmente el material para proceder a su\u00a0\u00a0 distribuci\u00f3n.<\/p>\n<p>&nbsp;<\/p>\n<p><strong><span style=\"color: #ff6600;\">\u00bfCu\u00e1ndo empieza?<\/span><\/strong><\/p>\n<p>El d\u00eda<strong> 10 de Enero<\/strong>, tendr\u00e1 lugar la firma del convenio entre la Asociaci\u00f3n Aguaviva y la Universidad de Huelva en la Biblioteca Central. A partir de ese momento invitamos a toda la la ciudadan\u00eda a realizar una donaci\u00f3n de material escolar, en cualquier mostrador de los distintos puntos de servicio de la Biblioteca. <strong><span style=\"color: #993366;\">No es necesario tener una sanci\u00f3n para colaborar.<\/span><\/strong><\/p>\n<p>&nbsp;<\/p>\n","protected":false},"excerpt":{"rendered":"<p>&nbsp; El d\u00eda 10 de enero de 2019, tendr\u00e1 lugar la firma de un convenio entre la Asociaci\u00f3n Aguaviva y la Universidad de Huelva en la Biblioteca Central. A partir de ese momento, invitamos a toda la ciudadan\u00eda a realizar una donaci\u00f3n de material escolar en cualquier mostrador de los distintos puntos de servicio de&nbsp;<span class=\"excerpt_more\"><a href=\"https:\/\/www.uhu.es\/biblioteca\/labuhardilla\/?p=6598\">[Seguir leyendo&#8230;]<\/a><\/span><\/p>\n","protected":false},"author":2,"featured_media":6599,"comment_status":"open","ping_status":"open","sticky":false,"template":"","format":"standard","meta":{"_s2mail":"yes"},"categories":[3,6],"tags":[250,251,252,249,101],"_links":{"self":[{"href":"https:\/\/www.uhu.es\/biblioteca\/labuhardilla\/index.php?rest_route=\/wp\/v2\/posts\/6598"}],"collection":[{"href":"https:\/\/www.uhu.es\/biblioteca\/labuhardilla\/index.php?rest_route=\/wp\/v2\/posts"}],"about":[{"href":"https:\/\/www.uhu.es\/biblioteca\/labuhardilla\/index.php?rest_route=\/wp\/v2\/types\/post"}],"author":[{"embeddable":true,"href":"https:\/\/www.uhu.es\/biblioteca\/labuhardilla\/index.php?rest_route=\/wp\/v2\/users\/2"}],"replies":[{"embeddable":true,"href":"https:\/\/www.uhu.es\/biblioteca\/labuhardilla\/index.php?rest_route=%2Fwp%2Fv2%2Fcomments&post=6598"}],"version-history":[{"count":9,"href":"https:\/\/www.uhu.es\/biblioteca\/labuhardilla\/index.php?rest_route=\/wp\/v2\/posts\/6598\/revisions"}],"predecessor-version":[{"id":6611,"href":"https:\/\/www.uhu.es\/biblioteca\/labuhardilla\/index.php?rest_route=\/wp\/v2\/posts\/6598\/revisions\/6611"}],"wp:featuredmedia":[{"embeddable":true,"href":"https:\/\/www.uhu.es\/biblioteca\/labuhardilla\/index.php?rest_route=\/wp\/v2\/media\/6599"}],"wp:attachment":[{"href":"https:\/\/www.uhu.es\/biblioteca\/labuhardilla\/index.php?rest_route=%2Fwp%2Fv2%2Fmedia&parent=6598"}],"wp:term":[{"taxonomy":"category","embeddable":true,"href":"https:\/\/www.uhu.es\/biblioteca\/labuhardilla\/index.php?rest_route=%2Fwp%2Fv2%2Fcategories&post=6598"},{"taxonomy":"post_tag","embeddable":true,"href":"https:\/\/www.uhu.es\/biblioteca\/labuhardilla\/index.php?rest_route=%2Fwp%2Fv2%2Ftags&post=6598"}],"curies":[{"name":"wp","href":"https:\/\/api.w.org\/{rel}","templated":true}]}}