{"id":6636,"date":"2019-02-05T12:12:36","date_gmt":"2019-02-05T12:12:36","guid":{"rendered":"http:\/\/www.uhu.es\/biblioteca\/labuhardilla\/?p=6636"},"modified":"2019-02-26T12:59:16","modified_gmt":"2019-02-26T12:59:16","slug":"la-mirada-infantil","status":"publish","type":"post","link":"https:\/\/www.uhu.es\/biblioteca\/labuhardilla\/?p=6636","title":{"rendered":"La Mirada Infantil"},"content":{"rendered":"\n<div class=\"wp-block-image\"><figure class=\"alignleft is-resized\"><img loading=\"lazy\" src=\"http:\/\/www.uhu.es\/biblioteca\/labuhardilla\/wp-content\/uploads\/2019\/02\/2salgado-671x1024.jpg\" alt=\"\" class=\"wp-image-6640\" width=\"313\" height=\"477\"\/><\/figure><\/div>\n\n\n\n<p style=\"color:#176688\" class=\"has-text-color\">La Biblioteca Universitaria ha puesto en marcha el proyecto \u201cL\u00e1pices Solidarios\u201d, una propuesta por la que la sanci\u00f3n impuesta por retraso en la devoluci\u00f3n de materiales puede condonarse mediante la entrega de material escolar que ir\u00e1 destinado a la Asociaci\u00f3n Aguaviva cuya finalidad es la inserci\u00f3n sociolaboral de colectivos socialmente desfavorecidos.<\/p>\n\n\n\n<p style=\"color:#1d1fa7\" class=\"has-text-color\">Al hilo de este proyecto, la biblioteca ha realizado una selecci\u00f3n tem\u00e1tica de pel\u00edculas donde se retratan diferentes realidades abordadas desde la mirada infantil. Los ni\u00f1os son la parte m\u00e1s vulnerable de la sociedad y la infancia el periodo que marcar\u00e1 el futuro desarrollo de la persona. Nuestros protagonistas son ni\u00f1os y ni\u00f1as y a trav\u00e9s de sus ojos nos muestran sus familias, los prejuicios, los valores, el fanatismo, la huida, la marginaci\u00f3n, las sociedades en las que se desenvuelven y la guerra. La guerra, tan inhumana siempre, lo es especialmente con los ni\u00f1os &nbsp;pues son la parte m\u00e1s vulnerables de estos conflictos. No podemos mirar para otro lado cuando se calcula que hoy en d\u00eda hay m\u00e1s ni\u00f1os desplazados que en la Segunda Guerra Mundial con un total de 30 millones. Estos ni\u00f1os principalmente vienen de pa\u00edses como Siria, Sud\u00e1n del sur, Afganist\u00e1n o Somalia, muchos pierden a sus familiares por el camino y han de hacer solos una traves\u00eda en medio de un infierno. Esta selecci\u00f3n tiene en com\u00fan que intenta incidir en los padecimientos, los miedos, la incertidumbre, el hambre y la deshumanizaci\u00f3n de ni\u00f1os y ni\u00f1as que se ven violentados a dejar sus hogares.<\/p>\n\n\n<h1><em><strong><span style=\"color: #008000;\">CINE<\/span><\/strong><\/em><\/h1>\n\n\n<p><\/p>\n\n\n\n<p><a href=\"http:\/\/pinzon1.uhu.es\/record=b1876576~S1*spi\">Captain Fantastic <\/a><\/p>\n\n\n\n<p>Ben (Viggo Mortensen) es un hombre que ha pasado diez a\u00f1os viviendo en los remotos bosques situados al noroeste del Pac\u00edfico criando a sus seis hijos. Sin embargo, las circunstancias hacen que tal peculiar familia deba abandonar su modo de vida en la naturaleza y volver a la civilizaci\u00f3n. Asimilar su nueva situaci\u00f3n y adaptarse de nuevo a la sociedad moderna no les va a resultar nada sencillo.<br><\/p>\n\n\n\n<p><a href=\"http:\/\/columbus.uhu.es\/record=b1876579~S1*spi\">Peque\u00f1a miss Sunshine<\/a><\/p>\n\n\n\n<p>\u00danete a los Hoover, una de las familias m\u00e1s peculiares y conmovedoras de la historia de la comedia, en un viaje incre\u00edblemente divertido por las carreteras de los Estados Unidos. Richard, el pater familias, intenta desesperadamente vender su programa de autoayuda para el \u00e9xito&#8230; sin\u00e9xito. Sheryl, la madre, apuesta siempre por decir las cosas como son e intenta mantener en pie a toda la exc\u00e9ntrica familia, incluido su hermano, que acaba de salir de una cl\u00ednica y a\u00fan se resiente de la fuerte depresi\u00f3n sufrida tras ser abandonado por su amante. Por si esto fuera poco, est\u00e1n tambi\u00e9n los Hoover m\u00e1s j\u00f3venes: Olive, la ni\u00f1a de siete a\u00f1os aspirante a reina de belleza, y Dwayne, un adolescente aficionado a Nietzsche que ha hecho un voto de silencio. La guinda del pastel es el abuelo, un anciano malhablado a quien acaban de expulsar de su residencia por su escandaloso comportamiento. Cuando Olive recibe una invitaci\u00f3n para participar en el concurso de belleza infantil &#8220;Peque\u00f1a Miss Sunshine&#8221;, en la lejana California, toda la familia se amontona en una destartalada furgoneta Volkswagen para acompa\u00f1arla&#8230;.<br><\/p>\n\n\n\n<p><a href=\"http:\/\/columbus.uhu.es\/record=b1616994~S1*spi\">Cadena de favores <\/a><\/p>\n\n\n\n<p>Un ni\u00f1o imagina un curioso sistema para mejorar el mundo; hacer favores desinteresadamente. Para sorpresa de todos, la generosa propuesta causa furor entre la gente. Entretenida comedia con toques dram\u00e1ticos y un eficaz reparto. En la novela en la que se basa el film, el personaje interpretado por Spacey es de raza negra, lo que provoc\u00f3 cierta pol\u00e9mica en USA. (FILMAFFINITY)<br><\/p>\n\n\n\n<p><a href=\"http:\/\/columbus.uhu.es\/record=b1372061~S1*spi\">Las cenizas de Angela<\/a><\/p>\n\n\n\n<div class=\"wp-block-image\"><figure class=\"alignright\"><img loading=\"lazy\" width=\"300\" height=\"445\" src=\"http:\/\/www.uhu.es\/biblioteca\/labuhardilla\/wp-content\/uploads\/2019\/02\/angela_s_ashes-537317565-mmed.jpg\" alt=\"\" class=\"wp-image-6642\" srcset=\"https:\/\/www.uhu.es\/biblioteca\/labuhardilla\/wp-content\/uploads\/2019\/02\/angela_s_ashes-537317565-mmed.jpg 300w, https:\/\/www.uhu.es\/biblioteca\/labuhardilla\/wp-content\/uploads\/2019\/02\/angela_s_ashes-537317565-mmed-202x300.jpg 202w\" sizes=\"(max-width: 300px) 100vw, 300px\" \/><\/figure><\/div>\n\n\n\n<p>Basada en el best seller autobiogr\u00e1fico de Frank McCourt. \u00c1ngela y Malachy McCourt abandonan Nueva York en la \u00e9poca de la Gran Depresi\u00f3n (a\u00f1os 30) y regresan a su Irlanda natal. Pero su situaci\u00f3n no mejora por dos razones: por un lado, la crisis que sigue a la independencia, y, por otro, el alcoholismo de Malachy, que dilapida en los bares lo poco que gana. A base de subsidios y caridad \u00c1ngela se las ir\u00e1 arreglando para mantener a sus cuatro hijos. (FILMAFFINITY)<br><\/p>\n\n\n\n<p><a href=\"http:\/\/columbus.uhu.es\/record=b1786152~S1*spi\">La ladrona de libros<\/a><\/p>\n\n\n\n<p>Basada en la aclamada y exitosa novela, y dirigida por Brian Percival (Dowton Abbey) narra la historia de una ni\u00f1a que logra transformar la vida de aquellos que la rodean durante la Segunda Guerra Mundial en Alemania. Cuando su madre decide que no puede hacerse cargo de ella Liesel (Sophie N\u00e9lisse) es adoptada por un matrimonio alem\u00e1n (el Ganador de un Oscar Geoffrey Rush y la nominada a dos Oscar Emily Watson). A pesar de que Liesel no sabe ni leer ni escribir cuando llega a su nuevo hogar, su padre adoptivo la anima a aprender a leer. Cuando el matrimonio acoge a Max (Ben Scnetzer), un jud\u00edo que huye de las tropas de Hitler, este se convierte en el mejor amigo de Liesel. A partir de entonces las palabras y la imaginaci\u00f3n ofrecen a los dos amigos una escapatoria a los dram\u00e1ticos acontecimientos que ocurren a su alrededor.<br><\/p>\n\n\n\n<p><a href=\"http:\/\/columbus.uhu.es\/record=b1548044~S1*spi\">El ni\u00f1o con el pijama de rayas <\/a><\/p>\n\n\n\n<p>&#8220;Bruno es un inocente ni\u00f1o de 8 a\u00f1os que, aburrido e inquieto con su nuevo hogar, desoye las advertencias de su madre y se adentra en busca de aventuras m\u00e1s all\u00e1 del bosque. Muy pronto conoce a otro ni\u00f1o de su misma edad y ambos entablan una sorprendente amistad. Ambientada en la 2a Guerra Mundial, y basada en el best seller de John Boyne&#8221;<br><\/p>\n\n\n\n<p><a href=\"http:\/\/columbus.uhu.es\/record=b1664795~S1*spi\">Matar a un ruise\u00f1or <\/a><\/p>\n\n\n\n<p>Adaptaci\u00f3n de la novela hom\u00f3nima de Harper Lee. En la \u00e9poca de la Gran Depresi\u00f3n, en una poblaci\u00f3n sure\u00f1a, Atticus Finch (Gregory Peck) es un abogado que defiende a un hombre negro acusado de haber violado a una mujer blanca. Aunque la inocencia del hombre resulta evidente, el veredicto del jurado es tan previsible que ning\u00fan abogado aceptar\u00eda el caso, excepto Atticus Finch, el ciudadano m\u00e1s respetable de la ciudad. Su compasiva y valiente defensa de un inocente le granjea enemistades, pero le otorga el respeto y la admiraci\u00f3n de sus dos hijos, hu\u00e9rfanos de madre. (FILMAFFINITY)<br><\/p>\n\n\n\n<p><a href=\"http:\/\/columbus.uhu.es\/record=b1885865~S1*spi\">Trash : (ladrones de esperanza) <\/a><\/p>\n\n\n\n<p>Dos ni\u00f1os de las favelas de R\u00edo de Janeiro encuentran una cartera en el vertedero donde buscan a diario, pero no se imaginan que este descubrimiento podr\u00eda cambiar sus vidas. Cuando la polic\u00eda local aparece para ofrecerles una generosa recompensa por la cartera, los dos chicos, Rafael y Gardo, comprenden que han encontrado algo importante. Deciden recurrir a su amigo Rata y los tres se lanzan a una extraordinaria aventura para intentar quedarse con la cartera y descubrir el secreto que esconde. (FILMAFFINITY)<\/p>\n\n\n\n<p><\/p>\n\n\n\n<p><a href=\"http:\/\/pinzon1.uhu.es\/record=b1439707~S1*spi\">Billy Elliot<\/a><\/p>\n\n\n\n<div class=\"wp-block-image\"><figure class=\"alignleft\"><img loading=\"lazy\" width=\"300\" height=\"444\" src=\"http:\/\/www.uhu.es\/biblioteca\/labuhardilla\/wp-content\/uploads\/2019\/02\/billy_elliot-132582077-mmed.jpg\" alt=\"\" class=\"wp-image-6641\" srcset=\"https:\/\/www.uhu.es\/biblioteca\/labuhardilla\/wp-content\/uploads\/2019\/02\/billy_elliot-132582077-mmed.jpg 300w, https:\/\/www.uhu.es\/biblioteca\/labuhardilla\/wp-content\/uploads\/2019\/02\/billy_elliot-132582077-mmed-203x300.jpg 203w\" sizes=\"(max-width: 300px) 100vw, 300px\" \/><\/figure><\/div>\n\n\n\n<p>En 1984, durante una huelga de mineros en el condado de Durham, se suceden los enfrentamientos entre piquetes y polic\u00eda. Entre los mineros m\u00e1s exaltados est\u00e1n Tony y su padre. \u00c9ste se ha empe\u00f1ado en que Billy, su hijo peque\u00f1o, reciba clases de boxeo. Pero, aunque el chico tiene un buen juego de piernas, carece por completo de pegada. Un d\u00eda, en el gimnasio, Billy observa la clase de ballet de la se\u00f1ora Wilkinson, una mujer de car\u00e1cter severo que lo anima a participar. A partir de ese momento, Billy se dedicar\u00e1 apasionadamente a la danza. (FILMAFFINITY)<br><\/p>\n\n\n\n<p><a href=\"http:\/\/columbus.uhu.es\/record=b1880485~S1*spi\">This is England<\/a><\/p>\n\n\n\n<p>Cinta brit\u00e1nica independiente. Durante las vacaciones de verano de 1983, Shaun, (Thomas Turgoose), un ni\u00f1o solitario cuyo padre ha muerto en la guerra de Las Malvinas, es adoptado por un grupo de cabezas rapadas (skinheads). Con sus nuevos amigos, Shaun descubre las fiestas, su primer amor y las botas Dr. Martins. Uno de sus amigos es Combo (Stephen Graham) un skin racista que acaba de salir de la c\u00e1rcel. (FILMAFFINITY)<br><\/p>\n\n\n\n<p><a href=\"http:\/\/pinzon1.uhu.es\/record=b1548269~S1*spi\">Slumdog millionaire: \u00bfqui\u00e9n quiere ser millonario?\t<\/a><\/p>\n\n\n\n<p>Jamal Malik, un joven hu\u00e9rfano que vive en una barriada pobre de Bombay, decide presentarse a la versi\u00f3n india del concurso: &#8220;\u00bfQui\u00e9n quiere ser millonario?&#8221;. Ante la sorpresa de todos, Jamal responde correctamente a todas y cada una de las preguntas. \u00bfC\u00f3mo es posible que un chico c\u00f3mo \u00e9l sea capaz de conocer todas las respuestas? Cuando Jamal est\u00e1 a punto de responder a la \u00faltima pregunta, la que le har\u00e1 ganar 20 millones de rupias, la polic\u00eda lo detiene y se lo lleva para interrogarlo. Jamal deber\u00e1 explicar por qu\u00e9 conoc\u00eda las respuestas, teniendo que recurrir para ello a relatar diferentes momentos de su vida, que adem\u00e1s ayudar\u00e1n a desvelar la verdadera raz\u00f3n de su participaci\u00f3n en el concurso.<br><\/p>\n\n\n\n<p><a href=\"http:\/\/columbus.uhu.es\/record=b1369027~S1*spi\">El bola <\/a><\/p>\n\n\n\n<p>El Bola es un chaval de 12 a\u00f1os que vive en una atm\u00f3sfera violenta y s\u00f3rdida. Su situaci\u00f3n familiar, que oculta avergonzado, le incapacita para relacionarse y comunicarse con otros chicos. La llegada de un nuevo compa\u00f1ero al colegio le brinda la oportunidad de descubrir la amistad y una realidad familiar completamente distinta. Todo ello le dar\u00e1 la fuerza necesaria para aceptar y, adem\u00e1s, afrontar su propia situaci\u00f3n. (FILMAFFINITY)<br><\/p>\n\n\n\n<p><a href=\"http:\/\/pinzon1.uhu.es\/record=b1220728~S1*spi\">La Lengua de las mariposas <\/a><\/p>\n\n\n\n<p>Situada en 1936, Don Gregorio ense\u00f1ar\u00e1 a Moncho con dedicaci\u00f3n y paciencia toda su sabidur\u00eda en cuanto a los conocimientos, la literatura, la naturaleza, y hasta las mujeres. Pero el trasfondo de la amenaza pol\u00edtica subsistir\u00e1 siempre, especialmente cuando Don Gregorio es atacado por ser considerado un enemigo del r\u00e9gimen fascista. As\u00ed se ir\u00e1 abriendo entre estos dos amigos una brecha, tra\u00edda por la fuerza del contexto que los rodea. (FILMAFFINITY)<br><\/p>\n\n\n\n<p><a href=\"http:\/\/columbus.uhu.es\/record=b1885866~S1*spi\">Cobardes <\/a><\/p>\n\n\n\n<p>Historia de acoso escolar. Guille es, en apariencia, un chico como muchos: buenas notas, buen deportista y con una familia que le respalda. Descubre que actuar de \u201cchulito\u201d en clase le da cierto respeto, por lo que, sin dudarlo, elige a una v\u00edctima y, con cualquier pretexto se pasa el d\u00eda acos\u00e1ndole con sus amigos. Gabriel es la v\u00edctima elegida. El \u00fanico motivo: tener el pelo rojo<br><\/p>\n\n\n\n<p><a href=\"http:\/\/columbus.uhu.es\/record=b1885861~S1*spi\">Verano 1993<\/a><\/p>\n\n\n\n<p>Frida, una ni\u00f1a de seis a\u00f1os, afronta el primer verano de su vida con su nueva familia adoptiva tras la muerte de su madre.<\/p>\n\n\n\n<p><a href=\"http:\/\/columbus.uhu.es\/record=b1663800~S1*spi\">Invisibles<\/a><\/p>\n\n\n\n<div class=\"wp-block-image\"><figure class=\"alignleft\"><img loading=\"lazy\" width=\"300\" height=\"425\" src=\"http:\/\/www.uhu.es\/biblioteca\/labuhardilla\/wp-content\/uploads\/2019\/02\/invisibles-141048948-mmed.jpg\" alt=\"\" class=\"wp-image-6643\" srcset=\"https:\/\/www.uhu.es\/biblioteca\/labuhardilla\/wp-content\/uploads\/2019\/02\/invisibles-141048948-mmed.jpg 300w, https:\/\/www.uhu.es\/biblioteca\/labuhardilla\/wp-content\/uploads\/2019\/02\/invisibles-141048948-mmed-212x300.jpg 212w\" sizes=\"(max-width: 300px) 100vw, 300px\" \/><\/figure><\/div>\n\n\n\n<p>Documental dividido en cinco historias que se propone dar voz a todos los miserables de la Tierra. Es tambi\u00e9n un humilde homenaje a las personas que nunca los abandonaron. Pero, sobre todo, es la voluntad de cinco directores por hacer visibles a sus verdaderos y \u00fanicos protagonistas. <\/p>\n\n\n\n<p><\/p>\n\n\n\n<p><br><\/p>\n\n\n\n<p><a href=\"http:\/\/columbus.uhu.es\/record=b1720629~S1*spi\">Los chicos del coro <\/a><\/p>\n\n\n\n<p>En 1948 Cl\u00e9ment Mathieu, profesor de m\u00fasica desempleado, acepta un puesto como profesor vigilante en un internado de reeducaci\u00f3n de menores. El sistema represivo aplicado por el director conmociona a Mathieu. Ense\u00f1\u00e1ndoles m\u00fasica y canto coral a estos ni\u00f1os tan dif\u00edciles, Mathieu transformar\u00e1 sus vidas cotidianas. (FILMAFFINITY)<\/p>\n\n\n\n<p><\/p>\n\n\n\n<p><a href=\"http:\/\/columbus.uhu.es\/record=b1838522~S1*spi\">O los tres o ninguno <\/a><\/p>\n\n\n\n<p>Esta es la historia de una familia que vive aparentemente tranquila en una peque\u00f1a aldea del sur de Ir\u00e1n. Pero de pronto Hibat, el padre, se inmiscuye en tensos asuntos pol\u00edticos y acaba con los pies en la c\u00e1rcel por defender sus ideales, contrarios al r\u00e9gimen. Tras su paso por prisi\u00f3n decide huir con su mujer, Fereshteh, y su hijo Kheiron a Francia en busca de oportunidades y una buena vida. La historia de dos j\u00f3venes de optimismo irreductible que empiezan un viaje que cambiar\u00e1 la vida de toda la familia para siempre.<br><\/p>\n\n\n\n<p><a href=\"http:\/\/columbus.uhu.es\/record=b1838519~S1*spi\">Las manos en el aire <\/a><\/p>\n\n\n\n<p>22 de marzo de 2067. Milana recuerda lo que le sucedi\u00f3 60 a\u00f1os antes. Paris, 2009. Milana, de origen checheno, es alumna de quinto a\u00f1o de Instituto. Milana tiene su propia pandilla de amigos, Blaise, Alice, Claudio, Al\u00ed y Yousseff. Un d\u00eda, Yousseff, cuyos padres son inmigrantes ilegales, es deportado. Milana puede ser la pr\u00f3xima en la lista. Ante el peligro, los ni\u00f1os deciden que es hora de actuar. Juran que van a permanecer siempre juntos y empiezan a tramar c\u00f3mo salvar a Milana.<br><\/p>\n\n\n\n<p><a href=\"http:\/\/columbus.uhu.es\/record=b1876491~S1*spi\">La vida es bella<\/a><\/p>\n\n\n\n<p>En 1939, a punto de estallar la Segunda Guerra Mundial (1939-1945), el extravagante Guido llega a Arezzo, en la Toscana, con la intenci\u00f3n de abrir una librer\u00eda. All\u00ed conoce a la encantadora Dora y, a pesar de que es la prometida del fascista Rodolfo, se casa con ella y tiene un hijo. Al estallar la guerra, los tres son internados en un campo de exterminio, donde Guido har\u00e1 lo imposible para hacer creer a su hijo que la terrible situaci\u00f3n que est\u00e1n padeciendo es tan s\u00f3lo un juego. (FILMAFFINITY)<br><\/p>\n\n\n\n<p><a href=\"http:\/\/columbus.uhu.es\/record=b1761388~S1*spi\">Cinema paradiso<\/a><\/p>\n\n\n\n<p>Cinema Paradiso es una historia de amor por el cine. Narra la historia de Salvatore, un ni\u00f1o de un pueblecito italiano en el que el \u00fanico pasatiempo es ir al cine. Subyugado por las im\u00e1genes en movimiento, el chico cree ciegamente que el cine es magia; pero, un d\u00eda, Alfredo, el operador, accede a ense\u00f1arle al peque\u00f1o los misterios y secretos que se ocultan detr\u00e1s de una pel\u00edcula. Salvatore va creciendo y llega el momento en el que debe abandonar el pueblo y buscarse la vida. Treinta a\u00f1os despu\u00e9s, recibe un mensaje, en el que le comunican que debe volver a casa. (FILMAFFINITY)<\/p>\n\n\n\n<p><\/p>\n\n\n\n<p><a href=\"http:\/\/columbus.uhu.es\/record=b1819419~S1*spi\">El maestro<\/a><\/p>\n\n\n\n<p>1946, Alberto Manzi acaba de regresar de la guerra y est\u00e1 buscando un trabajo como maestro, pero para \u00e9l, aspirante a docente sin recomendaci\u00f3n alguna, no es tarea f\u00e1cil. Finalmente le ofrecen un puesto como profesor de los ni\u00f1os y j\u00f3venes que nadie acepta: los de un reformatorio de la ciudad. A los peque\u00f1os no les interesa aprender ni le ven la utilidad, pero el maestro logra ganarse su confianza d\u00eda a d\u00eda y ellos acaban por confiarle sus sue\u00f1os y sus verdaderas historias<br><\/p>\n\n\n\n<p><a href=\"http:\/\/columbus.uhu.es\/record=b1627935~S1*spi\">Un toque de canela <\/a><\/p>\n\n\n\n<p>Es una historia sobre un joven griego (Fanis) criado en Estambul, cuyo abuelo, un fil\u00f3sofo culinario y su mentor, le ense\u00f1a que tanto la comida como la vida necesitan una pizca de sal para darles el toque de sabor que ambas requieren. Con el paso del tiempo Fanis se convierte en un excelente cocinero y emplea sus habilidades culinarias para darle sabor a las vidas de aquellos que le rodean. 35 a\u00f1os m\u00e1s tarde abandona Atenas y vuelve a su tierra natal, Estambul, para reunirse con su abuelo y su primer amor; un viaje de retorno s\u00f3lo para darse cuenta de que ha olvidado darle ese toque de sabor a su propia vida&#8230;Como sol\u00edan decir su t\u00edo&#8230;&#8221;hay dos tipos de viajeros en la vida, aquellos que parten y aquellos que retornan, los primeros miran el mapa, los segundos miran al espejo&#8230;&#8221; Ahora es momento de que nuestro h\u00e9roe eche una mirada a su propio espejo.<br><\/p>\n\n\n\n<p><a href=\"http:\/\/columbus.uhu.es\/record=b1699228~S1*spi\">Pers\u00e9polis <\/a><\/p>\n\n\n\n<div class=\"wp-block-image\"><figure class=\"alignright\"><img loading=\"lazy\" width=\"300\" height=\"400\" src=\"http:\/\/www.uhu.es\/biblioteca\/labuhardilla\/wp-content\/uploads\/2019\/02\/persepolis-701715841-mmed.jpg\" alt=\"\" class=\"wp-image-6644\" srcset=\"https:\/\/www.uhu.es\/biblioteca\/labuhardilla\/wp-content\/uploads\/2019\/02\/persepolis-701715841-mmed.jpg 300w, https:\/\/www.uhu.es\/biblioteca\/labuhardilla\/wp-content\/uploads\/2019\/02\/persepolis-701715841-mmed-225x300.jpg 225w\" sizes=\"(max-width: 300px) 100vw, 300px\" \/><\/figure><\/div>\n\n\n\n<p>Narra la conmovedora historia de una ni\u00f1a iran\u00ed desde la revoluci\u00f3n isl\u00e1mica hasta nuestros d\u00edas. Cuando los fundamentalistas toman el poder, forzando a las mujeres a llevar velo y encarcelando a miles de personas, y mientras tiene lugar la guerra entre Irak e Ir\u00e1n, Marjane descubre el punk, ABBA y Iron Maiden. Cuando llega a la adolescencia sus padres la env\u00edan a Europa, donde conoce otra cultura que nada tiene que ver con la de su pa\u00eds. La protagonista se adapta bien a su nueva vida, pero no soporta la soledad y vuelve con su familia, aunque eso signifique ponerse el velo y someterse a una sociedad tir\u00e1nica. Voces originales en franc\u00e9s de Catherine Deneuve y Chiara Mastroianni. (FILMAFFINITY)<br><\/p>\n\n\n\n<p><a href=\"http:\/\/columbus.uhu.es\/record=b1838494~S1*spi\">Buda explot\u00f3 por verg\u00fcenza <\/a><\/p>\n\n\n\n<p>Bajo la estatua del Buda que destruyeron los talibanes, a\u00fan viven miles de familias. Baktay, una ni\u00f1a afgana de seis a\u00f1os, es incitada a ir a la escuela por el hijo de sus vecinos que lee los alfabetos frente a su cueva. De camino a la escuela, es acosada por unos ni\u00f1os que juegan de forma cruel reflejando la sociedad tan violenta que los envuelve. Los ni\u00f1os pretenden lapidar a Baktay, o destruirla como el Buda, o disparar contra ella como hicieron los americanos en el laberinto de cuevas. \u00bfSer\u00e1 capaz Baktay de superar estos obst\u00e1culos para poder aprender los alfabetos en su lengua materna? (FILMAFFINITY)<br><\/p>\n\n\n\n<p><a href=\"http:\/\/columbus.uhu.es\/record=b1853962~S1*spi\">La bicicleta verde <\/a><\/p>\n\n\n\n<p>La pel\u00edcula se basa en la vida de una sobrina de la directora. Wadjda tiene diez a\u00f1os y vive en una sociedad tan tradicional que ciertas cosas como ir en bicicleta le est\u00e1n totalmente prohibidas. A pesar de todo, es una ni\u00f1a divertida y emprendedora que bordea siempre el l\u00edmite entre lo autorizado y lo prohibido. Wadjda desea tener una bicicleta para poder competir con su amigo Abdullah en una carrera, pero su madre no se lo permite porque las bicicletas son un peligro para la dignidad de una chica.<br><\/p>\n\n\n\n<p><a href=\"http:\/\/columbus.uhu.es\/record=b1885863~S1*spi\">Ghadi <\/a><\/p>\n\n\n\n<p>Leba es un profesor de m\u00fasica que vive en un peque\u00f1o barrio de una ciudad costera del L\u00edbano. Trabaja como profesor de m\u00fasica y se casa con su novia de la infancia, Lara. Para sorpresa de sus familiares, vecinos y amigos, tras tener a dos ni\u00f1os en muy poco tiempo, Lara vuelve a estar embarazada de un tercero, al que llaman Ghadi, sin embargo, los m\u00e9dicos le advierten que el ni\u00f1o va a tener necesidades especiales. \u00bfPodr\u00e1n Leba y Lara tener el beb\u00e9? \u00bfSer\u00e1 Ghadi un orgullo o una carga para la familia? Tras dar a luz, fen\u00f3menos extra\u00f1os esperan y afectan a los ciudadanos de ese peque\u00f1o barrio y a sus creencias.<br><\/p>\n\n\n\n<p><a href=\"http:\/\/columbus.uhu.es\/record=b1576054~S1*spi\">Cometas en el cielo <\/a><\/p>\n\n\n\n<div class=\"wp-block-image\"><figure class=\"alignleft\"><img loading=\"lazy\" width=\"300\" height=\"444\" src=\"http:\/\/www.uhu.es\/biblioteca\/labuhardilla\/wp-content\/uploads\/2019\/02\/the_kite_runner-435022491-mmed.jpg\" alt=\"\" class=\"wp-image-6645\" srcset=\"https:\/\/www.uhu.es\/biblioteca\/labuhardilla\/wp-content\/uploads\/2019\/02\/the_kite_runner-435022491-mmed.jpg 300w, https:\/\/www.uhu.es\/biblioteca\/labuhardilla\/wp-content\/uploads\/2019\/02\/the_kite_runner-435022491-mmed-203x300.jpg 203w\" sizes=\"(max-width: 300px) 100vw, 300px\" \/><\/figure><\/div>\n\n\n\n<p>Adaptaci\u00f3n del best-seller de Khaled Hosseini. Amir regresa a Afganist\u00e1n, su pa\u00eds natal, que se halla todav\u00eda bajo el dominio talib\u00e1n, con la intenci\u00f3n de rescatar al hijo de su mejor amigo de las garras del r\u00e9gimen. Se propone tambi\u00e9n solventar todos los problemas que dej\u00f3 atr\u00e1s cuando abandon\u00f3 el pa\u00eds. (FILMAFFINITY)<\/p>\n\n\n\n<p><\/p>\n\n\n\n<p><br><\/p>\n\n\n\n<p><a href=\"http:\/\/columbus.uhu.es\/record=b1372063~S1*spi\">Ni uno menos<\/a><\/p>\n\n\n\n<p>Una ni\u00f1a de 13 a\u00f1os, Wei Minzhi, que vive en un pueblo de las monta\u00f1as, se ve obligada, por orden del alcalde, a sustituir durante un mes a su maestro. \u00c9ste le deja cada d\u00eda un trozo de tiza y promete darle 10 yuan si consigue que ning\u00fan estudiante abandone la escuela. Sin embargo, el revoltoso Zhang Huike abandona la clase para ir a la ciudad en busca de trabajo, y la abnegada Minzhi tendr\u00e1 que ingeni\u00e1rselas para que regrese a la escuela. (FILMAFFINITY)<br><\/p>\n\n\n\n<p><a href=\"http:\/\/columbus.uhu.es\/record=b1811304~S1*spi\">La Tumba de las luci\u00e9rnagas <\/a><\/p>\n\n\n\n<p>Segunda Guerra Mundial (1939-1945). Seita y Setsuko son hijos de un oficial de la marina japonesa que viven en Kobe. Un d\u00eda, durante un bombardeo, no consiguen llegar a tiempo al b\u00fanker donde su madre los espera. Cuando despu\u00e9s buscan a su madre, la encuentran malherida en la escuela, que ha sido convertida en un hospital de urgencia. (FILMAFFINITY)<br><br><\/p>\n\n\n<h1><span style=\"color: #008000;\"><em><strong>LIBROS<\/strong><\/em><\/span><\/h1>\n\n\n<p><a href=\"http:\/\/columbus.uhu.es\/record=b1855033~S1*spi\">Ziba vino en un barco. <\/a><a href=\"http:\/\/columbus.uhu.es\/record=b1855033~S1*spi\">Liz Lofthouse y Robert Ingpen<\/a> <\/p>\n\n\n\n<p>Cuenta la historia de Ziba, que deja su hogar para encontrar por fin la libertad junto a su madre, poniendo en peligro sus vidas en un barco. Durante toda la historia recuerda su aldea y a su gente, y se acerca al lector para explicar el drama de quienes tienen que dejarlo todo.<br><br><\/p>\n\n\n\n<p><a href=\"http:\/\/columbus.uhu.es\/record=b1855034~S1*spi\">Akim corre. Claude K. Dubois. L\u00f3guez<\/a><\/p>\n\n\n\n<p>El relato empieza con un hecho duro e impactante. Al protagonista la huida le coge por sorpresa, pero entiende que es una consecuencia de la guerra. Se trata de un libro de ilustraciones con una carga emocional muy potente.<br><br><br><a href=\"http:\/\/columbus.uhu.es\/record=b1855037~S1*spi\">Amaneceres en Jenin.Susan Abulhawa<\/a> &nbsp;<\/p>\n\n\n\n<p>Esta es la historia de Amal, pero tambi\u00e9n la historia de su familia y de su pueblo a lo largo de sesenta largos a\u00f1os de conflicto palestino-israel\u00ed, de las cicatrices y el terror que provoca la guerra, de la poderosa fuerza de la maternidad, de la inagotable fe, la grandeza del perd\u00f3n y la fiera fortaleza que concede el amor.<br>Una novela de absoluta actualidad que nos obliga a mirar de frente uno de los conflictos armados m\u00e1s complejos de nuestros d\u00edas.<\/p>\n\n\n<p><!--EndFragment--><\/p>\n<p><\/p>\n<p><!--EndFragment--><\/p>\n<p><\/p>\n\n\n<p><br><\/p>\n","protected":false},"excerpt":{"rendered":"<p>La Biblioteca Universitaria ha puesto en marcha el proyecto \u201cL\u00e1pices Solidarios\u201d, una propuesta por la que la sanci\u00f3n impuesta por retraso en la devoluci\u00f3n de materiales puede condonarse mediante la entrega de material escolar que ir\u00e1 destinado a la Asociaci\u00f3n Aguaviva cuya finalidad es la inserci\u00f3n sociolaboral de colectivos socialmente desfavorecidos. Al hilo de este&nbsp;<span class=\"excerpt_more\"><a href=\"https:\/\/www.uhu.es\/biblioteca\/labuhardilla\/?p=6636\">[Seguir leyendo&#8230;]<\/a><\/span><\/p>\n","protected":false},"author":2,"featured_media":6640,"comment_status":"open","ping_status":"open","sticky":false,"template":"","format":"standard","meta":{"_s2mail":"yes"},"categories":[6,5],"tags":[60,100,253],"_links":{"self":[{"href":"https:\/\/www.uhu.es\/biblioteca\/labuhardilla\/index.php?rest_route=\/wp\/v2\/posts\/6636"}],"collection":[{"href":"https:\/\/www.uhu.es\/biblioteca\/labuhardilla\/index.php?rest_route=\/wp\/v2\/posts"}],"about":[{"href":"https:\/\/www.uhu.es\/biblioteca\/labuhardilla\/index.php?rest_route=\/wp\/v2\/types\/post"}],"author":[{"embeddable":true,"href":"https:\/\/www.uhu.es\/biblioteca\/labuhardilla\/index.php?rest_route=\/wp\/v2\/users\/2"}],"replies":[{"embeddable":true,"href":"https:\/\/www.uhu.es\/biblioteca\/labuhardilla\/index.php?rest_route=%2Fwp%2Fv2%2Fcomments&post=6636"}],"version-history":[{"count":10,"href":"https:\/\/www.uhu.es\/biblioteca\/labuhardilla\/index.php?rest_route=\/wp\/v2\/posts\/6636\/revisions"}],"predecessor-version":[{"id":6702,"href":"https:\/\/www.uhu.es\/biblioteca\/labuhardilla\/index.php?rest_route=\/wp\/v2\/posts\/6636\/revisions\/6702"}],"wp:featuredmedia":[{"embeddable":true,"href":"https:\/\/www.uhu.es\/biblioteca\/labuhardilla\/index.php?rest_route=\/wp\/v2\/media\/6640"}],"wp:attachment":[{"href":"https:\/\/www.uhu.es\/biblioteca\/labuhardilla\/index.php?rest_route=%2Fwp%2Fv2%2Fmedia&parent=6636"}],"wp:term":[{"taxonomy":"category","embeddable":true,"href":"https:\/\/www.uhu.es\/biblioteca\/labuhardilla\/index.php?rest_route=%2Fwp%2Fv2%2Fcategories&post=6636"},{"taxonomy":"post_tag","embeddable":true,"href":"https:\/\/www.uhu.es\/biblioteca\/labuhardilla\/index.php?rest_route=%2Fwp%2Fv2%2Ftags&post=6636"}],"curies":[{"name":"wp","href":"https:\/\/api.w.org\/{rel}","templated":true}]}}