{"id":6685,"date":"2019-02-26T12:55:39","date_gmt":"2019-02-26T12:55:39","guid":{"rendered":"http:\/\/www.uhu.es\/biblioteca\/labuhardilla\/?p=6685"},"modified":"2021-07-08T10:07:03","modified_gmt":"2021-07-08T10:07:03","slug":"edgar-morin-y-su-universo-complejo","status":"publish","type":"post","link":"https:\/\/www.uhu.es\/biblioteca\/labuhardilla\/?p=6685","title":{"rendered":"Edgar Morin y su universo complejo"},"content":{"rendered":"\n<div class=\"wp-block-image\"><figure class=\"alignleft is-resized\"><img loading=\"lazy\" src=\"http:\/\/www.uhu.es\/biblioteca\/labuhardilla\/wp-content\/uploads\/2019\/02\/tarjeton-dialogos-26-febrero-1024x616.jpg\" alt=\"\" class=\"wp-image-6691\" width=\"400\" height=\"241\" srcset=\"https:\/\/www.uhu.es\/biblioteca\/labuhardilla\/wp-content\/uploads\/2019\/02\/tarjeton-dialogos-26-febrero-1024x616.jpg 1024w, https:\/\/www.uhu.es\/biblioteca\/labuhardilla\/wp-content\/uploads\/2019\/02\/tarjeton-dialogos-26-febrero-300x180.jpg 300w, https:\/\/www.uhu.es\/biblioteca\/labuhardilla\/wp-content\/uploads\/2019\/02\/tarjeton-dialogos-26-febrero-768x462.jpg 768w\" sizes=\"(max-width: 400px) 100vw, 400px\" \/><\/figure><\/div>\n\n\n\n<p>Hoy, 26 de<strong> <\/strong>febrero, a las 18:00, tendr\u00e1 lugar una charla del fil\u00f3sofo y soci\u00f3logo franc\u00e9s <strong>Edgar Morin en la Facultad de Derecho<\/strong>.<\/p>\n\n\n\n<p>La Biblioteca Universitaria ha colaborado con este evento preparando una exposici\u00f3n que podr\u00e1 visitarse en la Facultad y despu\u00e9s se trasladar\u00e1 durante un tiempo a la Biblioteca Central. Desde el \u00c1rea de Gesti\u00f3n de Recursos de informaci\u00f3n se ha llevado a cabo la recopilaci\u00f3n y adquisici\u00f3n de gran parte de la bibliograf\u00eda disponible de este autor para que se integre en la colecci\u00f3n y sea accesible para nuestros usuarios.<\/p>\n\n\n\n<div class=\"wp-block-image\"><figure class=\"alignright is-resized\"><img loading=\"lazy\" src=\"http:\/\/www.uhu.es\/biblioteca\/labuhardilla\/wp-content\/uploads\/2019\/02\/enlafrente.jpg\" alt=\"\" class=\"wp-image-6693\" width=\"321\" height=\"222\" srcset=\"https:\/\/www.uhu.es\/biblioteca\/labuhardilla\/wp-content\/uploads\/2019\/02\/enlafrente.jpg 472w, https:\/\/www.uhu.es\/biblioteca\/labuhardilla\/wp-content\/uploads\/2019\/02\/enlafrente-300x207.jpg 300w\" sizes=\"(max-width: 321px) 100vw, 321px\" \/><\/figure><\/div>\n\n\n\n<p class=\"has-background\" style=\"background-color:#d0eaf5\">De nombre Edgar Nahum, estudi\u00f3 Geograf\u00eda e Historia y Derecho en La Universidad de La Sorbona. Perteneciente al Partido Comunista, colabor\u00f3 con el gobierno republicano durante la Guerra Civil Espa\u00f1ola, y a continuaci\u00f3n con la resistencia francesa durante la Segunda Guerra Mundial. Terminada \u00e9sta, form\u00f3 parte del Estado Mayor del Ej\u00e9rcito Franc\u00e9s en Alemania, siendo jefe de la Oficina de Propaganda. A su vuelta a Francia, fue profesor en la Universidad de La Sorbona en Nanterres, fund\u00f3 la revista Argumentos y fue director del Centro para el Estudio de la Comunicaci\u00f3n de Masa. Pas\u00f3 dos a\u00f1os en Sudam\u00e9rica siendo profesor de la Facultad de Am\u00e9rica Latina de las Ciencias Sociales. M\u00e1s tarde ser\u00eda director del <em>Centre Nacional des Recherches Scientifiques<\/em>. Doctor Honoris Causa por numerosas universidades, ha recibido numerosos honores, como el de Comandante de la Legi\u00f3n de Honor.<\/p>\n\n\n\n<p>Os presentamos aqu\u00ed la <strong>charla que mantuvimos con la profesora Alida Carloni sobre Edgar Morin y su visita a nuestra Universidad.<\/strong><\/p>\n\n\n\n<p><strong>Alida Carloni Franca<\/strong> es doctora en Antropolog\u00eda Social en el Departamento de Historia, Geograf\u00eda y Antropolog\u00eda de la Facultad de Humanidades de la Universidad de Huelva. <\/p>\n\n\n\n<div class=\"wp-block-image\"><figure class=\"aligncenter is-resized\"><img loading=\"lazy\" src=\"http:\/\/www.uhu.es\/biblioteca\/labuhardilla\/wp-content\/uploads\/2019\/02\/Alida-1024x779.jpg\" alt=\"\" class=\"wp-image-6695\" width=\"434\" height=\"330\" srcset=\"https:\/\/www.uhu.es\/biblioteca\/labuhardilla\/wp-content\/uploads\/2019\/02\/Alida-1024x779.jpg 1024w, https:\/\/www.uhu.es\/biblioteca\/labuhardilla\/wp-content\/uploads\/2019\/02\/Alida-300x228.jpg 300w, https:\/\/www.uhu.es\/biblioteca\/labuhardilla\/wp-content\/uploads\/2019\/02\/Alida-768x584.jpg 768w\" sizes=\"(max-width: 434px) 100vw, 434px\" \/><\/figure><\/div>\n\n\n\n<p><em>Alida, eres una de las antrop\u00f3logas que mejor conocimiento tienes sobre Edgar Morin y su obra, por lo que te vamos a pedir que respondas a algunas preguntas:<\/em><\/p>\n\n\n\n<p class=\"has-background\" style=\"background-color:#f2d0d8\"><strong>\u00bfDesde cu\u00e1ndo eres\nseguidora del pensamiento complejo de Edgar Morin?<\/strong><\/p>\n\n\n\n<p>Desde algunos a\u00f1os antes de la redacci\u00f3n de mi tesis doctoral sobre el reexamen de la antropolog\u00eda a la luz de los nuevos paradigmas, defendida en 1995. Llevaba ya 10 a\u00f1os de docencia y buscaba un nuevo modelo de antropolog\u00eda que encontr\u00e9 en los nuevos paradigmas, tanto de ciencias exactas como de ciencias sociales. Ah\u00ed descubr\u00ed que Edgar Morin, con el enfoque del pensamiento complejo, se pod\u00eda considerar como el pensador bisagra entre la antropolog\u00eda acad\u00e9mica cl\u00e1sica y una nueva antropolog\u00eda postmoderna. La condici\u00f3n humana vista desde la complejidad permit\u00eda no cometer \u201cerrores categoriales\u201d al que el pensamiento sencillo induc\u00eda.<\/p>\n\n\n\n<figure class=\"wp-block-table\"><table><tbody><tr><td><strong><br>Alida Carloni. <a href=\"http:\/\/columbus.uhu.es\/record=b1708555~S1*spi\">La antropolog\u00eda, reexaminada a la luz de los nuevos paradigmas <\/a><\/strong><\/td><\/tr><\/tbody><\/table><\/figure>\n\n\n\n<p class=\"has-background\" style=\"background-color:#f2d0d8\"><strong>Y\u2026 \u00bfEsto qu\u00e9 quiere\ndecir?<\/strong><\/p>\n\n\n\n<p>Considerando el ser humano como un sistema complejo, tomando la met\u00e1fora de la matrioska y los sistemas de sociedades fragmentados en subsistemas interrelacionados entre s\u00ed, analizamos mejor las diferentes acciones e interrelaciones de una cultura. Desde la MULTIDIVERSIDAD, como dir\u00eda <a href=\"http:\/\/www.edgarmorinmultiversidad.org\/\">Edgar Morin<\/a>.<\/p>\n\n\n\n<p class=\"has-background\" style=\"background-color:#f2d0d8\"><strong>Y hemos o\u00eddo que viene\na Huelva\u2026<\/strong><\/p>\n\n\n\n<p>Es muy sencillo, el profesor Walter Gadea y yo compartimos una asignatura en Humanidades que se llama <a href=\"https:\/\/bit.ly\/2N9S0uv\">\u201cCulturas y pensamientos contempor\u00e1neos\u201d<\/a>, en la que coincidimos impartiendo el tema Edgar Morin, desde la filosof\u00eda y desde la antropolog\u00eda. De esta manera, planteamos proponer a Edgar Morin como Doctor Honoris Causa por Humanidades.<\/p>\n\n\n\n<p class=\"has-background\" style=\"background-color:#f2d0d8\"><strong>\u00bfCon qu\u00e9 fin?<\/strong><\/p>\n\n\n\n<p>Con\nla idea a dar conocer el pensamiento complejo y la diversidad cultural en el\ncampus y en la sociedad onubense.<\/p>\n\n\n\n<p class=\"has-background\" style=\"background-color:#f2d0d8\"><strong>\u00bfY c\u00f3mo podemos saber\nm\u00e1s de este pensador franc\u00e9s con \u00e1mbito planetario?<\/strong><\/p>\n\n\n\n<p>Muy sencillo: entrando en su <a href=\"http:\/\/www.edgarmorinmultiversidad.org\/\">p\u00e1gina web oficial<\/a> podremos acceder en l\u00ednea a todos sus libros sin coste y en la <a href=\"https:\/\/bit.ly\/2X5hrlC\">Biblioteca Central Universitaria <\/a>encontraremos toda su obra en castellano.<\/p>\n\n\n\n<p>Para saber m\u00e1s:<\/p>\n\n\n\n<p>Alida Carloni en Uniradio, en su programa <a href=\"http:\/\/rabida.uhu.es\/dspace\/handle\/10272\/6262\">Tristes Tr\u00f3picos (homenaje a Claude L\u00e9vi-Strauss) <\/a>o la Antropolog\u00eda sin dolor, produjo con sus alumnos un especial Edgar Morin. <\/p>\n","protected":false},"excerpt":{"rendered":"<p>Hoy, 26 de febrero, a las 18:00, tendr\u00e1 lugar una charla del fil\u00f3sofo y soci\u00f3logo franc\u00e9s Edgar Morin en la Facultad de Derecho. La Biblioteca Universitaria ha colaborado con este evento preparando una exposici\u00f3n que podr\u00e1 visitarse en la Facultad y despu\u00e9s se trasladar\u00e1 durante un tiempo a la Biblioteca Central. Desde el \u00c1rea de&nbsp;<span class=\"excerpt_more\"><a href=\"https:\/\/www.uhu.es\/biblioteca\/labuhardilla\/?p=6685\">[Seguir leyendo&#8230;]<\/a><\/span><\/p>\n","protected":false},"author":2,"featured_media":6693,"comment_status":"open","ping_status":"open","sticky":true,"template":"","format":"standard","meta":{"_s2mail":"yes"},"categories":[6,5],"tags":[121,256,255,100],"_links":{"self":[{"href":"https:\/\/www.uhu.es\/biblioteca\/labuhardilla\/index.php?rest_route=\/wp\/v2\/posts\/6685"}],"collection":[{"href":"https:\/\/www.uhu.es\/biblioteca\/labuhardilla\/index.php?rest_route=\/wp\/v2\/posts"}],"about":[{"href":"https:\/\/www.uhu.es\/biblioteca\/labuhardilla\/index.php?rest_route=\/wp\/v2\/types\/post"}],"author":[{"embeddable":true,"href":"https:\/\/www.uhu.es\/biblioteca\/labuhardilla\/index.php?rest_route=\/wp\/v2\/users\/2"}],"replies":[{"embeddable":true,"href":"https:\/\/www.uhu.es\/biblioteca\/labuhardilla\/index.php?rest_route=%2Fwp%2Fv2%2Fcomments&post=6685"}],"version-history":[{"count":17,"href":"https:\/\/www.uhu.es\/biblioteca\/labuhardilla\/index.php?rest_route=\/wp\/v2\/posts\/6685\/revisions"}],"predecessor-version":[{"id":7790,"href":"https:\/\/www.uhu.es\/biblioteca\/labuhardilla\/index.php?rest_route=\/wp\/v2\/posts\/6685\/revisions\/7790"}],"wp:featuredmedia":[{"embeddable":true,"href":"https:\/\/www.uhu.es\/biblioteca\/labuhardilla\/index.php?rest_route=\/wp\/v2\/media\/6693"}],"wp:attachment":[{"href":"https:\/\/www.uhu.es\/biblioteca\/labuhardilla\/index.php?rest_route=%2Fwp%2Fv2%2Fmedia&parent=6685"}],"wp:term":[{"taxonomy":"category","embeddable":true,"href":"https:\/\/www.uhu.es\/biblioteca\/labuhardilla\/index.php?rest_route=%2Fwp%2Fv2%2Fcategories&post=6685"},{"taxonomy":"post_tag","embeddable":true,"href":"https:\/\/www.uhu.es\/biblioteca\/labuhardilla\/index.php?rest_route=%2Fwp%2Fv2%2Ftags&post=6685"}],"curies":[{"name":"wp","href":"https:\/\/api.w.org\/{rel}","templated":true}]}}