{"id":6731,"date":"2019-04-03T09:11:13","date_gmt":"2019-04-03T09:11:13","guid":{"rendered":"http:\/\/www.uhu.es\/biblioteca\/labuhardilla\/?p=6731"},"modified":"2019-04-03T09:11:59","modified_gmt":"2019-04-03T09:11:59","slug":"diferentes","status":"publish","type":"post","link":"https:\/\/www.uhu.es\/biblioteca\/labuhardilla\/?p=6731","title":{"rendered":"Diferentes"},"content":{"rendered":"\n<div class=\"wp-block-image\"><figure class=\"alignleft is-resized\"><img loading=\"lazy\" src=\"http:\/\/www.uhu.es\/biblioteca\/labuhardilla\/wp-content\/uploads\/2019\/04\/branding-1024x531.jpg\" alt=\"\" class=\"wp-image-6773\" width=\"313\" height=\"161\" srcset=\"https:\/\/www.uhu.es\/biblioteca\/labuhardilla\/wp-content\/uploads\/2019\/04\/branding-1024x531.jpg 1024w, https:\/\/www.uhu.es\/biblioteca\/labuhardilla\/wp-content\/uploads\/2019\/04\/branding-768x398.jpg 768w, https:\/\/www.uhu.es\/biblioteca\/labuhardilla\/wp-content\/uploads\/2019\/04\/branding.jpg 1200w\" sizes=\"(max-width: 313px) 100vw, 313px\" \/><\/figure><\/div>\n\n\n\n<p style=\"background-color:#bce4e7\" class=\"has-background\">Exponemos en la Biblioteca Central una nueva selecci\u00f3n tem\u00e1tica centrada en la Diversidad, entendida en un sentido amplio; sexual, \u00a0funcional,  multicultural, social&#8230; Podr\u00edamos decir que la diversidad es una de las caracter\u00edsticas principales que define a la sociedad actual, que se va conformando con nuevas realidades que empiezan a ser tenidas en cuenta despu\u00e9s de a\u00f1os de lucha y reivindicaci\u00f3n.<br><\/p>\n\n\n\n<p style=\"background-color:#bce5eb\" class=\"has-background\">El reconocimiento de la diversidad implica poner a la persona en el centro y deber\u00eda ser un pilar b\u00e1sico en la educaci\u00f3n. Educar en la diversidad es el primer paso para crear sociedades m\u00e1s justas e igualitarias. La Universidad de Huelva asume esa responsabilidad, &nbsp;y fruto de la misma es la<a href=\"https:\/\/uhuigualdadydivers.wixsite.com\/igualdadydiversidad\"> Direcci\u00f3n de Igualdad y Atenci\u00f3n a la Diversidad<\/a> de la UHU. Por nuestra parte, la Biblioteca Universitaria contempla<a href=\"https:\/\/guiasbuh.uhu.es\/discapacidad\/servicios\"> servicios adaptados a personas con diversidad funcional<\/a> desde hace ya tiempo.<br><\/p>\n\n\n\n<p style=\"background-color:#bcc958\" class=\"has-background\">En esta ocasi\u00f3n, os proponemos una serie de pel\u00edculas que nos acercan a mundos diferentes, nuestro deseo es mostrar nuestro compromiso con la diversidad como manera de mirar y entender el mundo.<\/p>\n\n\n\n<p style=\"background-color:#3a9292\" class=\"has-text-color has-background has-large-font-size has-very-light-gray-color\">Cine <\/p>\n\n\n\n<p><strong><a href=\"http:\/\/columbus.uhu.es\/record=b1708022~S1*spi\">Amor .-<\/a><\/strong>  Georges y Anne, los ochenta cumplidos, son dos profesores de m\u00fasica cl\u00e1sica jubilados con una gran cultura. Su hija tambi\u00e9n se dedica a la m\u00fasica y vive fuera de Francia con su familia. Un d\u00eda, Anne sufre un ataque. Al volver del hospital, un lado de su cuerpo est\u00e1 paralizado. Es entonces cuando el amor que ha unido a la pareja durante tantos a\u00f1os se ver\u00e1 puesto a prueba. <\/p>\n\n\n\n<p style=\"background-color:#bccbd2\" class=\"has-background\"><strong><a href=\"http:\/\/columbus.uhu.es\/record=b1837889~S1*spi\">Antes de ti.-<\/a><\/strong> Louisa \u201cLou\u201d Clark (Emilia Clarke), una chica inestable y creativa, reside en un peque\u00f1o pueblo de la campi\u00f1a inglesa. Vive sin rumbo y va de un trabajo a otro para ayudar a su familia a llegar a fin de mes. Sin embargo, un nuevo trabajo pondr\u00e1 a prueba su habitual alegr\u00eda. En el castillo local, se ocupa de cuidar y acompa\u00f1ar a Will Traynor (Sam Claflin), un joven y rico banquero que se qued\u00f3 paral\u00edtico tras un accidente. (FILMAFFINITY) <\/p>\n\n\n\n<figure class=\"wp-block-image\"><img loading=\"lazy\" width=\"1024\" height=\"538\" src=\"http:\/\/www.uhu.es\/biblioteca\/labuhardilla\/wp-content\/uploads\/2019\/04\/yo-antes-de-ti-1024x538.jpeg\" alt=\"\" class=\"wp-image-6734\" srcset=\"https:\/\/www.uhu.es\/biblioteca\/labuhardilla\/wp-content\/uploads\/2019\/04\/yo-antes-de-ti-1024x538.jpeg 1024w, https:\/\/www.uhu.es\/biblioteca\/labuhardilla\/wp-content\/uploads\/2019\/04\/yo-antes-de-ti-300x158.jpeg 300w, https:\/\/www.uhu.es\/biblioteca\/labuhardilla\/wp-content\/uploads\/2019\/04\/yo-antes-de-ti-768x403.jpeg 768w, https:\/\/www.uhu.es\/biblioteca\/labuhardilla\/wp-content\/uploads\/2019\/04\/yo-antes-de-ti-283x150.jpeg 283w, https:\/\/www.uhu.es\/biblioteca\/labuhardilla\/wp-content\/uploads\/2019\/04\/yo-antes-de-ti.jpeg 1200w\" sizes=\"(max-width: 1024px) 100vw, 1024px\" \/><figcaption> <br>&nbsp;Will, \u00bfpuedo preguntarte algo?<br>&#8211; Sospecho que vas a hacerlo.<br>&#8211; \u00bfQu\u00e9 sucedi\u00f3?<br>&#8211; \u00bfMi madre no te cont\u00f3? Es su historia favorita. <\/figcaption><\/figure>\n\n\n\n<p><a href=\"http:\/\/columbus.uhu.es\/record=b1767672~S1*spi\"><strong>Arrugas<\/strong><\/a> .- Arrugas narra la amistad entre Emilio y Miguel, dos ancianos recluidos en un geri\u00e1trico. Emilio, que acaba de llegar a la residencia en un estado inicial de Alzheimer, ser\u00e1 ayudado por Miguel y otros compa\u00f1eros para no acabar en la planta superior de la residencia, el temido piso de los asistidos, que es como llaman all\u00ed a los desahuciados. Su alocado plan ti\u00f1e de comedia y ternura el tedioso d\u00eda a d\u00eda de la residencia porque, aunque para muchos sus vidas hab\u00edan terminado, ellos acababan de empezar una nueva. <\/p>\n\n\n\n<iframe loading=\"lazy\" width=\"600\" height=\"340\" src=\"https:\/\/www.youtube.com\/embed\/7fAi0P7hHr8\" frameborder=\"0\" allow=\"accelerometer; autoplay; encrypted-media; gyroscope; picture-in-picture\" allowfullscreen=\"\"><\/iframe>\n\n\n\n<p style=\"background-color:#bccbd2\" class=\"has-background\"><strong><a href=\"http:\/\/columbus.uhu.es\/record=b1888021~S1*spi\">Campeones.-<\/a><\/strong> Marco, un entrenador profesional de baloncesto, se encuentra un d\u00eda, en medio de una crisis personal, entrenando a un equipo compuesto por personas con discapacidad intelectual. Lo que comienza como un problema se acaba convirtiendo en una lecci\u00f3n de vida <\/p>\n\n\n\n<p><a href=\"http:\/\/columbus.uhu.es\/record=b1889801~S1*spi\">The Disaster Artist<\/a>.-  Narra la historia real de la producci\u00f3n de la pel\u00edcula &#8216;The Room&#8217;, que ha sido considerada como \u201cuna de las peores pel\u00edculas de la historia&#8221;. Dirigida en 2003 por Tommy Wiseau, &#8216;The Room&#8217; se ha estado proyectando en salas -completamente llenas- por toda Norteam\u00e9rica desde hace m\u00e1s de una d\u00e9cada. &#8216;The Disaster Artist&#8217; es una comedia sobre dos inadaptados en busca de un sue\u00f1o. Cuando el mundo los rechaza, deciden hacer su propia pel\u00edcula, un film maravillosamente espantoso gracias a sus momentos involuntariamente c\u00f3micos, sus tramas dispersas y sus terribles interpretaciones. <\/p>\n\n\n\n<iframe loading=\"lazy\" width=\"600\" height=\"360\" src=\"https:\/\/www.youtube.com\/embed\/pTeZaaVJIlM\" frameborder=\"0\" allow=\"accelerometer; autoplay; encrypted-media; gyroscope; picture-in-picture\" allowfullscreen=\"\"><\/iframe>\n\n\n\n<p style=\"background-color:#bccbd2\" class=\"has-background\"><a href=\"http:\/\/columbus.uhu.es\/record=b1548268~S1*spi\">El curioso caso de Benjamin Button.-<\/a>  Historia de un hombre que nace como un viejo y cumple a\u00f1os hacia atr\u00e1s en el tiempo, con extra\u00f1as consecuencias. &#8220;Nac\u00ed en circunstancias inusuales&#8221;, as\u00ed comienza &#8220;El Curioso Caso de Benjamin Button&#8221;, una adaptaci\u00f3n de la historia de los a\u00f1os 20 del siglo pasado escrita por F. Scott Fitzgerald, y que trata de un hombre (Brad Pitt) que nace con ochenta a\u00f1os y va rejuveneciendo con el tiempo: un hombre que, como cualquiera de nosotros, no puede parar el tiempo. Desde la Nueva Orleans de finales de la I Guerra Mundial hasta el siglo XXI, en un viaje tan inusual como la vida de cualquier hombre, esta pel\u00edcula cuenta la gran historia de un hombre extraordinario, de la gente que va conociendo por el camino, de los amores que encuentra y que pierde, de su relaci\u00f3n especial con Daisy (Cate Blanchett), de las alegr\u00edas de la vida y la tristeza de la muerte, de historias que perduran m\u00e1s all\u00e1 del tiempo. <\/p>\n\n\n\n<p><strong><a href=\"http:\/\/columbus.uhu.es\/record=b1370960~S1*spi\">El enigma de Gaspar Hauser.-<\/a><\/strong> La pel\u00edcula se basa en el caso real de Gaspar Hauser que apareci\u00f3 en la plaza de Nuremberg en 1828 despu\u00e9s de haber crecido totalmente aislado de contacto humano desde su nacimiento. <\/p>\n\n\n\n<p style=\"background-color:#bccbd2\" class=\"has-background\"><strong><a href=\"http:\/\/columbus.uhu.es\/record=b1889799~S1*spi\">En cuerpo y alma.-<\/a><\/strong>  Mar\u00eda comienza a trabajar como supervisora en un matadero de Budapest, pero pronto comienzan a surgir cotilleos y rumores sobre ella. Durante el almuerzo opta siempre por sentarse sola, y es consciente de sus deberes y obligaciones, con un estricto apego a las normas. Su mundo se compone de cifras y datos impresos en su memoria desde la primera infancia. Endre, su jefe, es un tipo tranquilo. Ambos empezar\u00e1n a conocerse lentamente. <\/p>\n\n\n\n<iframe loading=\"lazy\" width=\"640\" height=\"360\" src=\"https:\/\/www.youtube.com\/embed\/oYsFOF67pwc\" frameborder=\"0\" allow=\"accelerometer; autoplay; encrypted-media; gyroscope; picture-in-picture\" allowfullscreen=\"\"><\/iframe>\n\n\n\n<p style=\"background-color:#bccbd2\" class=\"has-background\"><strong><a href=\"http:\/\/columbus.uhu.es\/record=b1372057~S1*spi\">En la puta vida.-<\/a><\/strong>  Elisa es uruguaya, tiene 27 a\u00f1os y su sue\u00f1o es montar una peluquer\u00eda en Montevideo. Sin recursos y con dos ni\u00f1os a los que cuidar, comienza a trabajar como acompa\u00f1ante, y pronto se convierte en prostituta. Cuando conoce y se enamora del proxeneta Pl\u00e1cido, todos sus sue\u00f1os le parecen alcanzables. Elisa, junto con su novio y su amiga Lul\u00fa, viajan a Europa y se instalan en Barcelona como inmigrantes ilegales, esperando ganar &#8220;miles de d\u00f3lares&#8221; <\/p>\n\n\n\n<p><strong><a href=\"http:\/\/columbus.uhu.es\/record=b1889795~S1*spi\">La forma del agua.-<\/a><\/strong> En un inquietante laboratorio de alta seguridad, durante la Guerra Fr\u00eda, se produce una conexi\u00f3n ins\u00f3lita entre dos mundos aparentemente alejados. La vida de la solitaria Elisa (Sally Hawkins), que trabaja como limpiadora en el laboratorio, cambia por completo cuando descubre un experimento clasificado como secreto: un hombre anfibio (Doug Jones) que se encuentra ah\u00ed recluido. (FILMAFFINITY) <\/p>\n\n\n\n<div class=\"wp-block-image\"><figure class=\"aligncenter is-resized\"><img loading=\"lazy\" src=\"http:\/\/www.uhu.es\/biblioteca\/labuhardilla\/wp-content\/uploads\/2019\/04\/ghadi-1024x553.jpg\" alt=\"\" class=\"wp-image-6739\" width=\"388\" height=\"209\" srcset=\"https:\/\/www.uhu.es\/biblioteca\/labuhardilla\/wp-content\/uploads\/2019\/04\/ghadi-1024x553.jpg 1024w, https:\/\/www.uhu.es\/biblioteca\/labuhardilla\/wp-content\/uploads\/2019\/04\/ghadi-300x162.jpg 300w, https:\/\/www.uhu.es\/biblioteca\/labuhardilla\/wp-content\/uploads\/2019\/04\/ghadi-768x415.jpg 768w, https:\/\/www.uhu.es\/biblioteca\/labuhardilla\/wp-content\/uploads\/2019\/04\/ghadi.jpg 1916w\" sizes=\"(max-width: 388px) 100vw, 388px\" \/><figcaption> <br><a rel=\"noreferrer noopener\" target=\"_blank\" href=\"https:\/\/variety.com\/2014\/film\/festivals\/busan-film-review-ghadi-1201320448\/\">Imagen variety.com<\/a> <\/figcaption><\/figure><\/div>\n\n\n\n<p style=\"background-color:#bccbd2\" class=\"has-background\"><strong><a href=\"http:\/\/columbus.uhu.es\/record=b1885863~S1*spi\">Ghadi.-<\/a><\/strong> Leba es un profesor de m\u00fasica que vive en un peque\u00f1o barrio de una ciudad costera del L\u00edbano. Trabaja como profesor de m\u00fasica y se casa con su novia de la infancia, Lara. Para sorpresa de sus familiares, vecinos y amigos, tras tener a dos ni\u00f1os en muy poco tiempo, Lara vuelve a estar embarazada de un tercero, al que llaman Ghadi, sin embargo, los m\u00e9dicos le advierten que el ni\u00f1o va a tener necesidades especiales. \u00bfPodr\u00e1n Leba y Lara tener el beb\u00e9? \u00bfSer\u00e1 Ghadi un orgullo o una carga para la familia? Tras dar a luz, fen\u00f3menos extra\u00f1os esperan y afectan a los ciudadanos de ese peque\u00f1o barrio y a sus creencias <\/p>\n\n\n\n<p><a href=\"http:\/\/columbus.uhu.es\/record=b1888048~S1*spi\"><strong>Handia.-<\/strong><\/a>  Al descubrir que su hermano Joaqu\u00edn se ha convertido en el hombre m\u00e1s alto del mundo, Mart\u00edn decide emprender junto a \u00e9l un largo viaje por Europa en el que la ambici\u00f3n, el dinero y la fama cambiar\u00e1n para siempre el destino de su familia <\/p>\n\n\n\n<iframe loading=\"lazy\" width=\"600\" height=\"360\" src=\"https:\/\/www.youtube.com\/embed\/sXQ9FobIP9g\" frameborder=\"0\" allow=\"accelerometer; autoplay; encrypted-media; gyroscope; picture-in-picture\" allowfullscreen=\"\"><\/iframe>\n\n\n\n<p style=\"background-color:#bccbd2\" class=\"has-background\"><a href=\"http:\/\/columbus.uhu.es\/record=b1790529~S1*spi\">Her: una historia de amor.-<\/a> En un futuro cercano, Theodore, un escritor solitario con un divorcio traum\u00e1tico a cuestas, adquiere un nuevo sistema operativo para su tel\u00e9fono y ordenador. Su nombre es &#8220;Samantha&#8221; y est\u00e1 basado en un avanzado modelo de inteligencia artificial dise\u00f1ado para satisfacer todas las necesidades del usuario. &#8220;Samantha&#8221; (o mejor dicho, su voz) es sexy, divertida, compasiva, sabe escuchar, da buenos consejos&#8230; y, para sorpresa de Theodore, ambos no tardan en enamorarse el uno del otro. Pero \u00bfqu\u00e9 ocurre cuando una persona se enamora de otra que en realidad nunca ha existido? <\/p>\n\n\n\n<p><a href=\"http:\/\/columbus.uhu.es\/record=b1548266~S1*spi\">Hijos de un dios menor<\/a> .-  <br>Hijos de un Dios Menor, una de las pel\u00edculas m\u00e1s elogiadas por la cr\u00edtica de los a\u00f1os 80, obtuvo nominaciones a los Oscars y recibi\u00f3 el Oscar a la Mejor actriz para Marlee Matlin. Basada en la famosa obra de Broadway, es una vivificante historia de amor entre John Leeds (William Hurt), un profesor de educaci\u00f3n especial idealista, y Sarah (Marlee Matlin), una chica sorda muy obstinada. Al principio, Leeds ve a Sasrah como un reto profesional, pero pronto su relaci\u00f3n de profesor\/alumna se transforma en un amor tan apasionado que rompe la barrera de silencio que les separa.  <\/p>\n\n\n\n<p style=\"background-color:#bccbd2\" class=\"has-background\"><strong><a href=\"http:\/\/columbus.uhu.es\/record=b1664798~S1*spi\">El jovencito Frankenstein.-<\/a><\/strong> El homenaje monstruosamente loco y divertido de Mel Brooks al cl\u00e1sico de Mary Shelley satiriza con gran maestr\u00eda y originalidad a cada una de las pel\u00edculas que se hayan producido sobre Frankenstein. Todo comienza cuando el joven Doctor Frankenstein (Gene Wilder) tiene que acudir al castillo que su abuelo posee en Transilvania para hacerse cargo de la extraordinaria mansi\u00f3n. No tardar\u00e1 en descubrir un extra\u00f1o manual cient\u00edfico en el que se explica paso a paso c\u00f3mo devolverle la vida a un cad\u00e1ver. Ayudado por el jorobado Igor (Marty Feldman) y la curvil\u00ednea Inga (Teri Garr) crea un monstruo (Peter Boyle) cuyo \u00fanico prop\u00f3sito consiste en ser amado. Cloris Leachman, Madeleine Kahn, Kenneth Mars y Gene Hackman coprotagonizan esta genial visi\u00f3n sobre la locura que har\u00e1 que te mueras&#8230; de risa. <\/p>\n\n\n\n<div class=\"wp-block-image\"><figure class=\"aligncenter\"><img loading=\"lazy\" width=\"480\" height=\"240\" src=\"http:\/\/www.uhu.es\/biblioteca\/labuhardilla\/wp-content\/uploads\/2019\/04\/Fotos.jpg\" alt=\"\" class=\"wp-image-6745\" srcset=\"https:\/\/www.uhu.es\/biblioteca\/labuhardilla\/wp-content\/uploads\/2019\/04\/Fotos.jpg 480w, https:\/\/www.uhu.es\/biblioteca\/labuhardilla\/wp-content\/uploads\/2019\/04\/Fotos-300x150.jpg 300w\" sizes=\"(max-width: 480px) 100vw, 480px\" \/><figcaption>Imagen fotogramas.es<\/figcaption><\/figure><\/div>\n\n\n\n<p><strong><a href=\"http:\/\/columbus.uhu.es\/record=b1803409~S1*spi\">Magical girl.-<\/a><\/strong> Luis (Luis Bermejo), profesor de literatura en paro, trata de hacer realidad el \u00faltimo deseo de su hija Alicia (Luc\u00eda Poll\u00e1n), una ni\u00f1a de 12 a\u00f1os enferma de c\u00e1ncer terminal: tener el vestido oficial de la serie japonesa de dibujos animados &#8220;M\u00e1gical Girl Yukiko&#8221;. El elevado precio del vestido llevar\u00e1 a Luis a intentar encontrar el dinero de forma desesperada cuando conoce a B\u00e1rbara (B\u00e1rbara Lennie), una atractiva joven casada que sufre trastornos mentales, a su vez relacionada con Dami\u00e1n (Jos\u00e9 Sacrist\u00e1n), un profesor retirado con un tormentoso pasado. Los tres quedar\u00e1n atrapados en una oscura red de chantajes, en la que instinto y raz\u00f3n entran en conflicto. <\/p>\n\n\n\n<p style=\"background-color:#bccbd2\" class=\"has-background\"><a href=\"http:\/\/columbus.uhu.es\/record=b1664792~S1*spi\">Mi nombre es Khan.-<\/a> Rizwan Khan (Tanay Chheda) es un ni\u00f1o musulm\u00e1n que se cri\u00f3 con su madre (Zarina Wahab) en Borivali, Bombay, y que sufre de s\u00edndrome de Asperger. Siendo adulto (Shahrukh Khan), Rizwan se enamora de Mandira (Kajul), una madre soltera hind\u00fa que vive en San Francisco. Despu\u00e9s de los atentados del 11-S, Rizwan es detenido como sospechoso de terrorismo por conducta sospechosa, que tiene a raz\u00f3n de su discapacidad. Despu\u00e9s del arresto, se reunir\u00e1 con Radha (Sheetal Menon), un terapeuta que le ayuda a superar los traumas vividos. Rizwan entonces comienza un viaje para encontrar y reunirse con el presidente Barack Obama (Christopher B. Duncan), a fin de poder limpiar su nombre. (FILMAFFINITY) <\/p>\n\n\n\n<figure class=\"wp-block-image\"><img loading=\"lazy\" width=\"700\" height=\"400\" src=\"http:\/\/www.uhu.es\/biblioteca\/labuhardilla\/wp-content\/uploads\/2019\/04\/My-Name-is-Khan.jpg\" alt=\"\" class=\"wp-image-6746\" srcset=\"https:\/\/www.uhu.es\/biblioteca\/labuhardilla\/wp-content\/uploads\/2019\/04\/My-Name-is-Khan.jpg 700w, https:\/\/www.uhu.es\/biblioteca\/labuhardilla\/wp-content\/uploads\/2019\/04\/My-Name-is-Khan-300x171.jpg 300w\" sizes=\"(max-width: 700px) 100vw, 700px\" \/><figcaption> <br>MI NOMBRE ES KHAN\u2026Y NO SOY UN TERRORISTA <br>Imagen 35milimetros.es<\/figcaption><\/figure>\n\n\n\n<p><strong><a href=\"http:\/\/columbus.uhu.es\/record=b1551265~S1*spi\">Princesas.-<\/a><\/strong> Esta es la historia de dos mujeres, de dos putas, de dos princesas. Una de ellas se llama Caye, tiene casi treinta a\u00f1os, el flequillo de peluquer\u00eda y un atractivo discutible, de barrio. Zulema es una princesa desterrada, dulce y oscura, que vive a diario el exilio forzoso de la desesperaci\u00f3n. Cuando se conocen est\u00e1n en lugares diferentes, casi enfrentados: son muchas las chicas aqu\u00ed que ven con recelo la llegada de inmigrantes a la prostituci\u00f3n. Caye y Zulema no tradar\u00e1n en comprender que, aunque a cierta distancia, las dos caminan por la misma cuerda floja. De su complicidad nace esta historia. <\/p>\n\n\n\n<figure><iframe loading=\"lazy\" width=\"600\" height=\"300\" src=\"https:\/\/www.youtube.com\/embed\/anwue3cIMQ0\" allowfullscreen=\"\"><\/iframe><\/figure>\n\n\n\n<p style=\"background-color:#bccbd2\" class=\"has-background\"><a href=\"http:\/\/columbus.uhu.es\/record=b1357389~S1*spi\"><strong>Shine. El resplandor de un genio.- <\/strong><\/a>Basada en la vida de David Helfgott, un ni\u00f1o prodigio, Shine examina su tortuosa vida, desde su infancia dominada por su estricto padre, hasta llegar a sus crisis nerviosas cuando es adulto. Cuando es aceptado en una prestigiosa escuela de m\u00fasica en Londres, la Royal College of Music, David se siente capaz de huir de su padre y arriesgarlo todo por su \u00fanica pasi\u00f3n, la m\u00fasica. Pero el rechazo de su padre y las presiones de su trabajo, acaban sumi\u00e9ndole en una enfermedad mental. S\u00f3lo el amor de una mujer que le comprende de verdad, puede salvarle y devolverle a la sociedad para que \u00e9sta disfrute con su m\u00fasica. (FILMAFFINITY)<\/p>\n\n\n\n<p><a href=\"http:\/\/columbus.uhu.es\/record=b1567862~S1*spi\"><strong>El truco del manco<\/strong><\/a><strong> .-  <\/strong>  El Langui da vida a Quique Heredia, conocido como El Cuajo. Es un payo de aspecto gitano con medio cuerpo afectado por una par\u00e1lisis cerebral que le impide andar con facilidad. El Cuajo convence a su amigo Adolfo, para crear un estudio musical de Hip Hop. <\/p>\n\n\n\n<figure class=\"wp-block-image\"><img loading=\"lazy\" width=\"670\" height=\"490\" src=\"http:\/\/www.uhu.es\/biblioteca\/labuhardilla\/wp-content\/uploads\/2019\/04\/top_gr_582.jpg\" alt=\"\" class=\"wp-image-6750\" srcset=\"https:\/\/www.uhu.es\/biblioteca\/labuhardilla\/wp-content\/uploads\/2019\/04\/top_gr_582.jpg 670w, https:\/\/www.uhu.es\/biblioteca\/labuhardilla\/wp-content\/uploads\/2019\/04\/top_gr_582-300x219.jpg 300w\" sizes=\"(max-width: 670px) 100vw, 670px\" \/><\/figure>\n\n\n\n<p style=\"background-color:#bccbd2\" class=\"has-background\"><strong><a href=\"http:\/\/columbus.uhu.es\/record=b1548267~S1*spi\">Va a ser que nadie es perfecto.-<\/a><\/strong>   <br>Una noche, tres amigos deciden buscar lo que falta en sus vidas. Rub\u00e9n (Santi Mill\u00e1n) es sordo y le gustan las mujeres y los amigos. Carlos (Fernando Tejero) es ciego y le gusta el cine, su perro lazarillo y sus amigos. Dani (Jos\u00e9 Luis Garc\u00eda P\u00e9rez) es cojo, y lo que m\u00e1s le gusta es meterse con la pe\u00f1a, su coche Blanquito y sus amigos. Carlos est\u00e1 a punto de casarse con su novia de toda la vida. Sus amigos quieren celebrar una despedida de soltero por todo lo alto y se lanzan a la aventura. Despu\u00e9s de encontrarse con Patricia (Teresa Hurtado), una chica que no distingue los sabores, con Yolanda (Merc\u00e9 Mart\u00ednez), un alma perdida incapaz de romper la foto de su novio, y con David (Xavier Corominas), un graffitero adicto a las broncas, sus caminos se separan. Esa noche, los tres tomar\u00e1n decisiones que supondr\u00e1n un cambio dr\u00e1stico en sus vidas. (FILMAFFINITY) <\/p>\n\n\n\n<iframe loading=\"lazy\" width=\"600\" height=\"400\" src=\"https:\/\/www.youtube.com\/embed\/LOFVAunaOg4\" frameborder=\"0\" allow=\"accelerometer; autoplay; encrypted-media; gyroscope; picture-in-picture\" allowfullscreen=\"\"><\/iframe>\n\n\n\n<p><a href=\"http:\/\/columbus.uhu.es\/record=b1567863~S1*spi\"><strong>Yo, tambi\u00e9n.-<\/strong><\/a> <br>Daniel (Pablo Pineda), un joven sevillano de 34 a\u00f1os, es el primer europeo con s\u00edndrome de Down que ha obtenido un t\u00edtulo universitario. Comienza su vida laboral en la administraci\u00f3n p\u00fablica donde conoce a Laura (Lola Due\u00f1as), una compa\u00f1era de trabajo sin discapacidad aparente. Y se enamora de ella. (FILMAFFINITY) <\/p>\n\n\n\n<iframe loading=\"lazy\" width=\"600\" height=\"400\" src=\"https:\/\/www.youtube.com\/embed\/TWgbS3Ej_EU\" frameborder=\"0\" allow=\"accelerometer; autoplay; encrypted-media; gyroscope; picture-in-picture\" allowfullscreen=\"\"><\/iframe>\n","protected":false},"excerpt":{"rendered":"<p>Exponemos en la Biblioteca Central una nueva selecci\u00f3n tem\u00e1tica centrada en la Diversidad, entendida en un sentido amplio; sexual, \u00a0funcional, multicultural, social&#8230; Podr\u00edamos decir que la diversidad es una de las caracter\u00edsticas principales que define a la sociedad actual, que se va conformando con nuevas realidades que empiezan a ser tenidas en cuenta despu\u00e9s de&nbsp;<span class=\"excerpt_more\"><a href=\"https:\/\/www.uhu.es\/biblioteca\/labuhardilla\/?p=6731\">[Seguir leyendo&#8230;]<\/a><\/span><\/p>\n","protected":false},"author":4,"featured_media":6773,"comment_status":"open","ping_status":"open","sticky":true,"template":"","format":"standard","meta":{"_s2mail":""},"categories":[3,6],"tags":[60,257,100],"_links":{"self":[{"href":"https:\/\/www.uhu.es\/biblioteca\/labuhardilla\/index.php?rest_route=\/wp\/v2\/posts\/6731"}],"collection":[{"href":"https:\/\/www.uhu.es\/biblioteca\/labuhardilla\/index.php?rest_route=\/wp\/v2\/posts"}],"about":[{"href":"https:\/\/www.uhu.es\/biblioteca\/labuhardilla\/index.php?rest_route=\/wp\/v2\/types\/post"}],"author":[{"embeddable":true,"href":"https:\/\/www.uhu.es\/biblioteca\/labuhardilla\/index.php?rest_route=\/wp\/v2\/users\/4"}],"replies":[{"embeddable":true,"href":"https:\/\/www.uhu.es\/biblioteca\/labuhardilla\/index.php?rest_route=%2Fwp%2Fv2%2Fcomments&post=6731"}],"version-history":[{"count":36,"href":"https:\/\/www.uhu.es\/biblioteca\/labuhardilla\/index.php?rest_route=\/wp\/v2\/posts\/6731\/revisions"}],"predecessor-version":[{"id":6776,"href":"https:\/\/www.uhu.es\/biblioteca\/labuhardilla\/index.php?rest_route=\/wp\/v2\/posts\/6731\/revisions\/6776"}],"wp:featuredmedia":[{"embeddable":true,"href":"https:\/\/www.uhu.es\/biblioteca\/labuhardilla\/index.php?rest_route=\/wp\/v2\/media\/6773"}],"wp:attachment":[{"href":"https:\/\/www.uhu.es\/biblioteca\/labuhardilla\/index.php?rest_route=%2Fwp%2Fv2%2Fmedia&parent=6731"}],"wp:term":[{"taxonomy":"category","embeddable":true,"href":"https:\/\/www.uhu.es\/biblioteca\/labuhardilla\/index.php?rest_route=%2Fwp%2Fv2%2Fcategories&post=6731"},{"taxonomy":"post_tag","embeddable":true,"href":"https:\/\/www.uhu.es\/biblioteca\/labuhardilla\/index.php?rest_route=%2Fwp%2Fv2%2Ftags&post=6731"}],"curies":[{"name":"wp","href":"https:\/\/api.w.org\/{rel}","templated":true}]}}