{"id":6803,"date":"2019-05-03T10:44:01","date_gmt":"2019-05-03T10:44:01","guid":{"rendered":"http:\/\/www.uhu.es\/biblioteca\/labuhardilla\/?p=6803"},"modified":"2019-05-03T10:44:01","modified_gmt":"2019-05-03T10:44:01","slug":"estamos-en-instagram","status":"publish","type":"post","link":"https:\/\/www.uhu.es\/biblioteca\/labuhardilla\/?p=6803","title":{"rendered":"Estamos en Instagram"},"content":{"rendered":"\n<p><\/p>\n\n\n\n<div class=\"wp-block-image\"><figure class=\"alignleft is-resized\"><img loading=\"lazy\" src=\"http:\/\/www.uhu.es\/biblioteca\/labuhardilla\/wp-content\/uploads\/2019\/05\/instagram.jpg\" alt=\"\" class=\"wp-image-6810\" width=\"315\" height=\"304\" srcset=\"https:\/\/www.uhu.es\/biblioteca\/labuhardilla\/wp-content\/uploads\/2019\/05\/instagram.jpg 397w, https:\/\/www.uhu.es\/biblioteca\/labuhardilla\/wp-content\/uploads\/2019\/05\/instagram-300x289.jpg 300w\" sizes=\"(max-width: 315px) 100vw, 315px\" \/><\/figure><\/div>\n\n\n\n<p style=\"background-color:#eea1a1;text-align:center\" class=\"has-background has-medium-font-size\"> <br>\u00a1\u00a1Estrenamos perfil en <a rel=\"noreferrer noopener\" href=\"https:\/\/www.instagram.com\/bibliotecauhu\/?hl=es\" target=\"_blank\">Instagram!!<\/a> <\/p>\n\n\n\n<p style=\"background-color:#93bdd0;font-size:18px\" class=\"has-background\">Compartiremos aqu\u00ed im\u00e1genes y v\u00eddeos sobre los eventos que celebramos en Biblioteca, sobre nuestros servicios, nuestras colecciones y sobre el mundo del libro y las bibliotecas en general, as\u00ed como, im\u00e1genes de la vida diaria de nuestra biblioteca. <\/p>\n\n\n\n<p style=\"background-color:#aee79d;text-align:center\" class=\"has-background has-medium-font-size\">Os invitamos a que nos sig\u00e1is y coment\u00e9is nuestras fotos y v\u00eddeos. <\/p>\n\n\n\n<p style=\"color:#947571;font-size:25px;text-align:center\" class=\"has-text-color has-background has-very-light-gray-background-color\">\u00a1Queremos estar cerca de vosotros!<\/p>\n\n\n\n<p><\/p>\n","protected":false},"excerpt":{"rendered":"<p>\u00a1\u00a1Estrenamos perfil en Instagram!! Compartiremos aqu\u00ed im\u00e1genes y v\u00eddeos sobre los eventos que celebramos en Biblioteca, sobre nuestros servicios, nuestras colecciones y sobre el mundo del libro y las bibliotecas en general, as\u00ed como, im\u00e1genes de la vida diaria de nuestra biblioteca. Os invitamos a que nos sig\u00e1is y coment\u00e9is nuestras fotos y v\u00eddeos. \u00a1Queremos&nbsp;<span class=\"excerpt_more\"><a href=\"https:\/\/www.uhu.es\/biblioteca\/labuhardilla\/?p=6803\">[Seguir leyendo&#8230;]<\/a><\/span><\/p>\n","protected":false},"author":2,"featured_media":6805,"comment_status":"open","ping_status":"open","sticky":true,"template":"","format":"standard","meta":{"_s2mail":""},"categories":[3,6],"tags":[260,14],"_links":{"self":[{"href":"https:\/\/www.uhu.es\/biblioteca\/labuhardilla\/index.php?rest_route=\/wp\/v2\/posts\/6803"}],"collection":[{"href":"https:\/\/www.uhu.es\/biblioteca\/labuhardilla\/index.php?rest_route=\/wp\/v2\/posts"}],"about":[{"href":"https:\/\/www.uhu.es\/biblioteca\/labuhardilla\/index.php?rest_route=\/wp\/v2\/types\/post"}],"author":[{"embeddable":true,"href":"https:\/\/www.uhu.es\/biblioteca\/labuhardilla\/index.php?rest_route=\/wp\/v2\/users\/2"}],"replies":[{"embeddable":true,"href":"https:\/\/www.uhu.es\/biblioteca\/labuhardilla\/index.php?rest_route=%2Fwp%2Fv2%2Fcomments&post=6803"}],"version-history":[{"count":15,"href":"https:\/\/www.uhu.es\/biblioteca\/labuhardilla\/index.php?rest_route=\/wp\/v2\/posts\/6803\/revisions"}],"predecessor-version":[{"id":6820,"href":"https:\/\/www.uhu.es\/biblioteca\/labuhardilla\/index.php?rest_route=\/wp\/v2\/posts\/6803\/revisions\/6820"}],"wp:featuredmedia":[{"embeddable":true,"href":"https:\/\/www.uhu.es\/biblioteca\/labuhardilla\/index.php?rest_route=\/wp\/v2\/media\/6805"}],"wp:attachment":[{"href":"https:\/\/www.uhu.es\/biblioteca\/labuhardilla\/index.php?rest_route=%2Fwp%2Fv2%2Fmedia&parent=6803"}],"wp:term":[{"taxonomy":"category","embeddable":true,"href":"https:\/\/www.uhu.es\/biblioteca\/labuhardilla\/index.php?rest_route=%2Fwp%2Fv2%2Fcategories&post=6803"},{"taxonomy":"post_tag","embeddable":true,"href":"https:\/\/www.uhu.es\/biblioteca\/labuhardilla\/index.php?rest_route=%2Fwp%2Fv2%2Ftags&post=6803"}],"curies":[{"name":"wp","href":"https:\/\/api.w.org\/{rel}","templated":true}]}}