{"id":6861,"date":"2019-06-26T11:55:18","date_gmt":"2019-06-26T11:55:18","guid":{"rendered":"http:\/\/www.uhu.es\/biblioteca\/labuhardilla\/?p=6861"},"modified":"2019-06-26T11:55:18","modified_gmt":"2019-06-26T11:55:18","slug":"sebastian-garcia-vazquez","status":"publish","type":"post","link":"https:\/\/www.uhu.es\/biblioteca\/labuhardilla\/?p=6861","title":{"rendered":"Sebasti\u00e1n Garc\u00eda V\u00e1zquez"},"content":{"rendered":"\n<div class=\"wp-block-image\"><figure class=\"alignleft is-resized\"><img loading=\"lazy\" src=\"http:\/\/www.uhu.es\/biblioteca\/labuhardilla\/wp-content\/uploads\/2019\/06\/SEbasti\u00e1n-Garc\u00eda.jpg\" alt=\"Imagen sebastiangarciavazquez.es\" class=\"wp-image-6863\" width=\"215\" height=\"297\" srcset=\"https:\/\/www.uhu.es\/biblioteca\/labuhardilla\/wp-content\/uploads\/2019\/06\/SEbasti\u00e1n-Garc\u00eda.jpg 447w, https:\/\/www.uhu.es\/biblioteca\/labuhardilla\/wp-content\/uploads\/2019\/06\/SEbasti\u00e1n-Garc\u00eda-217x300.jpg 217w\" sizes=\"(max-width: 215px) 100vw, 215px\" \/><figcaption>sebastiangarciavazquez.es<\/figcaption><\/figure><\/div>\n\n\n\n<p class=\"has-background has-light-green-cyan-background-color\">  Homenaje de Puebla de Guzm\u00e1n a Sebasti\u00e1n Garc\u00eda con motivo del 30 aniversario de su fallecimiento.   <em>Texto de  Esperanza G\u00f3mez Harriero<\/em><\/p>\n\n\n\n<p><strong>Sebasti\u00e1n Garc\u00eda<\/strong><\/p>\n\n\n\n<p>&#8220;Es viernes, 10 de mayo de 2019. Son las seis de la tarde. Personas de todas las edades, naturales de Puebla de Guzm\u00e1n, se re\u00fanen alrededor de la puerta de entrada a la casa natal de Sebasti\u00e1n Garc\u00eda; algunas han viajado expresamente desde sus actuales lugares de residencia para acudir al evento. El sol resulta agradable y una leve brisa c\u00e1lida envuelve los murmullos de la espera. Sobre la acera, un pie de micro y una guitarra advierten que el arte estar\u00e1 invitado al acto.<\/p>\n\n\n\n<div class=\"wp-block-image\"><figure class=\"alignright is-resized\"><img loading=\"lazy\" src=\"http:\/\/www.uhu.es\/biblioteca\/labuhardilla\/wp-content\/uploads\/2019\/06\/4e83071b10c292659e876808617a24d9.jpg\" alt=\"Imagen sebastiangarciavazquez.es\" class=\"wp-image-6865\" width=\"207\" height=\"228\" srcset=\"https:\/\/www.uhu.es\/biblioteca\/labuhardilla\/wp-content\/uploads\/2019\/06\/4e83071b10c292659e876808617a24d9.jpg 722w, https:\/\/www.uhu.es\/biblioteca\/labuhardilla\/wp-content\/uploads\/2019\/06\/4e83071b10c292659e876808617a24d9-271x300.jpg 271w\" sizes=\"(max-width: 207px) 100vw, 207px\" \/><figcaption>sebastiangarciavazquez.es<\/figcaption><\/figure><\/div>\n\n\n\n<p>Pasados unos minutos, se hace el\nsilencio y comienzan las presentaciones. Despu\u00e9s del protocolo, y algo\ntembloroso, el hijo del pintor, Agust\u00edn Garc\u00eda, empu\u00f1a el micr\u00f3fono para\nagradecer a los presentes que estemos all\u00ed acompa\u00f1\u00e1ndolo. A \u00e9l y a la memoria\nde su padre. Entonces nos cuenta algo que me hace replantearme el homenaje que\nestamos viviendo. <em>\u201cMi padre pensaba que no lo iban a recordar en su pueblo,\nsiempre tuvo ese miedo\u201d<\/em>. Algo me pellizca el est\u00f3mago y me hace preguntarme\nc\u00f3mo es posible que creyera algo as\u00ed. Sin embargo, enseguida me rebato&#8230;\n\u00bfacaso no forma parte del ser humano el temor a pasar por la vida sin haber\ndejado huella?<\/p>\n\n\n\n<div class=\"wp-block-image\"><figure class=\"alignleft is-resized\"><img loading=\"lazy\" src=\"http:\/\/www.uhu.es\/biblioteca\/labuhardilla\/wp-content\/uploads\/2019\/06\/phoca_thumb_m_145.jpg\" alt=\"\" class=\"wp-image-6866\" width=\"180\" height=\"153\"\/><figcaption>sebastiangarciavazquez.es<\/figcaption><\/figure><\/div>\n\n\n\n<p>Pues 30 a\u00f1os despu\u00e9s de su muerte, Don\nSebasti\u00e1n, aqu\u00ed estamos, descubriendo una placa en su honor que quedar\u00e1 perenne\nen la fachada de la casa donde usted naci\u00f3, casa que hoy ocupa otra familia que\nha cedido encantada ese lugar especial para su recuerdo. Los aplausos no se\nhacen de rogar y la emoci\u00f3n se siente en el aire\u2026 especialmente en los\nagradecimientos de su hijo.<\/p>\n\n\n\n<div class=\"wp-block-image\"><figure class=\"aligncenter\"><img loading=\"lazy\" width=\"344\" height=\"146\" src=\"http:\/\/www.uhu.es\/biblioteca\/labuhardilla\/wp-content\/uploads\/2019\/06\/descarga.jpg\" alt=\"\" class=\"wp-image-6867\" srcset=\"https:\/\/www.uhu.es\/biblioteca\/labuhardilla\/wp-content\/uploads\/2019\/06\/descarga.jpg 344w, https:\/\/www.uhu.es\/biblioteca\/labuhardilla\/wp-content\/uploads\/2019\/06\/descarga-300x127.jpg 300w\" sizes=\"(max-width: 344px) 100vw, 344px\" \/><figcaption> sebastiangarciavazquez.es<\/figcaption><\/figure><\/div>\n\n\n\n<p>Para coronar el momento, Alonso P\u00e9rez\nnos regala su habanera en una voz femenina arropada entre las cuerdas de su\nguitarra andaluza. <em>Habanera de la Casa Grande<\/em>, para que la inmortalidad\nde la m\u00fasica ensalce el orgullo que sienten sus paisanos y paisanas por todo lo\nque dej\u00f3:<\/p>\n\n\n\n<blockquote class=\"wp-block-quote\"><p><em>Embrujo andaluz<\/em><\/p><p><em>de Murillo y Vel\u00e1zquez.<\/em><\/p><p><em>Brillando la luz<\/em><\/p><p><em>de Sebasti\u00e1n Garc\u00eda V\u00e1zquez.<\/em><\/p><p><em>Lienzo de mi pueblo con sus margaritas.<\/em><\/p><p><em>Pincel abrile\u00f1o pinta una mocita.<\/em><\/p><p><em>Del Pino de la Calle Larga<\/em><\/p><p><em>pintor y poeta, retratando el alma.<\/em><\/p><p><em>Pintando a una gabacha supo toda Espa\u00f1a<\/em><\/p><p><em>de tu gran val\u00eda.<\/em><\/p><p><em>Era el costumbrismo,<\/em><\/p><p><em>lleno de tipismo de la tierra m\u00eda.<\/em><\/p><p><em>Tus premios fueron el reclamo<\/em><\/p><p><em>de grandes artistas que nos visitaron.<\/em><\/p><p><em>La danza y la fotograf\u00eda<\/em><\/p><p><em>que dieron renombre a La Romer\u00eda.<\/em><\/p><p><em>Eres de la Puebla la gloria<\/em><\/p><p><em>portal de su historia<\/em><\/p><p><em>Sebasti\u00e1n Garc\u00eda.<\/em><\/p><p><em>De la Casa Grande perdura en el aire<\/em><\/p><p><em>ritmos coloniales de alegre habanera.<\/em><\/p><p><em>La Calle el Cabezo guard\u00f3 tu regreso<\/em><\/p><p><em>con la primavera.<\/em><\/p><p><em>Para alzar tu nombre, tu genio y figura<\/em><\/p><p><em>por altas esferas<\/em><\/p><p><em>tu ganada fama, tu pinacoteca.<\/em><\/p><p><em>Que a la Puebla le honra para presumir.<\/em><\/p><p><em>Porque eres de todos la preciada joya<\/em><\/p><p><em>que el mundo atesora para el porvenir.<\/em><\/p><\/blockquote>\n\n\n\n<div class=\"wp-block-image\"><figure class=\"alignleft is-resized\"><img loading=\"lazy\" src=\"http:\/\/www.uhu.es\/biblioteca\/labuhardilla\/wp-content\/uploads\/2019\/06\/ceramica-casa-sebastian-garcia-vazquez-1024x768.jpeg\" alt=\"\" class=\"wp-image-6873\" width=\"170\" height=\"127\" srcset=\"https:\/\/www.uhu.es\/biblioteca\/labuhardilla\/wp-content\/uploads\/2019\/06\/ceramica-casa-sebastian-garcia-vazquez-1024x768.jpeg 1024w, https:\/\/www.uhu.es\/biblioteca\/labuhardilla\/wp-content\/uploads\/2019\/06\/ceramica-casa-sebastian-garcia-vazquez-300x225.jpeg 300w, https:\/\/www.uhu.es\/biblioteca\/labuhardilla\/wp-content\/uploads\/2019\/06\/ceramica-casa-sebastian-garcia-vazquez-768x576.jpeg 768w, https:\/\/www.uhu.es\/biblioteca\/labuhardilla\/wp-content\/uploads\/2019\/06\/ceramica-casa-sebastian-garcia-vazquez.jpeg 1600w\" sizes=\"(max-width: 170px) 100vw, 170px\" \/><figcaption>asociacionherrerias.com<\/figcaption><\/figure><\/div>\n\n\n\n<p>Y comenzamos el recorrido para visitar\nsu obra. De su casa natal nos vamos a la calle de los Leones. Diversos cuadros\ndonados por diferentes personas propietarias nos esperan para mostrarnos la\nprimera etapa del pintor. Paisajes pueble\u00f1os, estampas t\u00edpicas y costumbristas\nson una ventana a lo que \u00e9l ve\u00eda en su infancia y juventud.<\/p>\n\n\n\n<div class=\"wp-block-image\"><figure class=\"alignright is-resized\"><img loading=\"lazy\" src=\"http:\/\/www.uhu.es\/biblioteca\/labuhardilla\/wp-content\/uploads\/2019\/06\/886aec97974bfa2601d0e43f1f1e17f0-plato-.jpg\" alt=\"Imagen sebastiangarciavazquez.es\" class=\"wp-image-6868\" width=\"200\" height=\"248\"\/><figcaption>sebastiangarciavazquez.es<\/figcaption><\/figure><\/div>\n\n\n\n<p>Al llegar a la Iglesia Parroquial, la fe\nse hace protagonista. La Virgen de la Pe\u00f1a, como no pod\u00eda ser de otro modo,\ninspira cada trazo, ya no solo con su imagen, sino representada en escenas\ndonde el rezo y la entrega se explican como si se tratara de la fotograf\u00eda de\nun sentimiento tan fuerte como lo es la fe para los creyentes.<\/p>\n\n\n\n<p>En la Huerta del Pilar, una de las\npropiedades m\u00e1s fascinantes del pueblo, todo resulta poco. Acompa\u00f1ando a la\nvisita guiada, dulces t\u00edpicos pueble\u00f1os llenan los platos que quedan vac\u00edos al\npoco tiempo. Todo el ambiente est\u00e1 cargado de tradici\u00f3n, y puede palparse el\norgullo con el que aquellas personas abren su casa para dar a conocer una parte\nde Sebasti\u00e1n Garc\u00eda.<\/p>\n\n\n\n<p>Nos dirigimos luego a la Pis\u00e1 del Potro\npara sorprendernos con la inmensa y maravillosa exhibici\u00f3n de r\u00e9plicas de\ncuadros del pintor realizadas por el alumnado de Primaria. Es inevitable que\nlas sonrisas asomen a los labios de quienes tenemos el gusto de estar all\u00ed.\nMagn\u00edfico trabajo el del profesorado homenajeando al artista dentro de sus\naulas. En ese momento pienso la ilusi\u00f3n que le habr\u00eda hecho a \u00e9l ver su obra a\ntrav\u00e9s de esos ojos infantiles.<\/p>\n\n\n\n<div class=\"wp-block-image\"><figure class=\"alignleft is-resized\"><img loading=\"lazy\" src=\"http:\/\/www.uhu.es\/biblioteca\/labuhardilla\/wp-content\/uploads\/2019\/06\/879b6ac2a9866cef93909df0fa0dd3ad-folklore-painters.jpg\" alt=\"Imagen sebastiangarciavazquez.es\" class=\"wp-image-6869\" width=\"175\" height=\"270\" srcset=\"https:\/\/www.uhu.es\/biblioteca\/labuhardilla\/wp-content\/uploads\/2019\/06\/879b6ac2a9866cef93909df0fa0dd3ad-folklore-painters.jpg 236w, https:\/\/www.uhu.es\/biblioteca\/labuhardilla\/wp-content\/uploads\/2019\/06\/879b6ac2a9866cef93909df0fa0dd3ad-folklore-painters-195x300.jpg 195w\" sizes=\"(max-width: 175px) 100vw, 175px\" \/><figcaption>sebastiangarciavazquez.es<\/figcaption><\/figure><\/div>\n\n\n\n<p>Tras recrearnos en tan tierna\nexhibici\u00f3n, caminamos hacia el colegio que lleva su nombre, el mismo en el que\nyo estudi\u00e9 y recib\u00ed gran parte de mi educaci\u00f3n primaria. Una enorme pintura de\nuna mujer tamizando harina siempre ha presidido el hall del edificio, pero no\nes hasta ahora que me doy cuenta del valor que tiene, de la inmensidad de esa\nobra no solo por su tama\u00f1o, sino por todo lo que representa. Sebasti\u00e1n Garc\u00eda\ndon\u00f3 dos cuadros al colegio que lleva su nombre, mostrando as\u00ed su\nagradecimiento por un reconocimiento de tal calibre.<\/p>\n\n\n\n<div class=\"wp-block-image\"><figure class=\"alignright is-resized\"><img loading=\"lazy\" src=\"http:\/\/www.uhu.es\/biblioteca\/labuhardilla\/wp-content\/uploads\/2019\/06\/phoca_thumb_m_34.jpg\" alt=\"\" class=\"wp-image-6882\" width=\"165\" height=\"206\"\/><figcaption>sebastiangarciavazquez.es<\/figcaption><\/figure><\/div>\n\n\n\n<p>Finalmente, acabamos en la Casa Grande,\nun para\u00edso particular. Se abre ante m\u00ed una nueva visi\u00f3n del artista a trav\u00e9s de\nim\u00e1genes que desconoc\u00eda, pinturas menos expuestas al p\u00fablico y que, sin duda,\nmuestran muchos m\u00e1s matices del hombre que era Sebasti\u00e1n Garc\u00eda: las juergas,\nel erotismo, los placeres mundanos\u2026 Todo ello sin perder el hilo conductor de\ntoda su obra: las costumbres y el entorno de este pueblo. Porque si hay algo\nque me queda claro es que \u00e9l amaba su pueblo y su gente por encima de todas las\ncosas, hecho que tambi\u00e9n puede apreciarse en su generosidad para con este municipio.<\/p>\n\n\n\n<div class=\"wp-block-image\"><figure class=\"aligncenter\"><img loading=\"lazy\" width=\"344\" height=\"146\" src=\"http:\/\/www.uhu.es\/biblioteca\/labuhardilla\/wp-content\/uploads\/2019\/06\/descarga-1-1.jpg\" alt=\"Imagen sebastiangarciavazquez.es\" class=\"wp-image-6870\" srcset=\"https:\/\/www.uhu.es\/biblioteca\/labuhardilla\/wp-content\/uploads\/2019\/06\/descarga-1-1.jpg 344w, https:\/\/www.uhu.es\/biblioteca\/labuhardilla\/wp-content\/uploads\/2019\/06\/descarga-1-1-300x127.jpg 300w\" sizes=\"(max-width: 344px) 100vw, 344px\" \/><figcaption>sebastiangarciavazquez.es<\/figcaption><\/figure><\/div>\n\n\n\n<p>Me aventuro a suponer lo duro que fue\npara nuestro pintor tener que dejar sus pinceles, en 1982, debido a sus\nproblemas en la vista. Me pregunto c\u00f3mo har\u00eda desde entonces para canalizar esa\nsensibilidad, ese amor que sent\u00eda hacia La Puebla y sus costumbres. Nunca lo\nsabr\u00e9. Pero hay algo que s\u00ed puedo afirmar con total certeza, y es que Puebla de\nGuzm\u00e1n y Minas de las Herrer\u00edas jam\u00e1s van a olvidarse de \u00e9l. Usted est\u00e1\npresente en la esencia de este municipio, Don Sebasti\u00e1n, ni\u00f1os y ni\u00f1as crecen en\nun colegio que lleva su nombre, pintan copias de sus cuadros y se nutren de su\nlegado. Usted no est\u00e1 muerto, sino que vive en las calles, en esas casas que\nconservan sus creaciones, en el proyecto de ese pr\u00f3ximo museo que abrir\u00e1n en\nHerrer\u00edas en su honor.<\/p>\n\n\n\n<p>Puede estar tranquilo, Don Sebasti\u00e1n, porque va a quedarse para siempre en nuestra memoria.&#8221; <\/p>\n\n\n\n<p class=\"has-text-color has-background has-medium-font-size has-very-light-gray-color has-vivid-cyan-blue-background-color\">Sebasti\u00e1n Garc\u00eda en la BUH:<\/p>\n\n\n\n<p><strong><strong><a href=\"http:\/\/columbus.uhu.es\/record=b1307648~S1*spi\">Sebasti\u00e1n<\/a><\/strong><a href=\"http:\/\/columbus.uhu.es\/record=b1307648~S1*spi\">&nbsp;<\/a><strong><a href=\"http:\/\/columbus.uhu.es\/record=b1307648~S1*spi\">Garc\u00eda<\/a><\/strong><a href=\"http:\/\/columbus.uhu.es\/record=b1307648~S1*spi\">&nbsp;<\/a><strong><a href=\"http:\/\/columbus.uhu.es\/record=b1307648~S1*spi\">V\u00e1zquez<\/a><\/strong><a href=\"http:\/\/columbus.uhu.es\/record=b1307648~S1*spi\">&nbsp;(1904-1989) : una retrospectiva<\/a><\/strong><\/p>\n\n\n\n<p><strong><a href=\"http:\/\/columbus.uhu.es\/record=b1369927~S1*spi\">El pino de la calle Larga<\/a> \/ Sebasti\u00e1n Garc\u00eda V\u00e1zquez <\/strong><\/p>\n\n\n\n<p><strong><a href=\"http:\/\/columbus.uhu.es\/record=b1680473~S1*spi\">De pintura y de G\u00e9uve \/ Sebasti\u00e1n Garc\u00eda V\u00e1zquez<\/a><\/strong><\/p>\n\n\n\n<p style=\"background-color:#3d4f78\" class=\"has-text-color has-background has-medium-font-size has-very-light-gray-color\">M\u00e1s sobre su vida y obra:  <a href=\"https:\/\/www.sebastiangarciavazquez.es\/\">sebastiangarciavazquez.es<\/a><\/p>\n","protected":false},"excerpt":{"rendered":"<p>Homenaje de Puebla de Guzm\u00e1n a Sebasti\u00e1n Garc\u00eda con motivo del 30 aniversario de su fallecimiento. Texto de Esperanza G\u00f3mez Harriero Sebasti\u00e1n Garc\u00eda &#8220;Es viernes, 10 de mayo de 2019. Son las seis de la tarde. Personas de todas las edades, naturales de Puebla de Guzm\u00e1n, se re\u00fanen alrededor de la puerta de entrada a&nbsp;<span class=\"excerpt_more\"><a href=\"https:\/\/www.uhu.es\/biblioteca\/labuhardilla\/?p=6861\">[Seguir leyendo&#8230;]<\/a><\/span><\/p>\n","protected":false},"author":4,"featured_media":6868,"comment_status":"open","ping_status":"open","sticky":true,"template":"","format":"standard","meta":{"_s2mail":"yes"},"categories":[6,5],"tags":[267,266,265],"_links":{"self":[{"href":"https:\/\/www.uhu.es\/biblioteca\/labuhardilla\/index.php?rest_route=\/wp\/v2\/posts\/6861"}],"collection":[{"href":"https:\/\/www.uhu.es\/biblioteca\/labuhardilla\/index.php?rest_route=\/wp\/v2\/posts"}],"about":[{"href":"https:\/\/www.uhu.es\/biblioteca\/labuhardilla\/index.php?rest_route=\/wp\/v2\/types\/post"}],"author":[{"embeddable":true,"href":"https:\/\/www.uhu.es\/biblioteca\/labuhardilla\/index.php?rest_route=\/wp\/v2\/users\/4"}],"replies":[{"embeddable":true,"href":"https:\/\/www.uhu.es\/biblioteca\/labuhardilla\/index.php?rest_route=%2Fwp%2Fv2%2Fcomments&post=6861"}],"version-history":[{"count":17,"href":"https:\/\/www.uhu.es\/biblioteca\/labuhardilla\/index.php?rest_route=\/wp\/v2\/posts\/6861\/revisions"}],"predecessor-version":[{"id":6887,"href":"https:\/\/www.uhu.es\/biblioteca\/labuhardilla\/index.php?rest_route=\/wp\/v2\/posts\/6861\/revisions\/6887"}],"wp:featuredmedia":[{"embeddable":true,"href":"https:\/\/www.uhu.es\/biblioteca\/labuhardilla\/index.php?rest_route=\/wp\/v2\/media\/6868"}],"wp:attachment":[{"href":"https:\/\/www.uhu.es\/biblioteca\/labuhardilla\/index.php?rest_route=%2Fwp%2Fv2%2Fmedia&parent=6861"}],"wp:term":[{"taxonomy":"category","embeddable":true,"href":"https:\/\/www.uhu.es\/biblioteca\/labuhardilla\/index.php?rest_route=%2Fwp%2Fv2%2Fcategories&post=6861"},{"taxonomy":"post_tag","embeddable":true,"href":"https:\/\/www.uhu.es\/biblioteca\/labuhardilla\/index.php?rest_route=%2Fwp%2Fv2%2Ftags&post=6861"}],"curies":[{"name":"wp","href":"https:\/\/api.w.org\/{rel}","templated":true}]}}